{"id":85129,"date":"2018-03-10T00:09:33","date_gmt":"2018-03-10T00:09:33","guid":{"rendered":"https:\/\/www.deberes.net\/tesis\/sin-categoria\/la-policromia-barroca-en-alava\/"},"modified":"2018-03-10T00:09:33","modified_gmt":"2018-03-10T00:09:33","slug":"la-policromia-barroca-en-alava","status":"publish","type":"post","link":"https:\/\/www.deberes.net\/tesis\/historia\/la-policromia-barroca-en-alava\/","title":{"rendered":"La policromia barroca en alava"},"content":{"rendered":"<h2>Tesis doctoral de <strong> Fernando Bartolome Garcia <\/strong><\/h2>\n<p>La tesis titulada la policromia barroca en alava es un trabajo in\u00e9dito y de gran proyecci\u00f3n ya que sus conclusiones son extrapolables a otros lugares de caracter\u00edsticas similares. Hemos analizado todo lo referente a la figura del pintor-dorador y su marco socialy profesional, adem\u00e1s de todo el proceso de contrataci\u00f3n de una obra de policrom\u00eda.  el cap\u00edtulo m\u00e1s importante es el dedicado a la policrom\u00eda en alava; en \u00e9l hemos profundizado ent res puntos fundamentales: los aspectos t\u00e9cnicos del proceso pol\u00edcromo, los modelos aronamentales empleados por nuestros maestros y la evoluci\u00f3n de la policrom\u00eda barroca con sus distintas fases y caracter\u00edsticas. Por \u00faltimo, hemos estudiado los principales talleres o centros de producci\u00f3n y la vida y obra de los m\u00e1s importantes pintores-doradores.<\/p>\n<p>&nbsp;<\/p>\n<h3>Datos acad\u00e9micos de la tesis doctoral \u00ab<strong>La policromia barroca en alava<\/strong>\u00ab<\/h3>\n<ul>\n<li><strong>T\u00edtulo de la tesis:<\/strong>\u00a0 La policromia barroca en alava <\/li>\n<li><strong>Autor:<\/strong>\u00a0 Fernando Bartolome Garcia <\/li>\n<li><strong>Universidad:<\/strong>\u00a0 Pa\u00eds vasco\/euskal herriko unibertsitatea<\/li>\n<li><strong>Fecha de lectura de la tesis:<\/strong>\u00a0 19\/06\/2000<\/li>\n<\/ul>\n<p>&nbsp;<\/p>\n<h3>Direcci\u00f3n y tribunal<\/h3>\n<ul>\n<li><strong>Director de la tesis<\/strong>\n<ul>\n<li> Velez Chaurri Jos\u00e9 Javier<\/li>\n<\/ul>\n<\/li>\n<li><strong>Tribunal<\/strong>\n<ul>\n<li>Presidente del tribunal: domingo Sanchez-mesa martin <\/li>\n<li> Bego\u00f1a azcarraga Ana de (vocal)<\/li>\n<li>concepcion Garcia gainza (vocal)<\/li>\n<li> Barrio loza Jos\u00e9 angel (vocal)<\/li>\n<\/ul>\n<\/li>\n<\/ul>\n<p>&nbsp;<\/p>\n","protected":false},"excerpt":{"rendered":"<p>Tesis doctoral de Fernando Bartolome Garcia La tesis titulada la policromia barroca en alava es un trabajo in\u00e9dito y de [&hellip;]<\/p>\n","protected":false},"author":1,"featured_media":0,"comment_status":"open","ping_status":"open","sticky":false,"template":"","format":"standard","meta":{"site-sidebar-layout":"default","site-content-layout":"","ast-site-content-layout":"","site-content-style":"default","site-sidebar-style":"default","ast-global-header-display":"","ast-banner-title-visibility":"","ast-main-header-display":"","ast-hfb-above-header-display":"","ast-hfb-below-header-display":"","ast-hfb-mobile-header-display":"","site-post-title":"","ast-breadcrumbs-content":"","ast-featured-img":"","footer-sml-layout":"","theme-transparent-header-meta":"","adv-header-id-meta":"","stick-header-meta":"","header-above-stick-meta":"","header-main-stick-meta":"","header-below-stick-meta":"","astra-migrate-meta-layouts":"default","ast-page-background-enabled":"default","ast-page-background-meta":{"desktop":{"background-color":"var(--ast-global-color-4)","background-image":"","background-repeat":"repeat","background-position":"center center","background-size":"auto","background-attachment":"scroll","background-type":"","background-media":"","overlay-type":"","overlay-color":"","overlay-gradient":""},"tablet":{"background-color":"","background-image":"","background-repeat":"repeat","background-position":"center center","background-size":"auto","background-attachment":"scroll","background-type":"","background-media":"","overlay-type":"","overlay-color":"","overlay-gradient":""},"mobile":{"background-color":"","background-image":"","background-repeat":"repeat","background-position":"center center","background-size":"auto","background-attachment":"scroll","background-type":"","background-media":"","overlay-type":"","overlay-color":"","overlay-gradient":""}},"ast-content-background-meta":{"desktop":{"background-color":"var(--ast-global-color-5)","background-image":"","background-repeat":"repeat","background-position":"center center","background-size":"auto","background-attachment":"scroll","background-type":"","background-media":"","overlay-type":"","overlay-color":"","overlay-gradient":""},"tablet":{"background-color":"var(--ast-global-color-5)","background-image":"","background-repeat":"repeat","background-position":"center center","background-size":"auto","background-attachment":"scroll","background-type":"","background-media":"","overlay-type":"","overlay-color":"","overlay-gradient":""},"mobile":{"background-color":"var(--ast-global-color-5)","background-image":"","background-repeat":"repeat","background-position":"center center","background-size":"auto","background-attachment":"scroll","background-type":"","background-media":"","overlay-type":"","overlay-color":"","overlay-gradient":""}},"footnotes":""},"categories":[104,1014,222,12909],"tags":[28553,28155,12862,2078,179429,162403],"class_list":["post-85129","post","type-post","status-publish","format-standard","hentry","category-historia","category-historia-del-arte","category-historias-especializadas","category-pais-vasco-euskal-herriko-unibertsitatea","tag-barrio-loza-jose-angel","tag-begona-azcarraga-ana-de","tag-concepcion-garcia-gainza","tag-domingo-sanchez-mesa-martin","tag-fernando-bartolome-garcia","tag-velez-chaurri-jose-javier"],"_links":{"self":[{"href":"https:\/\/www.deberes.net\/tesis\/wp-json\/wp\/v2\/posts\/85129","targetHints":{"allow":["GET"]}}],"collection":[{"href":"https:\/\/www.deberes.net\/tesis\/wp-json\/wp\/v2\/posts"}],"about":[{"href":"https:\/\/www.deberes.net\/tesis\/wp-json\/wp\/v2\/types\/post"}],"author":[{"embeddable":true,"href":"https:\/\/www.deberes.net\/tesis\/wp-json\/wp\/v2\/users\/1"}],"replies":[{"embeddable":true,"href":"https:\/\/www.deberes.net\/tesis\/wp-json\/wp\/v2\/comments?post=85129"}],"version-history":[{"count":0,"href":"https:\/\/www.deberes.net\/tesis\/wp-json\/wp\/v2\/posts\/85129\/revisions"}],"wp:attachment":[{"href":"https:\/\/www.deberes.net\/tesis\/wp-json\/wp\/v2\/media?parent=85129"}],"wp:term":[{"taxonomy":"category","embeddable":true,"href":"https:\/\/www.deberes.net\/tesis\/wp-json\/wp\/v2\/categories?post=85129"},{"taxonomy":"post_tag","embeddable":true,"href":"https:\/\/www.deberes.net\/tesis\/wp-json\/wp\/v2\/tags?post=85129"}],"curies":[{"name":"wp","href":"https:\/\/api.w.org\/{rel}","templated":true}]}}