{"id":85130,"date":"2018-03-10T00:09:33","date_gmt":"2018-03-10T00:09:33","guid":{"rendered":"https:\/\/www.deberes.net\/tesis\/sin-categoria\/incidencia-de-la-contaminacion-atmosferica-y-meteorologia-en-asma-infantil-y-patologia-bronquial-obstructiva-en-adultos\/"},"modified":"2018-03-10T00:09:33","modified_gmt":"2018-03-10T00:09:33","slug":"incidencia-de-la-contaminacion-atmosferica-y-meteorologia-en-asma-infantil-y-patologia-bronquial-obstructiva-en-adultos","status":"publish","type":"post","link":"https:\/\/www.deberes.net\/tesis\/ciencias-medicas\/incidencia-de-la-contaminacion-atmosferica-y-meteorologia-en-asma-infantil-y-patologia-bronquial-obstructiva-en-adultos\/","title":{"rendered":"Incidencia de la contaminacion atmosferica y meteorolog\u00eda en asma infantil y patolog\u00eda bronquial obstructiva en adultos"},"content":{"rendered":"<h2>Tesis doctoral de <strong>  Uria Serrano Francisco Javier <\/strong><\/h2>\n<p>Este estudio trata de establecer asociaciones entre los indicadores de salud(admisiones por urgencias en el hospital de basurto, bilbao, por asma infantil y patolog\u00edas bronquiales obstructivas en adultos), los contaminantes atmosfericos m\u00e1s importantes(di\u00f3xido de azufre, part\u00edculas en suspensi\u00f3n, mon\u00f3xido de carbono, di\u00f3xido de nitr\u00f3geno, \u00f3xidos de nitr\u00f3geno totales, ozono, hidrocarburos y polen), los principales factores meteorol\u00f3gicos(temperatura media, inversi\u00f3n de temperatura, humedad relativa, presi\u00f3n atmosf\u00e9rica, radiaci\u00f3n solar, lluvia y viento) y variables temporales y estacionales en fechas comprendidas entre 1 de enero de 1993 y 31 de diciembre de 1995. las admisiones diarias totalizaron 5144 casos de asma infantil y 3678 casos de patolog\u00edas obstructivas bronquiales de adultos.  al estudio bibliogr\u00e1fico sobre el tema,sigue la exposici\u00f3n de la metodolog\u00eda empleada para la recogida y tratamiento de datos y que supuso la obtenci\u00f3n de valores medios diarios de los par\u00e1metros del estudio y su tratamiento mediante t\u00e9cnicas estad\u00edsticas convencionales y multivariantes(en especial an\u00e1lisis cl\u00faster y regresi\u00f3n lineal m\u00faltiple) y su presentaci\u00f3n en forma de tablas o de gr\u00e1ficos. El cap\u00edtulo de resultados incluye un an\u00e1lisis de los valores de los par\u00e1metros del estudio, desde el punto de vista de su evoluci\u00f3n temporal, el estudio de nuevos indicadores de salud para tener en cuenta el posible efecto del retardo o de la acumulaci\u00f3n en la acci\u00f3n de los contaminantes, y la aplicaci\u00f3n de las t\u00e9cnicas estad\u00edsticas con las que se encuentran asociaciones generales de los indicadores de salud, con los par\u00e1metros del estudio, asi como asociaciones en casos particulares, sobre todo para valores de riesgo de los contaminantes y situaciones metorol\u00f3gicas especiales.  como consideraciones finales se incluye previsiones de los indicadores de salud basadas en variables temporales y\/o en los datos de los dos primeros<\/p>\n<p>&nbsp;<\/p>\n<h3>Datos acad\u00e9micos de la tesis doctoral \u00ab<strong>Incidencia de la contaminacion atmosferica y meteorolog\u00eda en asma infantil y patolog\u00eda bronquial obstructiva en adultos<\/strong>\u00ab<\/h3>\n<ul>\n<li><strong>T\u00edtulo de la tesis:<\/strong>\u00a0 Incidencia de la contaminacion atmosferica y meteorolog\u00eda en asma infantil y patolog\u00eda bronquial obstructiva en adultos <\/li>\n<li><strong>Autor:<\/strong>\u00a0  Uria Serrano Francisco Javier <\/li>\n<li><strong>Universidad:<\/strong>\u00a0 Pa\u00eds vasco\/euskal herriko unibertsitatea<\/li>\n<li><strong>Fecha de lectura de la tesis:<\/strong>\u00a0 19\/06\/2000<\/li>\n<\/ul>\n<p>&nbsp;<\/p>\n<h3>Direcci\u00f3n y tribunal<\/h3>\n<ul>\n<li><strong>Director de la tesis<\/strong>\n<ul>\n<li>Fernando Romero Rossi<\/li>\n<\/ul>\n<\/li>\n<li><strong>Tribunal<\/strong>\n<ul>\n<li>Presidente del tribunal: Juan  andres Legarreta fernandez <\/li>\n<li>ignacio Antepara ercoreca (vocal)<\/li>\n<li>joaquin Sanchis aldas (vocal)<\/li>\n<li>victor Sobradillo pe\u00f1a (vocal)<\/li>\n<\/ul>\n<\/li>\n<\/ul>\n<p>&nbsp;<\/p>\n","protected":false},"excerpt":{"rendered":"<p>Tesis doctoral de Uria Serrano Francisco Javier Este estudio trata de establecer asociaciones entre los indicadores de salud(admisiones por urgencias [&hellip;]<\/p>\n","protected":false},"author":1,"featured_media":0,"comment_status":"open","ping_status":"open","sticky":false,"template":"","format":"standard","meta":{"site-sidebar-layout":"default","site-content-layout":"","ast-site-content-layout":"","site-content-style":"default","site-sidebar-style":"default","ast-global-header-display":"","ast-banner-title-visibility":"","ast-main-header-display":"","ast-hfb-above-header-display":"","ast-hfb-below-header-display":"","ast-hfb-mobile-header-display":"","site-post-title":"","ast-breadcrumbs-content":"","ast-featured-img":"","footer-sml-layout":"","theme-transparent-header-meta":"","adv-header-id-meta":"","stick-header-meta":"","header-above-stick-meta":"","header-main-stick-meta":"","header-below-stick-meta":"","astra-migrate-meta-layouts":"default","ast-page-background-enabled":"default","ast-page-background-meta":{"desktop":{"background-color":"var(--ast-global-color-4)","background-image":"","background-repeat":"repeat","background-position":"center center","background-size":"auto","background-attachment":"scroll","background-type":"","background-media":"","overlay-type":"","overlay-color":"","overlay-gradient":""},"tablet":{"background-color":"","background-image":"","background-repeat":"repeat","background-position":"center center","background-size":"auto","background-attachment":"scroll","background-type":"","background-media":"","overlay-type":"","overlay-color":"","overlay-gradient":""},"mobile":{"background-color":"","background-image":"","background-repeat":"repeat","background-position":"center center","background-size":"auto","background-attachment":"scroll","background-type":"","background-media":"","overlay-type":"","overlay-color":"","overlay-gradient":""}},"ast-content-background-meta":{"desktop":{"background-color":"var(--ast-global-color-5)","background-image":"","background-repeat":"repeat","background-position":"center center","background-size":"auto","background-attachment":"scroll","background-type":"","background-media":"","overlay-type":"","overlay-color":"","overlay-gradient":""},"tablet":{"background-color":"var(--ast-global-color-5)","background-image":"","background-repeat":"repeat","background-position":"center center","background-size":"auto","background-attachment":"scroll","background-type":"","background-media":"","overlay-type":"","overlay-color":"","overlay-gradient":""},"mobile":{"background-color":"var(--ast-global-color-5)","background-image":"","background-repeat":"repeat","background-position":"center center","background-size":"auto","background-attachment":"scroll","background-type":"","background-media":"","overlay-type":"","overlay-color":"","overlay-gradient":""}},"footnotes":""},"categories":[3148,9,332,1477,12888,1333,126,12909,967],"tags":[13016,179431,11556,11011,179430,8324],"class_list":["post-85130","post","type-post","status-publish","format-standard","hentry","category-analisis-multivariante","category-ciencias-medicas","category-ciencias-tecnologicas","category-estadistica","category-ingenieria-de-la-contaminacion","category-ingenieria-y-tecnologia-del-medio-ambiente","category-matematicas","category-pais-vasco-euskal-herriko-unibertsitatea","category-salud-publica","tag-fernando-romero-rossi","tag-ignacio-antepara-ercoreca","tag-joaquin-sanchis-aldas","tag-juan-andres-legarreta-fernandez","tag-uria-serrano-francisco-javier","tag-victor-sobradillo-pena"],"_links":{"self":[{"href":"https:\/\/www.deberes.net\/tesis\/wp-json\/wp\/v2\/posts\/85130","targetHints":{"allow":["GET"]}}],"collection":[{"href":"https:\/\/www.deberes.net\/tesis\/wp-json\/wp\/v2\/posts"}],"about":[{"href":"https:\/\/www.deberes.net\/tesis\/wp-json\/wp\/v2\/types\/post"}],"author":[{"embeddable":true,"href":"https:\/\/www.deberes.net\/tesis\/wp-json\/wp\/v2\/users\/1"}],"replies":[{"embeddable":true,"href":"https:\/\/www.deberes.net\/tesis\/wp-json\/wp\/v2\/comments?post=85130"}],"version-history":[{"count":0,"href":"https:\/\/www.deberes.net\/tesis\/wp-json\/wp\/v2\/posts\/85130\/revisions"}],"wp:attachment":[{"href":"https:\/\/www.deberes.net\/tesis\/wp-json\/wp\/v2\/media?parent=85130"}],"wp:term":[{"taxonomy":"category","embeddable":true,"href":"https:\/\/www.deberes.net\/tesis\/wp-json\/wp\/v2\/categories?post=85130"},{"taxonomy":"post_tag","embeddable":true,"href":"https:\/\/www.deberes.net\/tesis\/wp-json\/wp\/v2\/tags?post=85130"}],"curies":[{"name":"wp","href":"https:\/\/api.w.org\/{rel}","templated":true}]}}