{"id":85162,"date":"2018-03-10T00:09:33","date_gmt":"2018-03-10T00:09:33","guid":{"rendered":"https:\/\/www.deberes.net\/tesis\/sin-categoria\/las-divisiones-regionales-y-el-mapa-autonomico-de-espana-1812-1983\/"},"modified":"2018-03-10T00:09:33","modified_gmt":"2018-03-10T00:09:33","slug":"las-divisiones-regionales-y-el-mapa-autonomico-de-espana-1812-1983","status":"publish","type":"post","link":"https:\/\/www.deberes.net\/tesis\/historia\/las-divisiones-regionales-y-el-mapa-autonomico-de-espana-1812-1983\/","title":{"rendered":"Las divisiones regionales y el mapa auton\u00f3mico de espa\u00f1a (1812-1983)"},"content":{"rendered":"<h2>Tesis doctoral de <strong> Jacobo Garcia Alvarez <\/strong><\/h2>\n<p>Se estudian, desde una \u00f3ptica geohist\u00f3rica, los hitos y claves que determinaron la formaci\u00f3n del vigente mapa politico de espa\u00f1a. Los hitos examinados son cuatro:1)la formaci\u00f3n del mapa de las regiones hist\u00f3ricas; 2) la divisi\u00f3n provincial de 1833; 3) las divisiones regionales de espa\u00f1a planteadasa con car\u00e1cter didactico y\/o cientifico, en especial por parte de los ge\u00f3grafos, entre 1833 y 1975; 4)la formaci\u00f3n del mapa de las comunidades auton\u00f3mas (1975-1983).  la investigaci\u00f3n incorpora y ensaya algunos de los planteamientos te\u00f3ricos y metodol\u00f3gicos desarrollados durante los dos \u00faltimos decenios, particularmente desde \u00abla nueva geografia regional politico-cultural\u00bb, como tambien desde la historia y la ciencia pol\u00edtica, en relaci\u00f3n con los procesos de construcci\u00f3n regional y nacional, las ideolog\u00edas y las identidades de tipo territorial. en cada uno de los histos estudiados se presta especial atenci\u00f3n a las relaciones entre la evoluci\u00f3n del pensamiento geogr\u00e1fico regional(sobre todo de sus formasa de representar y describir la diversidad regional de espa\u00f1a) y la de las pol\u00edticas y discursos relativos a la divisi\u00f3n politico-territorial del estado. El estudio de los criterios y debates que condujeron,durante los primeros a\u00f1os de la transici\u00f3n a la democracia, a la vigente divisi\u00f3n en comunidades aut\u00f3nomas, asi como de las principales pol\u00e9micas territoriales que se suscitaron, contituye la parte central de la investigaci\u00f3n.<\/p>\n<p>&nbsp;<\/p>\n<h3>Datos acad\u00e9micos de la tesis doctoral \u00ab<strong>Las divisiones regionales y el mapa auton\u00f3mico de espa\u00f1a (1812-1983)<\/strong>\u00ab<\/h3>\n<ul>\n<li><strong>T\u00edtulo de la tesis:<\/strong>\u00a0 Las divisiones regionales y el mapa auton\u00f3mico de espa\u00f1a (1812-1983) <\/li>\n<li><strong>Autor:<\/strong>\u00a0 Jacobo Garcia Alvarez <\/li>\n<li><strong>Universidad:<\/strong>\u00a0 Aut\u00f3noma de Madrid<\/li>\n<li><strong>Fecha de lectura de la tesis:<\/strong>\u00a0 20\/06\/2000<\/li>\n<\/ul>\n<p>&nbsp;<\/p>\n<h3>Direcci\u00f3n y tribunal<\/h3>\n<ul>\n<li><strong>Director de la tesis<\/strong>\n<ul>\n<li>Josefina Gomez Mendoza<\/li>\n<\/ul>\n<\/li>\n<li><strong>Tribunal<\/strong>\n<ul>\n<li>Presidente del tribunal: nicolas Ortega cantero <\/li>\n<li>Francisco Quiros linares (vocal)<\/li>\n<li>Francisco Rubio llorente (vocal)<\/li>\n<li>Juan  pablo Fusi aizpurua (vocal)<\/li>\n<\/ul>\n<\/li>\n<\/ul>\n<p>&nbsp;<\/p>\n","protected":false},"excerpt":{"rendered":"<p>Tesis doctoral de Jacobo Garcia Alvarez Se estudian, desde una \u00f3ptica geohist\u00f3rica, los hitos y claves que determinaron la formaci\u00f3n [&hellip;]<\/p>\n","protected":false},"author":1,"featured_media":0,"comment_status":"open","ping_status":"open","sticky":false,"template":"","format":"standard","meta":{"site-sidebar-layout":"default","site-content-layout":"","ast-site-content-layout":"","site-content-style":"default","site-sidebar-style":"default","ast-global-header-display":"","ast-banner-title-visibility":"","ast-main-header-display":"","ast-hfb-above-header-display":"","ast-hfb-below-header-display":"","ast-hfb-mobile-header-display":"","site-post-title":"","ast-breadcrumbs-content":"","ast-featured-img":"","footer-sml-layout":"","theme-transparent-header-meta":"","adv-header-id-meta":"","stick-header-meta":"","header-above-stick-meta":"","header-main-stick-meta":"","header-below-stick-meta":"","astra-migrate-meta-layouts":"default","ast-page-background-enabled":"default","ast-page-background-meta":{"desktop":{"background-color":"var(--ast-global-color-4)","background-image":"","background-repeat":"repeat","background-position":"center center","background-size":"auto","background-attachment":"scroll","background-type":"","background-media":"","overlay-type":"","overlay-color":"","overlay-gradient":""},"tablet":{"background-color":"","background-image":"","background-repeat":"repeat","background-position":"center center","background-size":"auto","background-attachment":"scroll","background-type":"","background-media":"","overlay-type":"","overlay-color":"","overlay-gradient":""},"mobile":{"background-color":"","background-image":"","background-repeat":"repeat","background-position":"center center","background-size":"auto","background-attachment":"scroll","background-type":"","background-media":"","overlay-type":"","overlay-color":"","overlay-gradient":""}},"ast-content-background-meta":{"desktop":{"background-color":"var(--ast-global-color-5)","background-image":"","background-repeat":"repeat","background-position":"center center","background-size":"auto","background-attachment":"scroll","background-type":"","background-media":"","overlay-type":"","overlay-color":"","overlay-gradient":""},"tablet":{"background-color":"var(--ast-global-color-5)","background-image":"","background-repeat":"repeat","background-position":"center center","background-size":"auto","background-attachment":"scroll","background-type":"","background-media":"","overlay-type":"","overlay-color":"","overlay-gradient":""},"mobile":{"background-color":"var(--ast-global-color-5)","background-image":"","background-repeat":"repeat","background-position":"center center","background-size":"auto","background-attachment":"scroll","background-type":"","background-media":"","overlay-type":"","overlay-color":"","overlay-gradient":""}},"footnotes":""},"categories":[1399,16127,3090,104,1816,639,220],"tags":[16699,9367,179479,14951,6662,15329],"class_list":["post-85162","post","type-post","status-publish","format-standard","hentry","category-geografia","category-geografia-historica","category-geografia-regional","category-historia","category-historia-contemporanea","category-historia-de-paises","category-historia-por-epocas","tag-francisco-quiros-linares","tag-francisco-rubio-llorente","tag-jacobo-garcia-alvarez","tag-josefina-gomez-mendoza","tag-juan-pablo-fusi-aizpurua","tag-nicolas-ortega-cantero"],"_links":{"self":[{"href":"https:\/\/www.deberes.net\/tesis\/wp-json\/wp\/v2\/posts\/85162","targetHints":{"allow":["GET"]}}],"collection":[{"href":"https:\/\/www.deberes.net\/tesis\/wp-json\/wp\/v2\/posts"}],"about":[{"href":"https:\/\/www.deberes.net\/tesis\/wp-json\/wp\/v2\/types\/post"}],"author":[{"embeddable":true,"href":"https:\/\/www.deberes.net\/tesis\/wp-json\/wp\/v2\/users\/1"}],"replies":[{"embeddable":true,"href":"https:\/\/www.deberes.net\/tesis\/wp-json\/wp\/v2\/comments?post=85162"}],"version-history":[{"count":0,"href":"https:\/\/www.deberes.net\/tesis\/wp-json\/wp\/v2\/posts\/85162\/revisions"}],"wp:attachment":[{"href":"https:\/\/www.deberes.net\/tesis\/wp-json\/wp\/v2\/media?parent=85162"}],"wp:term":[{"taxonomy":"category","embeddable":true,"href":"https:\/\/www.deberes.net\/tesis\/wp-json\/wp\/v2\/categories?post=85162"},{"taxonomy":"post_tag","embeddable":true,"href":"https:\/\/www.deberes.net\/tesis\/wp-json\/wp\/v2\/tags?post=85162"}],"curies":[{"name":"wp","href":"https:\/\/api.w.org\/{rel}","templated":true}]}}