{"id":85236,"date":"2018-03-10T00:09:41","date_gmt":"2018-03-10T00:09:41","guid":{"rendered":"https:\/\/www.deberes.net\/tesis\/sin-categoria\/el-traje-como-reflejo-de-lo-femenino-evolucion-y-significado-madrid-1898-1915\/"},"modified":"2018-03-10T00:09:41","modified_gmt":"2018-03-10T00:09:41","slug":"el-traje-como-reflejo-de-lo-femenino-evolucion-y-significado-madrid-1898-1915","status":"publish","type":"post","link":"https:\/\/www.deberes.net\/tesis\/ciencias-de-las-artes-y-las-letras\/el-traje-como-reflejo-de-lo-femenino-evolucion-y-significado-madrid-1898-1915\/","title":{"rendered":"El traje como reflejo de lo femenino. evolucion y significado. Madrid 1898-1915,"},"content":{"rendered":"<h2>Tesis doctoral de <strong> Mercedes Pasalodos Salgado <\/strong><\/h2>\n<p>Con esta investigaci\u00f3n hemos pretendido abordar el estudio de la indumentraria femenina entre 1898 y 1915. En primer lugar, los aspectos relacionados con la formaci\u00f3n intelectual de la mujer, sus ocupaciones y el peso de la etiqueta han ocupado nuestro inter\u00e9s, para resaltar qu\u00e9 relaci\u00f3n pod\u00edamos establecer entre estos aspectos y la evoluci\u00f3n del traje femenino.  nos hemos ocupado, al mismo tiempo, de definir el concepto de moda, junto a otros como el de elegancia, decoro e higiene en relaci\u00f3ncon el traje. Otro apartado en el que hemos dividido este trabajos e centra enla determinaci\u00f3n de las prendas que cosntituyeron el ropero femenino, c\u00f3mo han ido evollucionando y qu\u00e9 significaci\u00f3n intr\u00ednseca tuvieron.  mereceida atenci\u00f3n hemos concedido a los modistas y modistos madrile\u00f1os que se ocuparon de satisfacer los deseos de las damas m\u00e1s representativas de la socidad. Por \u00faltimo, nuestro estudio se completa conun cat\u00e1logo de peizas, donde analizamos pormenorizadamente los particularismos de cada una de ellas.<\/p>\n<p>&nbsp;<\/p>\n<h3>Datos acad\u00e9micos de la tesis doctoral \u00ab<strong>El traje como reflejo de lo femenino. evolucion y significado. Madrid 1898-1915,<\/strong>\u00ab<\/h3>\n<ul>\n<li><strong>T\u00edtulo de la tesis:<\/strong>\u00a0 El traje como reflejo de lo femenino. evolucion y significado. Madrid 1898-1915, <\/li>\n<li><strong>Autor:<\/strong>\u00a0 Mercedes Pasalodos Salgado <\/li>\n<li><strong>Universidad:<\/strong>\u00a0 Complutense de Madrid<\/li>\n<li><strong>Fecha de lectura de la tesis:<\/strong>\u00a0 23\/06\/2000<\/li>\n<\/ul>\n<p>&nbsp;<\/p>\n<h3>Direcci\u00f3n y tribunal<\/h3>\n<ul>\n<li><strong>Director de la tesis<\/strong>\n<ul>\n<li>Jos\u00e9 Manuel Cruz Valdovinos<\/li>\n<\/ul>\n<\/li>\n<li><strong>Tribunal<\/strong>\n<ul>\n<li>Presidente del tribunal: Carlos P\u00e9rez reyes <\/li>\n<li>francesc Fontbona de vallescar (vocal)<\/li>\n<li> Garcia de carpi lucia (vocal)<\/li>\n<li>albert Arnavat carballido (vocal)<\/li>\n<\/ul>\n<\/li>\n<\/ul>\n<p>&nbsp;<\/p>\n","protected":false},"excerpt":{"rendered":"<p>Tesis doctoral de Mercedes Pasalodos Salgado Con esta investigaci\u00f3n hemos pretendido abordar el estudio de la indumentraria femenina entre 1898 [&hellip;]<\/p>\n","protected":false},"author":1,"featured_media":0,"comment_status":"open","ping_status":"open","sticky":false,"template":"","format":"standard","meta":{"site-sidebar-layout":"default","site-content-layout":"","ast-site-content-layout":"","site-content-style":"default","site-sidebar-style":"default","ast-global-header-display":"","ast-banner-title-visibility":"","ast-main-header-display":"","ast-hfb-above-header-display":"","ast-hfb-below-header-display":"","ast-hfb-mobile-header-display":"","site-post-title":"","ast-breadcrumbs-content":"","ast-featured-img":"","footer-sml-layout":"","theme-transparent-header-meta":"","adv-header-id-meta":"","stick-header-meta":"","header-above-stick-meta":"","header-main-stick-meta":"","header-below-stick-meta":"","astra-migrate-meta-layouts":"default","ast-page-background-enabled":"default","ast-page-background-meta":{"desktop":{"background-color":"var(--ast-global-color-4)","background-image":"","background-repeat":"repeat","background-position":"center center","background-size":"auto","background-attachment":"scroll","background-type":"","background-media":"","overlay-type":"","overlay-color":"","overlay-gradient":""},"tablet":{"background-color":"","background-image":"","background-repeat":"repeat","background-position":"center center","background-size":"auto","background-attachment":"scroll","background-type":"","background-media":"","overlay-type":"","overlay-color":"","overlay-gradient":""},"mobile":{"background-color":"","background-image":"","background-repeat":"repeat","background-position":"center center","background-size":"auto","background-attachment":"scroll","background-type":"","background-media":"","overlay-type":"","overlay-color":"","overlay-gradient":""}},"ast-content-background-meta":{"desktop":{"background-color":"var(--ast-global-color-5)","background-image":"","background-repeat":"repeat","background-position":"center center","background-size":"auto","background-attachment":"scroll","background-type":"","background-media":"","overlay-type":"","overlay-color":"","overlay-gradient":""},"tablet":{"background-color":"var(--ast-global-color-5)","background-image":"","background-repeat":"repeat","background-position":"center center","background-size":"auto","background-attachment":"scroll","background-type":"","background-media":"","overlay-type":"","overlay-color":"","overlay-gradient":""},"mobile":{"background-color":"var(--ast-global-color-5)","background-image":"","background-repeat":"repeat","background-position":"center center","background-size":"auto","background-attachment":"scroll","background-type":"","background-media":"","overlay-type":"","overlay-color":"","overlay-gradient":""}},"footnotes":""},"categories":[681,983,147,1111,54167],"tags":[179591,5816,5606,37466,24188,179590],"class_list":["post-85236","post","type-post","status-publish","format-standard","hentry","category-antropologia","category-antropologia-cultural","category-ciencias-de-las-artes-y-las-letras","category-teoria-analisis-y-critica-de-las-bellas-artes","category-vestidos","tag-albert-arnavat-carballido","tag-carlos-perez-reyes","tag-francesc-fontbona-de-vallescar","tag-garcia-de-carpi-lucia","tag-jose-manuel-cruz-valdovinos","tag-mercedes-pasalodos-salgado"],"_links":{"self":[{"href":"https:\/\/www.deberes.net\/tesis\/wp-json\/wp\/v2\/posts\/85236","targetHints":{"allow":["GET"]}}],"collection":[{"href":"https:\/\/www.deberes.net\/tesis\/wp-json\/wp\/v2\/posts"}],"about":[{"href":"https:\/\/www.deberes.net\/tesis\/wp-json\/wp\/v2\/types\/post"}],"author":[{"embeddable":true,"href":"https:\/\/www.deberes.net\/tesis\/wp-json\/wp\/v2\/users\/1"}],"replies":[{"embeddable":true,"href":"https:\/\/www.deberes.net\/tesis\/wp-json\/wp\/v2\/comments?post=85236"}],"version-history":[{"count":0,"href":"https:\/\/www.deberes.net\/tesis\/wp-json\/wp\/v2\/posts\/85236\/revisions"}],"wp:attachment":[{"href":"https:\/\/www.deberes.net\/tesis\/wp-json\/wp\/v2\/media?parent=85236"}],"wp:term":[{"taxonomy":"category","embeddable":true,"href":"https:\/\/www.deberes.net\/tesis\/wp-json\/wp\/v2\/categories?post=85236"},{"taxonomy":"post_tag","embeddable":true,"href":"https:\/\/www.deberes.net\/tesis\/wp-json\/wp\/v2\/tags?post=85236"}],"curies":[{"name":"wp","href":"https:\/\/api.w.org\/{rel}","templated":true}]}}