{"id":85244,"date":"2018-03-10T00:09:41","date_gmt":"2018-03-10T00:09:41","guid":{"rendered":"https:\/\/www.deberes.net\/tesis\/sin-categoria\/variables-predictoras-del-estatus-laboral-de-los-jovenes-andaluces\/"},"modified":"2018-03-10T00:09:41","modified_gmt":"2018-03-10T00:09:41","slug":"variables-predictoras-del-estatus-laboral-de-los-jovenes-andaluces","status":"publish","type":"post","link":"https:\/\/www.deberes.net\/tesis\/psicologia\/variables-predictoras-del-estatus-laboral-de-los-jovenes-andaluces\/","title":{"rendered":"Variables predictoras del estatus laboral de los j\u00f3venes andaluces"},"content":{"rendered":"<h2>Tesis doctoral de <strong> M. Reyes Bueno Moreno <\/strong><\/h2>\n<p>En el desempleo, uno de los problemas m\u00e1s acuciantes en la sociedad andaluza de la d\u00e9cada de los 90 y comienzo de 2000, en especial entre los j\u00f3venes, intervienen variables macroeconomicas, persovales y psicosicidos. sin embargo las tentantivas de soluci\u00f3nde este problema. Han ovidado que las caracter\u00edsticas psicoosicales d elos individudos pueden ser relevantes a la hora de prodecir su situaci\u00f3nlaboral.  este estudio poretende aportar datos acerca de la idaci\u00f3n entre el perfil psicosocial y el significado del trabajo con la situaci\u00f3n laboral de las personas. Sus resultados suponen datos de relevante valor para el dise\u00f1o de las pol\u00edticas encargadas de garantizar el derecho a un trabajo digno, recogido en la cosntituci\u00f3n espa\u00f1ola.<\/p>\n<p>&nbsp;<\/p>\n<h3>Datos acad\u00e9micos de la tesis doctoral \u00ab<strong>Variables predictoras del estatus laboral de los j\u00f3venes andaluces<\/strong>\u00ab<\/h3>\n<ul>\n<li><strong>T\u00edtulo de la tesis:<\/strong>\u00a0 Variables predictoras del estatus laboral de los j\u00f3venes andaluces <\/li>\n<li><strong>Autor:<\/strong>\u00a0 M. Reyes Bueno Moreno <\/li>\n<li><strong>Universidad:<\/strong>\u00a0 Sevilla<\/li>\n<li><strong>Fecha de lectura de la tesis:<\/strong>\u00a0 23\/06\/2000<\/li>\n<\/ul>\n<p>&nbsp;<\/p>\n<h3>Direcci\u00f3n y tribunal<\/h3>\n<ul>\n<li><strong>Director de la tesis<\/strong>\n<ul>\n<li>Manuel Mar\u00edn S\u00e1nchez<\/li>\n<\/ul>\n<\/li>\n<li><strong>Tribunal<\/strong>\n<ul>\n<li>Presidente del tribunal:  Torregrosa peris Jos\u00e9 ramon <\/li>\n<li>silverio Barrgia jimenez (vocal)<\/li>\n<li>florencio Jim\u00e9nez burillo (vocal)<\/li>\n<li> Arias verande m. angeles (vocal)<\/li>\n<\/ul>\n<\/li>\n<\/ul>\n<p>&nbsp;<\/p>\n","protected":false},"excerpt":{"rendered":"<p>Tesis doctoral de M. Reyes Bueno Moreno En el desempleo, uno de los problemas m\u00e1s acuciantes en la sociedad andaluza [&hellip;]<\/p>\n","protected":false},"author":1,"featured_media":0,"comment_status":"open","ping_status":"open","sticky":false,"template":"","format":"standard","meta":{"site-sidebar-layout":"default","site-content-layout":"","ast-site-content-layout":"","site-content-style":"default","site-sidebar-style":"default","ast-global-header-display":"","ast-banner-title-visibility":"","ast-main-header-display":"","ast-hfb-above-header-display":"","ast-hfb-below-header-display":"","ast-hfb-mobile-header-display":"","site-post-title":"","ast-breadcrumbs-content":"","ast-featured-img":"","footer-sml-layout":"","theme-transparent-header-meta":"","adv-header-id-meta":"","stick-header-meta":"","header-above-stick-meta":"","header-main-stick-meta":"","header-below-stick-meta":"","astra-migrate-meta-layouts":"default","ast-page-background-enabled":"default","ast-page-background-meta":{"desktop":{"background-color":"var(--ast-global-color-4)","background-image":"","background-repeat":"repeat","background-position":"center center","background-size":"auto","background-attachment":"scroll","background-type":"","background-media":"","overlay-type":"","overlay-color":"","overlay-gradient":""},"tablet":{"background-color":"","background-image":"","background-repeat":"repeat","background-position":"center center","background-size":"auto","background-attachment":"scroll","background-type":"","background-media":"","overlay-type":"","overlay-color":"","overlay-gradient":""},"mobile":{"background-color":"","background-image":"","background-repeat":"repeat","background-position":"center center","background-size":"auto","background-attachment":"scroll","background-type":"","background-media":"","overlay-type":"","overlay-color":"","overlay-gradient":""}},"ast-content-background-meta":{"desktop":{"background-color":"var(--ast-global-color-5)","background-image":"","background-repeat":"repeat","background-position":"center center","background-size":"auto","background-attachment":"scroll","background-type":"","background-media":"","overlay-type":"","overlay-color":"","overlay-gradient":""},"tablet":{"background-color":"var(--ast-global-color-5)","background-image":"","background-repeat":"repeat","background-position":"center center","background-size":"auto","background-attachment":"scroll","background-type":"","background-media":"","overlay-type":"","overlay-color":"","overlay-gradient":""},"mobile":{"background-color":"var(--ast-global-color-5)","background-image":"","background-repeat":"repeat","background-position":"center center","background-size":"auto","background-attachment":"scroll","background-type":"","background-media":"","overlay-type":"","overlay-color":"","overlay-gradient":""}},"footnotes":""},"categories":[943,7757,10512,324,996,10715],"tags":[179609,6709,179607,11207,179608,7343],"class_list":["post-85244","post","type-post","status-publish","format-standard","hentry","category-actitudes-politicas","category-actitudes-sociales","category-percepciones-y-movimientos-sociales","category-psicologia","category-psicologia-social","category-sevilla","tag-arias-verande-m-angeles","tag-florencio-jimenez-burillo","tag-m-reyes-bueno-moreno","tag-manuel-marin-sanchez","tag-silverio-barrgia-jimenez","tag-torregrosa-peris-jose-ramon"],"_links":{"self":[{"href":"https:\/\/www.deberes.net\/tesis\/wp-json\/wp\/v2\/posts\/85244","targetHints":{"allow":["GET"]}}],"collection":[{"href":"https:\/\/www.deberes.net\/tesis\/wp-json\/wp\/v2\/posts"}],"about":[{"href":"https:\/\/www.deberes.net\/tesis\/wp-json\/wp\/v2\/types\/post"}],"author":[{"embeddable":true,"href":"https:\/\/www.deberes.net\/tesis\/wp-json\/wp\/v2\/users\/1"}],"replies":[{"embeddable":true,"href":"https:\/\/www.deberes.net\/tesis\/wp-json\/wp\/v2\/comments?post=85244"}],"version-history":[{"count":0,"href":"https:\/\/www.deberes.net\/tesis\/wp-json\/wp\/v2\/posts\/85244\/revisions"}],"wp:attachment":[{"href":"https:\/\/www.deberes.net\/tesis\/wp-json\/wp\/v2\/media?parent=85244"}],"wp:term":[{"taxonomy":"category","embeddable":true,"href":"https:\/\/www.deberes.net\/tesis\/wp-json\/wp\/v2\/categories?post=85244"},{"taxonomy":"post_tag","embeddable":true,"href":"https:\/\/www.deberes.net\/tesis\/wp-json\/wp\/v2\/tags?post=85244"}],"curies":[{"name":"wp","href":"https:\/\/api.w.org\/{rel}","templated":true}]}}