{"id":85257,"date":"2018-03-10T00:09:41","date_gmt":"2018-03-10T00:09:41","guid":{"rendered":"https:\/\/www.deberes.net\/tesis\/sin-categoria\/el-campesino-representado-los-fundamentos-comunitarios-del-orden-agrario-en-la-castilla-del-antiguo-regimen\/"},"modified":"2018-03-10T00:09:41","modified_gmt":"2018-03-10T00:09:41","slug":"el-campesino-representado-los-fundamentos-comunitarios-del-orden-agrario-en-la-castilla-del-antiguo-regimen","status":"publish","type":"post","link":"https:\/\/www.deberes.net\/tesis\/historia\/el-campesino-representado-los-fundamentos-comunitarios-del-orden-agrario-en-la-castilla-del-antiguo-regimen\/","title":{"rendered":"El campesino representado: los fundamentos comunitarios del orden agrario en la castilla del antiguo regimen."},"content":{"rendered":"<h2>Tesis doctoral de <strong> Jes\u00fas Izquierdo Martin <\/strong><\/h2>\n<p>Este trabajo reflexiona sobre una cuestion teorica que ha estado en el centro del pensamiento occidental desde hace m\u00e1s de tres centurias: \u00c2\u00bf por que cooperan los seres humanos en acciones colectivas encaminadas a mantener o a desmantelar instituciones, organizaciones, esto es, orden social? Esta investigaci\u00f3n apuesta por una teor\u00eda de la identificaci\u00f3n de los sujetos con determinadas representaciones colectivas para responder a esta pregunta, y utiliza la historia rural castellana de la \u00e9poca moderna concretamente, la comunidad campesina- como objeto de estudio donde corroboro la coherencia interna de aqu\u00e9lla. Como conclusi\u00f3n, se defiende que el campesino castellano se moviliz\u00f3 colectivamente en la formaci\u00f3n de comunidades rurales de fuerte impronta territorial que le dot\u00f3 de certidumbre como sujeto decisor  y un tipo de identidad que limit\u00f3 dr\u00e1sticamente el cambio econ\u00f3mico y pol\u00edtico en la castilla del antiguo regim\u00e9n.<\/p>\n<p>&nbsp;<\/p>\n<h3>Datos acad\u00e9micos de la tesis doctoral \u00ab<strong>El campesino representado: los fundamentos comunitarios del orden agrario en la castilla del antiguo regimen.<\/strong>\u00ab<\/h3>\n<ul>\n<li><strong>T\u00edtulo de la tesis:<\/strong>\u00a0 El campesino representado: los fundamentos comunitarios del orden agrario en la castilla del antiguo regimen. <\/li>\n<li><strong>Autor:<\/strong>\u00a0 Jes\u00fas Izquierdo Martin <\/li>\n<li><strong>Universidad:<\/strong>\u00a0 Aut\u00f3noma de Madrid<\/li>\n<li><strong>Fecha de lectura de la tesis:<\/strong>\u00a0 23\/06\/2000<\/li>\n<\/ul>\n<p>&nbsp;<\/p>\n<h3>Direcci\u00f3n y tribunal<\/h3>\n<ul>\n<li><strong>Director de la tesis<\/strong>\n<ul>\n<li>Jos\u00e9 Miguel Lopez Garcia<\/li>\n<\/ul>\n<\/li>\n<li><strong>Tribunal<\/strong>\n<ul>\n<li>Presidente del tribunal: pablo Fern\u00e1ndez albadalejo <\/li>\n<li>cristobal Gomez benito (vocal)<\/li>\n<li>bartolome Yun casalilla (vocal)<\/li>\n<li>Luis enrique Alonso benito (vocal)<\/li>\n<\/ul>\n<\/li>\n<\/ul>\n<p>&nbsp;<\/p>\n","protected":false},"excerpt":{"rendered":"<p>Tesis doctoral de Jes\u00fas Izquierdo Martin Este trabajo reflexiona sobre una cuestion teorica que ha estado en el centro del [&hellip;]<\/p>\n","protected":false},"author":1,"featured_media":0,"comment_status":"open","ping_status":"open","sticky":false,"template":"","format":"standard","meta":{"site-sidebar-layout":"default","site-content-layout":"","ast-site-content-layout":"","site-content-style":"default","site-sidebar-style":"default","ast-global-header-display":"","ast-banner-title-visibility":"","ast-main-header-display":"","ast-hfb-above-header-display":"","ast-hfb-below-header-display":"","ast-hfb-mobile-header-display":"","site-post-title":"","ast-breadcrumbs-content":"","ast-featured-img":"","footer-sml-layout":"","theme-transparent-header-meta":"","adv-header-id-meta":"","stick-header-meta":"","header-above-stick-meta":"","header-main-stick-meta":"","header-below-stick-meta":"","astra-migrate-meta-layouts":"default","ast-page-background-enabled":"default","ast-page-background-meta":{"desktop":{"background-color":"var(--ast-global-color-4)","background-image":"","background-repeat":"repeat","background-position":"center center","background-size":"auto","background-attachment":"scroll","background-type":"","background-media":"","overlay-type":"","overlay-color":"","overlay-gradient":""},"tablet":{"background-color":"","background-image":"","background-repeat":"repeat","background-position":"center center","background-size":"auto","background-attachment":"scroll","background-type":"","background-media":"","overlay-type":"","overlay-color":"","overlay-gradient":""},"mobile":{"background-color":"","background-image":"","background-repeat":"repeat","background-position":"center center","background-size":"auto","background-attachment":"scroll","background-type":"","background-media":"","overlay-type":"","overlay-color":"","overlay-gradient":""}},"ast-content-background-meta":{"desktop":{"background-color":"var(--ast-global-color-5)","background-image":"","background-repeat":"repeat","background-position":"center center","background-size":"auto","background-attachment":"scroll","background-type":"","background-media":"","overlay-type":"","overlay-color":"","overlay-gradient":""},"tablet":{"background-color":"var(--ast-global-color-5)","background-image":"","background-repeat":"repeat","background-position":"center center","background-size":"auto","background-attachment":"scroll","background-type":"","background-media":"","overlay-type":"","overlay-color":"","overlay-gradient":""},"mobile":{"background-color":"var(--ast-global-color-5)","background-image":"","background-repeat":"repeat","background-position":"center center","background-size":"auto","background-attachment":"scroll","background-type":"","background-media":"","overlay-type":"","overlay-color":"","overlay-gradient":""}},"footnotes":""},"categories":[34346,104,22854,106,989,220,222,269,2232,3727],"tags":[45904,50498,179630,87637,4645,47771],"class_list":["post-85257","post","type-post","status-publish","format-standard","hentry","category-evolucion-cultural","category-historia","category-historia-de-la-sociologia","category-historia-general","category-historia-moderna","category-historia-por-epocas","category-historias-especializadas","category-sociologia","category-sociologia-cultural","category-teorias-y-metodos-historicos","tag-bartolome-yun-casalilla","tag-cristobal-gomez-benito","tag-jesus-izquierdo-martin","tag-jose-miguel-lopez-garcia","tag-luis-enrique-alonso-benito","tag-pablo-fernandez-albadalejo"],"_links":{"self":[{"href":"https:\/\/www.deberes.net\/tesis\/wp-json\/wp\/v2\/posts\/85257","targetHints":{"allow":["GET"]}}],"collection":[{"href":"https:\/\/www.deberes.net\/tesis\/wp-json\/wp\/v2\/posts"}],"about":[{"href":"https:\/\/www.deberes.net\/tesis\/wp-json\/wp\/v2\/types\/post"}],"author":[{"embeddable":true,"href":"https:\/\/www.deberes.net\/tesis\/wp-json\/wp\/v2\/users\/1"}],"replies":[{"embeddable":true,"href":"https:\/\/www.deberes.net\/tesis\/wp-json\/wp\/v2\/comments?post=85257"}],"version-history":[{"count":0,"href":"https:\/\/www.deberes.net\/tesis\/wp-json\/wp\/v2\/posts\/85257\/revisions"}],"wp:attachment":[{"href":"https:\/\/www.deberes.net\/tesis\/wp-json\/wp\/v2\/media?parent=85257"}],"wp:term":[{"taxonomy":"category","embeddable":true,"href":"https:\/\/www.deberes.net\/tesis\/wp-json\/wp\/v2\/categories?post=85257"},{"taxonomy":"post_tag","embeddable":true,"href":"https:\/\/www.deberes.net\/tesis\/wp-json\/wp\/v2\/tags?post=85257"}],"curies":[{"name":"wp","href":"https:\/\/api.w.org\/{rel}","templated":true}]}}