{"id":85285,"date":"2018-03-10T00:09:41","date_gmt":"2018-03-10T00:09:41","guid":{"rendered":"https:\/\/www.deberes.net\/tesis\/sin-categoria\/la-falange-a-mallorca-entre-la-republica-i-el-primer-franquisme-espectre-sociopolitic\/"},"modified":"2018-03-10T00:09:41","modified_gmt":"2018-03-10T00:09:41","slug":"la-falange-a-mallorca-entre-la-republica-i-el-primer-franquisme-espectre-sociopolitic","status":"publish","type":"post","link":"https:\/\/www.deberes.net\/tesis\/historia-por-epocas\/la-falange-a-mallorca-entre-la-republica-i-el-primer-franquisme-espectre-sociopolitic\/","title":{"rendered":"\u00abla falange a mallorca entre la republica i el primer franquisme: espectre sociopolitic\u00bb"},"content":{"rendered":"<h2>Tesis doctoral de <strong> Ramon Morote Pons <\/strong><\/h2>\n<p>Esta tesis estudia la falange en mallorca desde que se implant\u00f3 en la isala, en 1934, hasta que dej\u00f3 de tener el protagonismo que hab\u00eda adquirido durante la guera civil en funci\u00f3n de la evoluci\u00f3n b\u00e9lica y pol\u00edtica europea. el objeto de estudio no es propiamente el partido como instituci\u00f3n sino como conjunto de afiliados. Con este motivo se ha recogido toda la documentaci\u00f3n que aport informaci\u00f3n sobre los datos personales de los falangistas (tambi\u00e9n de lass afiliadas a la secci\u00f3n femenina) que se conserva en los archivos p\u00fablicos de mallorca, con especial atenci\u00f3n a los de los 52 municipios de la isla en los a\u00f1os tratados. Se ha localizado m\u00e1s documentaci\u00f3n de la esperada: fichas de afiliados, expedientes personales, solicitudes de afiliaci\u00f3n, libros registro de afiliados, etc.  a trav\u00e9s de los datos que aportan se ha podido analizar al conjunto de afiliados resultante, que tiene el valor de una muestra significativa, desde muchos puntos de vista. En todos los casos las variables b\u00e1sicas son las profesionales, edades y cuotas mensuales asignadas (pero tambi\u00e9n las fechas de afiliaci\u00f3n, las l\u00edneas y antecedentes pol\u00edticos).  estos diveros puntos de vista constituyen la raz\u00f3n de ser de cada cap\u00edtulo que, despu\u00e9s de repasar los procedentes pol\u00edticos de tipo corporativista durante la dictadura de primo de rivera y la segunda rep\u00fablica, son: evoluci\u00f3n de las incorporaci\u00f3n y nivel socioecon\u00f3mico de los afiliados, antecedentes pol\u00edticos, miembros de la f.E.T. Y de las j.O.N.S. Procedentes de la comuni\u00f3n tradicionalista, falangista que ejercieron cargos dentro del partido y otras responsabilidades, personas que presentaban a los falangistas al partido, la falange como cuerpo armado, falagnistas procedentes de las milicias ciudadanas y integrados en las milicias nacionales, falangistas en el ejercito, falangistas Valencianos y catalanes refugiados en la isla, ocupaciones de las falangistas dentro del partido, el cue<\/p>\n<p>&nbsp;<\/p>\n<h3>Datos acad\u00e9micos de la tesis doctoral \u00ab<strong>\u00abla falange a mallorca entre la republica i el primer franquisme: espectre sociopolitic\u00bb<\/strong>\u00ab<\/h3>\n<ul>\n<li><strong>T\u00edtulo de la tesis:<\/strong>\u00a0 \u00abla falange a mallorca entre la republica i el primer franquisme: espectre sociopolitic\u00bb <\/li>\n<li><strong>Autor:<\/strong>\u00a0 Ramon Morote Pons <\/li>\n<li><strong>Universidad:<\/strong>\u00a0 Illes balears<\/li>\n<li><strong>Fecha de lectura de la tesis:<\/strong>\u00a0 26\/06\/2000<\/li>\n<\/ul>\n<p>&nbsp;<\/p>\n<h3>Direcci\u00f3n y tribunal<\/h3>\n<ul>\n<li><strong>Director de la tesis<\/strong>\n<ul>\n<li>Miquel Duran Pastor<\/li>\n<\/ul>\n<\/li>\n<li><strong>Tribunal<\/strong>\n<ul>\n<li>Presidente del tribunal: jordi Casassas ymbert <\/li>\n<li>carles Santacana torres (vocal)<\/li>\n<li>joan Oliver araujo (vocal)<\/li>\n<li>enric Oliver serret (vocal)<\/li>\n<\/ul>\n<\/li>\n<\/ul>\n<p>&nbsp;<\/p>\n","protected":false},"excerpt":{"rendered":"<p>Tesis doctoral de Ramon Morote Pons Esta tesis estudia la falange en mallorca desde que se implant\u00f3 en la isala, [&hellip;]<\/p>\n","protected":false},"author":1,"featured_media":0,"comment_status":"open","ping_status":"open","sticky":false,"template":"","format":"standard","meta":{"site-sidebar-layout":"default","site-content-layout":"","ast-site-content-layout":"","site-content-style":"default","site-sidebar-style":"default","ast-global-header-display":"","ast-banner-title-visibility":"","ast-main-header-display":"","ast-hfb-above-header-display":"","ast-hfb-below-header-display":"","ast-hfb-mobile-header-display":"","site-post-title":"","ast-breadcrumbs-content":"","ast-featured-img":"","footer-sml-layout":"","theme-transparent-header-meta":"","adv-header-id-meta":"","stick-header-meta":"","header-above-stick-meta":"","header-main-stick-meta":"","header-below-stick-meta":"","astra-migrate-meta-layouts":"default","ast-page-background-enabled":"default","ast-page-background-meta":{"desktop":{"background-color":"var(--ast-global-color-4)","background-image":"","background-repeat":"repeat","background-position":"center center","background-size":"auto","background-attachment":"scroll","background-type":"","background-media":"","overlay-type":"","overlay-color":"","overlay-gradient":""},"tablet":{"background-color":"","background-image":"","background-repeat":"repeat","background-position":"center center","background-size":"auto","background-attachment":"scroll","background-type":"","background-media":"","overlay-type":"","overlay-color":"","overlay-gradient":""},"mobile":{"background-color":"","background-image":"","background-repeat":"repeat","background-position":"center center","background-size":"auto","background-attachment":"scroll","background-type":"","background-media":"","overlay-type":"","overlay-color":"","overlay-gradient":""}},"ast-content-background-meta":{"desktop":{"background-color":"var(--ast-global-color-5)","background-image":"","background-repeat":"repeat","background-position":"center center","background-size":"auto","background-attachment":"scroll","background-type":"","background-media":"","overlay-type":"","overlay-color":"","overlay-gradient":""},"tablet":{"background-color":"var(--ast-global-color-5)","background-image":"","background-repeat":"repeat","background-position":"center center","background-size":"auto","background-attachment":"scroll","background-type":"","background-media":"","overlay-type":"","overlay-color":"","overlay-gradient":""},"mobile":{"background-color":"var(--ast-global-color-5)","background-image":"","background-repeat":"repeat","background-position":"center center","background-size":"auto","background-attachment":"scroll","background-type":"","background-media":"","overlay-type":"","overlay-color":"","overlay-gradient":""}},"footnotes":""},"categories":[1816,3538,220,222,19034],"tags":[118150,42649,44232,19127,19125,179668],"class_list":["post-85285","post","type-post","status-publish","format-standard","hentry","category-historia-contemporanea","category-historia-de-las-ideas-politicas","category-historia-por-epocas","category-historias-especializadas","category-illes-balears","tag-carles-santacana-torres","tag-enric-oliver-serret","tag-joan-oliver-araujo","tag-jordi-casassas-ymbert","tag-miquel-duran-pastor","tag-ramon-morote-pons"],"_links":{"self":[{"href":"https:\/\/www.deberes.net\/tesis\/wp-json\/wp\/v2\/posts\/85285","targetHints":{"allow":["GET"]}}],"collection":[{"href":"https:\/\/www.deberes.net\/tesis\/wp-json\/wp\/v2\/posts"}],"about":[{"href":"https:\/\/www.deberes.net\/tesis\/wp-json\/wp\/v2\/types\/post"}],"author":[{"embeddable":true,"href":"https:\/\/www.deberes.net\/tesis\/wp-json\/wp\/v2\/users\/1"}],"replies":[{"embeddable":true,"href":"https:\/\/www.deberes.net\/tesis\/wp-json\/wp\/v2\/comments?post=85285"}],"version-history":[{"count":0,"href":"https:\/\/www.deberes.net\/tesis\/wp-json\/wp\/v2\/posts\/85285\/revisions"}],"wp:attachment":[{"href":"https:\/\/www.deberes.net\/tesis\/wp-json\/wp\/v2\/media?parent=85285"}],"wp:term":[{"taxonomy":"category","embeddable":true,"href":"https:\/\/www.deberes.net\/tesis\/wp-json\/wp\/v2\/categories?post=85285"},{"taxonomy":"post_tag","embeddable":true,"href":"https:\/\/www.deberes.net\/tesis\/wp-json\/wp\/v2\/tags?post=85285"}],"curies":[{"name":"wp","href":"https:\/\/api.w.org\/{rel}","templated":true}]}}