{"id":85314,"date":"2018-03-10T00:09:45","date_gmt":"2018-03-10T00:09:45","guid":{"rendered":"https:\/\/www.deberes.net\/tesis\/sin-categoria\/la-reforma-procesal-penal-y-el-ministerio-publico-de-honduras-justificacion-y-perspectivas\/"},"modified":"2018-03-10T00:09:45","modified_gmt":"2018-03-10T00:09:45","slug":"la-reforma-procesal-penal-y-el-ministerio-publico-de-honduras-justificacion-y-perspectivas","status":"publish","type":"post","link":"https:\/\/www.deberes.net\/tesis\/ciencias-juridicas-y-derecho\/la-reforma-procesal-penal-y-el-ministerio-publico-de-honduras-justificacion-y-perspectivas\/","title":{"rendered":"La reforma procesal penal y el ministerio p\u00fablico de honduras: justificaci\u00f3n y perspectivas."},"content":{"rendered":"<h2>Tesis doctoral de <strong> Rigoberto Cu\u00e9llar Cruz <\/strong><\/h2>\n<p>En general, el trabajo de investigaci\u00f3n se divide en cuatro partes perfectamente difernciables, pero complementarias.  la primer, analiza el sistema jur\u00eddico democr\u00e1tico hondure\u00f1o, examinando los principios y derechos procesales b\u00e1sicos contenidos en la constituci\u00f3n hondure\u00f1a de 1982.  la segunda, se dedica al examen del concreto derecho org\u00e1nico y procesal penal hondure\u00f1o, analiz\u00e1ndose cr\u00edticamente su actual organizaci\u00f3n judicial as\u00ed como su proceso penal en sus l\u00edneas generales, a fin de determinar su adecuaci\u00f3n a los c\u00e1nones constitucionales anteriomente examinados.  la tercera y cuarta, centran su objeto de estudio en la instituci\u00f3n del ministerio p\u00fablico hondure\u00f1o como eje central de la pretendida reforma procesal penal en honduras, examinando tanto su contreta estructura org\u00e1nica, como sus espec\u00edficas funciones y atribuciones en el \u00e1mbito procesal penal. todas ellas a la luz de un debido contraste y proposiciones de \u00ablege frenda\u00bb basadas en el derecho comparado.<\/p>\n<p>&nbsp;<\/p>\n<h3>Datos acad\u00e9micos de la tesis doctoral \u00ab<strong>La reforma procesal penal y el ministerio p\u00fablico de honduras: justificaci\u00f3n y perspectivas.<\/strong>\u00ab<\/h3>\n<ul>\n<li><strong>T\u00edtulo de la tesis:<\/strong>\u00a0 La reforma procesal penal y el ministerio p\u00fablico de honduras: justificaci\u00f3n y perspectivas. <\/li>\n<li><strong>Autor:<\/strong>\u00a0 Rigoberto Cu\u00e9llar Cruz <\/li>\n<li><strong>Universidad:<\/strong>\u00a0 Jaume i de castell\u00f3n<\/li>\n<li><strong>Fecha de lectura de la tesis:<\/strong>\u00a0 26\/06\/2000<\/li>\n<\/ul>\n<p>&nbsp;<\/p>\n<h3>Direcci\u00f3n y tribunal<\/h3>\n<ul>\n<li><strong>Director de la tesis<\/strong>\n<ul>\n<li>Juan  Luis Gomez Colomer<\/li>\n<\/ul>\n<\/li>\n<li><strong>Tribunal<\/strong>\n<ul>\n<li>Presidente del tribunal: Juan Montero aroca <\/li>\n<li>Alberto Mont\u00f3n redondo (vocal)<\/li>\n<li>victor Moreno catena (vocal)<\/li>\n<li>marco Villag\u00f3mez cebri\u00e1n (vocal)<\/li>\n<\/ul>\n<\/li>\n<\/ul>\n<p>&nbsp;<\/p>\n","protected":false},"excerpt":{"rendered":"<p>Tesis doctoral de Rigoberto Cu\u00e9llar Cruz En general, el trabajo de investigaci\u00f3n se divide en cuatro partes perfectamente difernciables, pero [&hellip;]<\/p>\n","protected":false},"author":1,"featured_media":0,"comment_status":"open","ping_status":"open","sticky":false,"template":"","format":"standard","meta":{"site-sidebar-layout":"default","site-content-layout":"","ast-site-content-layout":"","site-content-style":"default","site-sidebar-style":"default","ast-global-header-display":"","ast-banner-title-visibility":"","ast-main-header-display":"","ast-hfb-above-header-display":"","ast-hfb-below-header-display":"","ast-hfb-mobile-header-display":"","site-post-title":"","ast-breadcrumbs-content":"","ast-featured-img":"","footer-sml-layout":"","theme-transparent-header-meta":"","adv-header-id-meta":"","stick-header-meta":"","header-above-stick-meta":"","header-main-stick-meta":"","header-below-stick-meta":"","astra-migrate-meta-layouts":"default","ast-page-background-enabled":"default","ast-page-background-meta":{"desktop":{"background-color":"var(--ast-global-color-4)","background-image":"","background-repeat":"repeat","background-position":"center center","background-size":"auto","background-attachment":"scroll","background-type":"","background-media":"","overlay-type":"","overlay-color":"","overlay-gradient":""},"tablet":{"background-color":"","background-image":"","background-repeat":"repeat","background-position":"center center","background-size":"auto","background-attachment":"scroll","background-type":"","background-media":"","overlay-type":"","overlay-color":"","overlay-gradient":""},"mobile":{"background-color":"","background-image":"","background-repeat":"repeat","background-position":"center center","background-size":"auto","background-attachment":"scroll","background-type":"","background-media":"","overlay-type":"","overlay-color":"","overlay-gradient":""}},"ast-content-background-meta":{"desktop":{"background-color":"var(--ast-global-color-5)","background-image":"","background-repeat":"repeat","background-position":"center center","background-size":"auto","background-attachment":"scroll","background-type":"","background-media":"","overlay-type":"","overlay-color":"","overlay-gradient":""},"tablet":{"background-color":"var(--ast-global-color-5)","background-image":"","background-repeat":"repeat","background-position":"center center","background-size":"auto","background-attachment":"scroll","background-type":"","background-media":"","overlay-type":"","overlay-color":"","overlay-gradient":""},"mobile":{"background-color":"var(--ast-global-color-5)","background-image":"","background-repeat":"repeat","background-position":"center center","background-size":"auto","background-attachment":"scroll","background-type":"","background-media":"","overlay-type":"","overlay-color":"","overlay-gradient":""}},"footnotes":""},"categories":[612,613,3620,979,18725,3621],"tags":[5388,18730,12325,179711,148403,11249],"class_list":["post-85314","post","type-post","status-publish","format-standard","hentry","category-ciencias-juridicas-y-derecho","category-derecho-penal","category-derecho-procesal","category-derecho-y-legislacion-nacionales","category-jaume-i-de-castellon","category-organizacion-juridica","tag-alberto-monton-redondo","tag-juan-luis-gomez-colomer","tag-juan-montero-aroca","tag-marco-villagomez-cebrian","tag-rigoberto-cuellar-cruz","tag-victor-moreno-catena"],"_links":{"self":[{"href":"https:\/\/www.deberes.net\/tesis\/wp-json\/wp\/v2\/posts\/85314","targetHints":{"allow":["GET"]}}],"collection":[{"href":"https:\/\/www.deberes.net\/tesis\/wp-json\/wp\/v2\/posts"}],"about":[{"href":"https:\/\/www.deberes.net\/tesis\/wp-json\/wp\/v2\/types\/post"}],"author":[{"embeddable":true,"href":"https:\/\/www.deberes.net\/tesis\/wp-json\/wp\/v2\/users\/1"}],"replies":[{"embeddable":true,"href":"https:\/\/www.deberes.net\/tesis\/wp-json\/wp\/v2\/comments?post=85314"}],"version-history":[{"count":0,"href":"https:\/\/www.deberes.net\/tesis\/wp-json\/wp\/v2\/posts\/85314\/revisions"}],"wp:attachment":[{"href":"https:\/\/www.deberes.net\/tesis\/wp-json\/wp\/v2\/media?parent=85314"}],"wp:term":[{"taxonomy":"category","embeddable":true,"href":"https:\/\/www.deberes.net\/tesis\/wp-json\/wp\/v2\/categories?post=85314"},{"taxonomy":"post_tag","embeddable":true,"href":"https:\/\/www.deberes.net\/tesis\/wp-json\/wp\/v2\/tags?post=85314"}],"curies":[{"name":"wp","href":"https:\/\/api.w.org\/{rel}","templated":true}]}}