{"id":85323,"date":"2018-03-10T00:09:45","date_gmt":"2018-03-10T00:09:45","guid":{"rendered":"https:\/\/www.deberes.net\/tesis\/sin-categoria\/trabajadores-y-jornaleros-contra-patronos-y-verticalistas-conflictividad-laboral-y-reivindicacion-democratica-en-una-provincia-periferica-y-escasamente-desarrollada-granada-1936-1982\/"},"modified":"2018-03-10T00:09:45","modified_gmt":"2018-03-10T00:09:45","slug":"trabajadores-y-jornaleros-contra-patronos-y-verticalistas-conflictividad-laboral-y-reivindicacion-democratica-en-una-provincia-periferica-y-escasamente-desarrollada-granada-1936-1982","status":"publish","type":"post","link":"https:\/\/www.deberes.net\/tesis\/historia\/trabajadores-y-jornaleros-contra-patronos-y-verticalistas-conflictividad-laboral-y-reivindicacion-democratica-en-una-provincia-periferica-y-escasamente-desarrollada-granada-1936-1982\/","title":{"rendered":"Trabajadores y jornaleros contra patronos y verticalistas. conflictividad laboral y reivindicaci\u00f3n democr\u00e1tica en una provincia perif\u00e9rica y escasamente desarrollada. granada, 1936-1982"},"content":{"rendered":"<h2>Tesis doctoral de <strong> Teresa Mar\u00eda Ortega Lopez <\/strong><\/h2>\n<p>A trav\u00e9s de esta tesis doctoral hemos tratado ante todo de poner de manifiesto el surgimiento de una conciencia opositora y democr\u00e1tica en el marco geogr\u00e1fico andaluz, en concreto, en la provincia de granada, en el espacio de tiempo comprendido por la dictadura franquista y la transici\u00f3n pol\u00edtica, es decir, entre 1936-1982. El examen de la movilizaci\u00f3n y del asociacionismo pol\u00edtico-social,del car\u00e1cter de la protesta laboral y de su relaci\u00f3n con el proceso de cambio pol\u00edtico, la reconstrucci\u00f3n de las condiciones de trabajo y vida del conjunto de la masa asalariada de la provincia, y el estudio del contexto socioecon\u00f3mica de \u00e9sta, se han convertido en los elementos claves en el an\u00e1lisis de nuestra investigaci\u00f3n.  la guerra civil y la inmediata posguerra supuso para granada una dura represi\u00f3n entre la poblaci\u00f3n, especialmente entre los grupos sociales que se hab\u00edan identificado y comprometido con el nuevo lenguaje reformista lanzado por la segunda rep\u00fablica. En el terreno laboral, los trabajadores agrarios e industriales granadinos fueron enmarcados dentro de estos objetivos que terminaron por convertirse en principios m\u00e1ximos de las relaciones laborales franquistas. Todo lo contrario ocurri\u00f3 con los patrono y empresarios quienes emergieron de la guerra dotados de una nueva autoridad, a la que nos hemos referido como despotismo patronal. Los a\u00f1os cuarenta y cincuenta fueron peor consiguiente dram\u00e1ticos para la provincia, si bien ello no signific\u00f3 un tiempo de silencio como hemos querido reflejar a trav\u00e9s del an\u00e1lisis de la conflictividad individual. En la d\u00e9cada de los sesenta y sesenta, el panorama mostrando por granado se transform\u00f3 notablemente. La etapa del desarrollismo signific\u00f3 el comienzo de la transformaci\u00f3n de las bases econ\u00f3micas y sociales de aqu\u00e9lla. Descenso de la efectivos agrarios e incremento de la poblaci\u00f3n activa en la industria y los servicios, adem\u00e1s de un intenso proceso de urbanizaci\u00f3n<\/p>\n<p>&nbsp;<\/p>\n<h3>Datos acad\u00e9micos de la tesis doctoral \u00ab<strong>Trabajadores y jornaleros contra patronos y verticalistas. conflictividad laboral y reivindicaci\u00f3n democr\u00e1tica en una provincia perif\u00e9rica y escasamente desarrollada. granada, 1936-1982<\/strong>\u00ab<\/h3>\n<ul>\n<li><strong>T\u00edtulo de la tesis:<\/strong>\u00a0 Trabajadores y jornaleros contra patronos y verticalistas. conflictividad laboral y reivindicaci\u00f3n democr\u00e1tica en una provincia perif\u00e9rica y escasamente desarrollada. granada, 1936-1982 <\/li>\n<li><strong>Autor:<\/strong>\u00a0 Teresa Mar\u00eda Ortega Lopez <\/li>\n<li><strong>Universidad:<\/strong>\u00a0 Granada<\/li>\n<li><strong>Fecha de lectura de la tesis:<\/strong>\u00a0 27\/06\/2000<\/li>\n<\/ul>\n<p>&nbsp;<\/p>\n<h3>Direcci\u00f3n y tribunal<\/h3>\n<ul>\n<li><strong>Director de la tesis<\/strong>\n<ul>\n<li>Francisco Cobo Romero<\/li>\n<\/ul>\n<\/li>\n<li><strong>Tribunal<\/strong>\n<ul>\n<li>Presidente del tribunal: Miguel Gomez oliver <\/li>\n<li>julio Arostegui sanchez (vocal)<\/li>\n<li>Manuel Perez ledesma (vocal)<\/li>\n<li>Manuel Redero san roman (vocal)<\/li>\n<\/ul>\n<\/li>\n<\/ul>\n<p>&nbsp;<\/p>\n","protected":false},"excerpt":{"rendered":"<p>Tesis doctoral de Teresa Mar\u00eda Ortega Lopez A trav\u00e9s de esta tesis doctoral hemos tratado ante todo de poner de [&hellip;]<\/p>\n","protected":false},"author":1,"featured_media":0,"comment_status":"open","ping_status":"open","sticky":false,"template":"","format":"standard","meta":{"site-sidebar-layout":"default","site-content-layout":"","ast-site-content-layout":"","site-content-style":"default","site-sidebar-style":"default","ast-global-header-display":"","ast-banner-title-visibility":"","ast-main-header-display":"","ast-hfb-above-header-display":"","ast-hfb-below-header-display":"","ast-hfb-mobile-header-display":"","site-post-title":"","ast-breadcrumbs-content":"","ast-featured-img":"","footer-sml-layout":"","theme-transparent-header-meta":"","adv-header-id-meta":"","stick-header-meta":"","header-above-stick-meta":"","header-main-stick-meta":"","header-below-stick-meta":"","astra-migrate-meta-layouts":"default","ast-page-background-enabled":"default","ast-page-background-meta":{"desktop":{"background-color":"var(--ast-global-color-4)","background-image":"","background-repeat":"repeat","background-position":"center center","background-size":"auto","background-attachment":"scroll","background-type":"","background-media":"","overlay-type":"","overlay-color":"","overlay-gradient":""},"tablet":{"background-color":"","background-image":"","background-repeat":"repeat","background-position":"center center","background-size":"auto","background-attachment":"scroll","background-type":"","background-media":"","overlay-type":"","overlay-color":"","overlay-gradient":""},"mobile":{"background-color":"","background-image":"","background-repeat":"repeat","background-position":"center center","background-size":"auto","background-attachment":"scroll","background-type":"","background-media":"","overlay-type":"","overlay-color":"","overlay-gradient":""}},"ast-content-background-meta":{"desktop":{"background-color":"var(--ast-global-color-5)","background-image":"","background-repeat":"repeat","background-position":"center center","background-size":"auto","background-attachment":"scroll","background-type":"","background-media":"","overlay-type":"","overlay-color":"","overlay-gradient":""},"tablet":{"background-color":"var(--ast-global-color-5)","background-image":"","background-repeat":"repeat","background-position":"center center","background-size":"auto","background-attachment":"scroll","background-type":"","background-media":"","overlay-type":"","overlay-color":"","overlay-gradient":""},"mobile":{"background-color":"var(--ast-global-color-5)","background-image":"","background-repeat":"repeat","background-position":"center center","background-size":"auto","background-attachment":"scroll","background-type":"","background-media":"","overlay-type":"","overlay-color":"","overlay-gradient":""}},"footnotes":""},"categories":[104,1816,3538,220,222],"tags":[3999,4198,7514,25832,3540,179724],"class_list":["post-85323","post","type-post","status-publish","format-standard","hentry","category-historia","category-historia-contemporanea","category-historia-de-las-ideas-politicas","category-historia-por-epocas","category-historias-especializadas","tag-francisco-cobo-romero","tag-julio-arostegui-sanchez","tag-manuel-perez-ledesma","tag-manuel-redero-san-roman","tag-miguel-gomez-oliver","tag-teresa-maria-ortega-lopez"],"_links":{"self":[{"href":"https:\/\/www.deberes.net\/tesis\/wp-json\/wp\/v2\/posts\/85323","targetHints":{"allow":["GET"]}}],"collection":[{"href":"https:\/\/www.deberes.net\/tesis\/wp-json\/wp\/v2\/posts"}],"about":[{"href":"https:\/\/www.deberes.net\/tesis\/wp-json\/wp\/v2\/types\/post"}],"author":[{"embeddable":true,"href":"https:\/\/www.deberes.net\/tesis\/wp-json\/wp\/v2\/users\/1"}],"replies":[{"embeddable":true,"href":"https:\/\/www.deberes.net\/tesis\/wp-json\/wp\/v2\/comments?post=85323"}],"version-history":[{"count":0,"href":"https:\/\/www.deberes.net\/tesis\/wp-json\/wp\/v2\/posts\/85323\/revisions"}],"wp:attachment":[{"href":"https:\/\/www.deberes.net\/tesis\/wp-json\/wp\/v2\/media?parent=85323"}],"wp:term":[{"taxonomy":"category","embeddable":true,"href":"https:\/\/www.deberes.net\/tesis\/wp-json\/wp\/v2\/categories?post=85323"},{"taxonomy":"post_tag","embeddable":true,"href":"https:\/\/www.deberes.net\/tesis\/wp-json\/wp\/v2\/tags?post=85323"}],"curies":[{"name":"wp","href":"https:\/\/api.w.org\/{rel}","templated":true}]}}