{"id":85330,"date":"2018-03-10T00:09:45","date_gmt":"2018-03-10T00:09:45","guid":{"rendered":"https:\/\/www.deberes.net\/tesis\/sin-categoria\/el-empresario-laboral-un-estudio-sobre-el-concepto-de-empresario-en-el-derecho-del-trabajo\/"},"modified":"2018-03-10T00:09:45","modified_gmt":"2018-03-10T00:09:45","slug":"el-empresario-laboral-un-estudio-sobre-el-concepto-de-empresario-en-el-derecho-del-trabajo","status":"publish","type":"post","link":"https:\/\/www.deberes.net\/tesis\/ciencias-juridicas-y-derecho\/el-empresario-laboral-un-estudio-sobre-el-concepto-de-empresario-en-el-derecho-del-trabajo\/","title":{"rendered":"El empresario laboral (un estudio sobre el concepto de empresario en el derecho del trabajo)."},"content":{"rendered":"<h2>Tesis doctoral de <strong> Pedro Pablo Irureta Uriarte <\/strong><\/h2>\n<p>La figura del empresario laboral ha experimentado diversas modificaciones en relaci\u00f3n con sus elementos cl\u00e1sicos. En la actualidad no s\u00f3lo act\u00faa mediante supuestos tradicionales, como son las personas f\u00edsicas o jur\u00eddicas; tambi\u00e9n interviene laboralmente en virtud de figuras in\u00e9ditas o at\u00edpicas derivadas de una nueva realidad organizativa. Hasta ahora, la legislaci\u00f3n y la propia jurisprudencia ve\u00edan en el empresario una idea meramente traslaticia o refleja del trabajador, o si se quiere un mero sujeto del contrato de trabajo. Esto llevaba a resolver los problemas de identificaci\u00f3n del empleador mediante tradicionales indicios externos que se demostraban insuficientes ante la participaci\u00f3n de nuevos tipos empresariales que, amparados en la libertad de empresa, irrumpen en el \u00e1mbito laboral. En el caso de las personas jur\u00eddicas, especial relevancia adquiere la actuaci\u00f3n empresarial del estado, las confesiones religiosas, las asociaciones empresariales y sindicales, y los partidos pol\u00edticos, en el entendido de que ellas van m\u00e1s all\u00e1 de la participaci\u00f3n de simples entes con personificaci\u00f3n legal. La insuficiencia del binomio persona fisica-persona jur\u00eddica para explicar todos los supuestos empresariales se pone de manifiesto mediante el reconocimiento laboral de la comunidad de bienes. En virtud de ella se ha podido ampliar el \u00e1mbito subjetivo del contrato de trabajo, abarcando entes que, aun cuando carecen de personalidad legal, de todas formas se convierten en centro de imputaci\u00f3n de las normas laborales. Enlo que respecta a los nuevos tipos empresariales, resalta la actuaci\u00f3n de los empresarios sujetos a relaciones de contrata, los empresarios de trabajo temporal y los grupos de empresas. Tanto en la contrata como en las empresas de trabajo temporal y los grupos de empresas. tanto en la contrata como en las empresas de trabajo temporal y los grupos de empresas. Tanto en la contrata como en las empresas de trabajo tempo<\/p>\n<p>&nbsp;<\/p>\n<h3>Datos acad\u00e9micos de la tesis doctoral \u00ab<strong>El empresario laboral (un estudio sobre el concepto de empresario en el derecho del trabajo).<\/strong>\u00ab<\/h3>\n<ul>\n<li><strong>T\u00edtulo de la tesis:<\/strong>\u00a0 El empresario laboral (un estudio sobre el concepto de empresario en el derecho del trabajo). <\/li>\n<li><strong>Autor:<\/strong>\u00a0 Pedro Pablo Irureta Uriarte <\/li>\n<li><strong>Universidad:<\/strong>\u00a0 Complutense de Madrid<\/li>\n<li><strong>Fecha de lectura de la tesis:<\/strong>\u00a0 27\/06\/2000<\/li>\n<\/ul>\n<p>&nbsp;<\/p>\n<h3>Direcci\u00f3n y tribunal<\/h3>\n<ul>\n<li><strong>Director de la tesis<\/strong>\n<ul>\n<li>Alfredo Montoya Melgar<\/li>\n<\/ul>\n<\/li>\n<li><strong>Tribunal<\/strong>\n<ul>\n<li>Presidente del tribunal: manuel Alonso olea <\/li>\n<li>Jos\u00e9 Lujan alcaraz (vocal)<\/li>\n<li>Javier Garate castro (vocal)<\/li>\n<li>faustino Caval Martinez (vocal)<\/li>\n<\/ul>\n<\/li>\n<\/ul>\n<p>&nbsp;<\/p>\n","protected":false},"excerpt":{"rendered":"<p>Tesis doctoral de Pedro Pablo Irureta Uriarte La figura del empresario laboral ha experimentado diversas modificaciones en relaci\u00f3n con sus [&hellip;]<\/p>\n","protected":false},"author":1,"featured_media":0,"comment_status":"open","ping_status":"open","sticky":false,"template":"","format":"standard","meta":{"site-sidebar-layout":"default","site-content-layout":"","ast-site-content-layout":"","site-content-style":"default","site-sidebar-style":"default","ast-global-header-display":"","ast-banner-title-visibility":"","ast-main-header-display":"","ast-hfb-above-header-display":"","ast-hfb-below-header-display":"","ast-hfb-mobile-header-display":"","site-post-title":"","ast-breadcrumbs-content":"","ast-featured-img":"","footer-sml-layout":"","theme-transparent-header-meta":"","adv-header-id-meta":"","stick-header-meta":"","header-above-stick-meta":"","header-main-stick-meta":"","header-below-stick-meta":"","astra-migrate-meta-layouts":"default","ast-page-background-enabled":"default","ast-page-background-meta":{"desktop":{"background-color":"var(--ast-global-color-4)","background-image":"","background-repeat":"repeat","background-position":"center center","background-size":"auto","background-attachment":"scroll","background-type":"","background-media":"","overlay-type":"","overlay-color":"","overlay-gradient":""},"tablet":{"background-color":"","background-image":"","background-repeat":"repeat","background-position":"center center","background-size":"auto","background-attachment":"scroll","background-type":"","background-media":"","overlay-type":"","overlay-color":"","overlay-gradient":""},"mobile":{"background-color":"","background-image":"","background-repeat":"repeat","background-position":"center center","background-size":"auto","background-attachment":"scroll","background-type":"","background-media":"","overlay-type":"","overlay-color":"","overlay-gradient":""}},"ast-content-background-meta":{"desktop":{"background-color":"var(--ast-global-color-5)","background-image":"","background-repeat":"repeat","background-position":"center center","background-size":"auto","background-attachment":"scroll","background-type":"","background-media":"","overlay-type":"","overlay-color":"","overlay-gradient":""},"tablet":{"background-color":"var(--ast-global-color-5)","background-image":"","background-repeat":"repeat","background-position":"center center","background-size":"auto","background-attachment":"scroll","background-type":"","background-media":"","overlay-type":"","overlay-color":"","overlay-gradient":""},"mobile":{"background-color":"var(--ast-global-color-5)","background-image":"","background-repeat":"repeat","background-position":"center center","background-size":"auto","background-attachment":"scroll","background-type":"","background-media":"","overlay-type":"","overlay-color":"","overlay-gradient":""}},"footnotes":""},"categories":[612,2170,979],"tags":[5169,179732,24531,46085,4929,179731],"class_list":["post-85330","post","type-post","status-publish","format-standard","hentry","category-ciencias-juridicas-y-derecho","category-derecho-del-trabajo-y-de-la-seguridad-social","category-derecho-y-legislacion-nacionales","tag-alfredo-montoya-melgar","tag-faustino-caval-Martinez","tag-javier-garate-castro","tag-jose-lujan-alcaraz","tag-manuel-alonso-olea","tag-pedro-pablo-irureta-uriarte"],"_links":{"self":[{"href":"https:\/\/www.deberes.net\/tesis\/wp-json\/wp\/v2\/posts\/85330","targetHints":{"allow":["GET"]}}],"collection":[{"href":"https:\/\/www.deberes.net\/tesis\/wp-json\/wp\/v2\/posts"}],"about":[{"href":"https:\/\/www.deberes.net\/tesis\/wp-json\/wp\/v2\/types\/post"}],"author":[{"embeddable":true,"href":"https:\/\/www.deberes.net\/tesis\/wp-json\/wp\/v2\/users\/1"}],"replies":[{"embeddable":true,"href":"https:\/\/www.deberes.net\/tesis\/wp-json\/wp\/v2\/comments?post=85330"}],"version-history":[{"count":0,"href":"https:\/\/www.deberes.net\/tesis\/wp-json\/wp\/v2\/posts\/85330\/revisions"}],"wp:attachment":[{"href":"https:\/\/www.deberes.net\/tesis\/wp-json\/wp\/v2\/media?parent=85330"}],"wp:term":[{"taxonomy":"category","embeddable":true,"href":"https:\/\/www.deberes.net\/tesis\/wp-json\/wp\/v2\/categories?post=85330"},{"taxonomy":"post_tag","embeddable":true,"href":"https:\/\/www.deberes.net\/tesis\/wp-json\/wp\/v2\/tags?post=85330"}],"curies":[{"name":"wp","href":"https:\/\/api.w.org\/{rel}","templated":true}]}}