{"id":85365,"date":"2018-03-10T00:09:49","date_gmt":"2018-03-10T00:09:49","guid":{"rendered":"https:\/\/www.deberes.net\/tesis\/sin-categoria\/intel-lectuals-i-produccio-cultural-a-mallorca-durant-el-franquisme-1939-1975\/"},"modified":"2018-03-10T00:09:49","modified_gmt":"2018-03-10T00:09:49","slug":"intel-lectuals-i-produccio-cultural-a-mallorca-durant-el-franquisme-1939-1975","status":"publish","type":"post","link":"https:\/\/www.deberes.net\/tesis\/historias-especializadas\/intel-lectuals-i-produccio-cultural-a-mallorca-durant-el-franquisme-1939-1975\/","title":{"rendered":"Intel. lectuals i producci\u00f3 cultural a mallorca durant el franquisme (1939-1975)"},"content":{"rendered":"<h2>Tesis doctoral de <strong> Jos\u00e9 M. Buades Juan <\/strong><\/h2>\n<p>El objetivo de esta tesis es mostar la actividad cultural e intelectual desarrollada en mallorca durante los a\u00f1os de la dictadura del general franco. la evoluci\u00f3n del sistema pol\u00edtico, que fue avanzando desde posiciones totalitarias hacia un autoritarismo corporativista, es perceptible en el diferente grado de permisividad que las autoridades franquistas mostraron hacia la producci\u00f3n ciet\u00edfica, literaria, period\u00edsitca, musical o art\u00edstica.  sin embargo, el cambio radical de las estructuras econ\u00f3micas y sociales de la isla que trajo consigo la eclosi\u00f3ndel turismo fue un factor de importancia aun mayor en la evoluci\u00f3n de las actividades intelectuales y culturales en mallorca. El crecimiento econ\u00f3mico y el contacto conpersonas que habitaban en pa\u00edses con reg\u00edmenes democr\u00e1ticos motivaron una reflexi\u00f3n sobre el pasado, el presente y el futuro de los mallorquines.  adem\u00e1s de los intelectuales locales, arraigados en la tradici\u00f3n literaria de las isla, mallorca alberg\u00f3 otras figuras de gran relevancia en el terreno de las letras, las artes y el pensamiento, lo cual propici\u00f3 la proliferaci\u00f3n de actividades culturales con proyecci\u00f3n internacional.<\/p>\n<p>&nbsp;<\/p>\n<h3>Datos acad\u00e9micos de la tesis doctoral \u00ab<strong>Intel. lectuals i producci\u00f3 cultural a mallorca durant el franquisme (1939-1975)<\/strong>\u00ab<\/h3>\n<ul>\n<li><strong>T\u00edtulo de la tesis:<\/strong>\u00a0 Intel. lectuals i producci\u00f3 cultural a mallorca durant el franquisme (1939-1975) <\/li>\n<li><strong>Autor:<\/strong>\u00a0 Jos\u00e9 M. Buades Juan <\/li>\n<li><strong>Universidad:<\/strong>\u00a0 Illes balears<\/li>\n<li><strong>Fecha de lectura de la tesis:<\/strong>\u00a0 28\/06\/2000<\/li>\n<\/ul>\n<p>&nbsp;<\/p>\n<h3>Direcci\u00f3n y tribunal<\/h3>\n<ul>\n<li><strong>Director de la tesis<\/strong>\n<ul>\n<li>Sebastia Serra Busquets<\/li>\n<\/ul>\n<\/li>\n<li><strong>Tribunal<\/strong>\n<ul>\n<li>Presidente del tribunal: miquel Duran pastor <\/li>\n<li>jordi Casassas ymbert (vocal)<\/li>\n<li>alfonso Cuco giner (vocal)<\/li>\n<li>enric Oliver serret (vocal)<\/li>\n<\/ul>\n<\/li>\n<\/ul>\n<p>&nbsp;<\/p>\n","protected":false},"excerpt":{"rendered":"<p>Tesis doctoral de Jos\u00e9 M. Buades Juan El objetivo de esta tesis es mostar la actividad cultural e intelectual desarrollada [&hellip;]<\/p>\n","protected":false},"author":1,"featured_media":0,"comment_status":"open","ping_status":"open","sticky":false,"template":"","format":"standard","meta":{"site-sidebar-layout":"default","site-content-layout":"","ast-site-content-layout":"","site-content-style":"default","site-sidebar-style":"default","ast-global-header-display":"","ast-banner-title-visibility":"","ast-main-header-display":"","ast-hfb-above-header-display":"","ast-hfb-below-header-display":"","ast-hfb-mobile-header-display":"","site-post-title":"","ast-breadcrumbs-content":"","ast-featured-img":"","footer-sml-layout":"","theme-transparent-header-meta":"","adv-header-id-meta":"","stick-header-meta":"","header-above-stick-meta":"","header-main-stick-meta":"","header-below-stick-meta":"","astra-migrate-meta-layouts":"default","ast-page-background-enabled":"default","ast-page-background-meta":{"desktop":{"background-color":"var(--ast-global-color-4)","background-image":"","background-repeat":"repeat","background-position":"center center","background-size":"auto","background-attachment":"scroll","background-type":"","background-media":"","overlay-type":"","overlay-color":"","overlay-gradient":""},"tablet":{"background-color":"","background-image":"","background-repeat":"repeat","background-position":"center center","background-size":"auto","background-attachment":"scroll","background-type":"","background-media":"","overlay-type":"","overlay-color":"","overlay-gradient":""},"mobile":{"background-color":"","background-image":"","background-repeat":"repeat","background-position":"center center","background-size":"auto","background-attachment":"scroll","background-type":"","background-media":"","overlay-type":"","overlay-color":"","overlay-gradient":""}},"ast-content-background-meta":{"desktop":{"background-color":"var(--ast-global-color-5)","background-image":"","background-repeat":"repeat","background-position":"center center","background-size":"auto","background-attachment":"scroll","background-type":"","background-media":"","overlay-type":"","overlay-color":"","overlay-gradient":""},"tablet":{"background-color":"var(--ast-global-color-5)","background-image":"","background-repeat":"repeat","background-position":"center center","background-size":"auto","background-attachment":"scroll","background-type":"","background-media":"","overlay-type":"","overlay-color":"","overlay-gradient":""},"mobile":{"background-color":"var(--ast-global-color-5)","background-image":"","background-repeat":"repeat","background-position":"center center","background-size":"auto","background-attachment":"scroll","background-type":"","background-media":"","overlay-type":"","overlay-color":"","overlay-gradient":""}},"footnotes":""},"categories":[4149,3538,222,19034],"tags":[19022,42649,19127,179786,19125,19124],"class_list":["post-85365","post","type-post","status-publish","format-standard","hentry","category-diseno-y-componentes-de-sistemas-de-informacion","category-historia-de-las-ideas-politicas","category-historias-especializadas","category-illes-balears","tag-alfonso-cuco-giner","tag-enric-oliver-serret","tag-jordi-casassas-ymbert","tag-jose-m-buades-juan","tag-miquel-duran-pastor","tag-sebastia-serra-busquets"],"_links":{"self":[{"href":"https:\/\/www.deberes.net\/tesis\/wp-json\/wp\/v2\/posts\/85365","targetHints":{"allow":["GET"]}}],"collection":[{"href":"https:\/\/www.deberes.net\/tesis\/wp-json\/wp\/v2\/posts"}],"about":[{"href":"https:\/\/www.deberes.net\/tesis\/wp-json\/wp\/v2\/types\/post"}],"author":[{"embeddable":true,"href":"https:\/\/www.deberes.net\/tesis\/wp-json\/wp\/v2\/users\/1"}],"replies":[{"embeddable":true,"href":"https:\/\/www.deberes.net\/tesis\/wp-json\/wp\/v2\/comments?post=85365"}],"version-history":[{"count":0,"href":"https:\/\/www.deberes.net\/tesis\/wp-json\/wp\/v2\/posts\/85365\/revisions"}],"wp:attachment":[{"href":"https:\/\/www.deberes.net\/tesis\/wp-json\/wp\/v2\/media?parent=85365"}],"wp:term":[{"taxonomy":"category","embeddable":true,"href":"https:\/\/www.deberes.net\/tesis\/wp-json\/wp\/v2\/categories?post=85365"},{"taxonomy":"post_tag","embeddable":true,"href":"https:\/\/www.deberes.net\/tesis\/wp-json\/wp\/v2\/tags?post=85365"}],"curies":[{"name":"wp","href":"https:\/\/api.w.org\/{rel}","templated":true}]}}