{"id":85376,"date":"2018-03-10T00:09:49","date_gmt":"2018-03-10T00:09:49","guid":{"rendered":"https:\/\/www.deberes.net\/tesis\/sin-categoria\/calidad-eficacia-y-clima-en-centros-educativos-modelos-de-evaluacion-y-relaciones-causales\/"},"modified":"2018-03-10T00:09:49","modified_gmt":"2018-03-10T00:09:49","slug":"calidad-eficacia-y-clima-en-centros-educativos-modelos-de-evaluacion-y-relaciones-causales","status":"publish","type":"post","link":"https:\/\/www.deberes.net\/tesis\/pedagogia\/calidad-eficacia-y-clima-en-centros-educativos-modelos-de-evaluacion-y-relaciones-causales\/","title":{"rendered":"Calidad, eficacia y clima en centros educativos: modelos de evaluaci\u00f3n y relaciones causales"},"content":{"rendered":"<h2>Tesis doctoral de <strong> Arturo Gal\u00e1n Gonz\u00e1lez <\/strong><\/h2>\n<p>En el trabajo de investigaci\u00f3n citado se parte de la preocupaci\u00f3n por la calidad educativa, que se concreta en el estudio de dicha caracteristica en los centros escolares. Nuestra hip\u00f3tesis central se identifica con el supuesto de que la calidad de los centros educativos puede evaluarse a trav\u00e9s de ciertos indicadores cuya elecci\u00f3n debe partir de un modelo te\u00f3rico susceptible de validaci\u00f3n emp\u00edrica.  para ello, abordamos en el primer cap\u00edtulo el concepto de calidad, describiendo seis grandes formas de entenderla. Defendemos que para hablar de calidad es necesario realizar una definici\u00f3n operativa de la misma. Por consiguiente, nos situamos en la concepci\u00f3n que se basa en la eficacia de los centros escolares. El concepto de calidad aparece necesariamente unido al de evaluaci\u00f3n, por lo que exponemos c\u00f3mo llevar a cabo la evaluaci\u00f3n de la calidad a trav\u00e9s de indicadores.  en este sentido, en el segundo cap\u00edtulo se trata la identificaci\u00f3n de los indicadores de eficacia escolar a partir del movimiento de las escuelas eficaces. As\u00ed se llega al tercer cap\u00edtilo, en el que se estudian los distintos modelos de evaluacion de centros escolares. En dichos modelos, especialmente en lo que tratan de explicar el funcionamiento interno de las organizaciones, el clima de la organizaci\u00f3n-clima escolar-(tambi\u00e9n llamado clima organizacional o clima de trabajo) ser revela como uno de los factores asociados a la calidad-y la eficacia-de los centros educativos. En consecuencia, en el cap\u00edtulo cuarto profundizamos en el estudio del clima.  finalmente, en el cap\u00edtulo quinto elaboramos un modelo causal de evaluaci\u00f3n de la calidad centrado en el clima de trabajo y otras variables asociadas a la eficacia(cultura, direcci\u00f3n,etc), cuyos productos finales son la eficacia percibida(consecuci\u00f3n de los objetivos del centro) por profesores y directivos y la satisfacci\u00f3n de la plantilla. En dicho modelo definimos, a partir de la literatura de inv<\/p>\n<p>&nbsp;<\/p>\n<h3>Datos acad\u00e9micos de la tesis doctoral \u00ab<strong>Calidad, eficacia y clima en centros educativos: modelos de evaluaci\u00f3n y relaciones causales<\/strong>\u00ab<\/h3>\n<ul>\n<li><strong>T\u00edtulo de la tesis:<\/strong>\u00a0 Calidad, eficacia y clima en centros educativos: modelos de evaluaci\u00f3n y relaciones causales <\/li>\n<li><strong>Autor:<\/strong>\u00a0 Arturo Gal\u00e1n Gonz\u00e1lez <\/li>\n<li><strong>Universidad:<\/strong>\u00a0 Complutense de Madrid<\/li>\n<li><strong>Fecha de lectura de la tesis:<\/strong>\u00a0 28\/06\/2000<\/li>\n<\/ul>\n<p>&nbsp;<\/p>\n<h3>Direcci\u00f3n y tribunal<\/h3>\n<ul>\n<li><strong>Director de la tesis<\/strong>\n<ul>\n<li> Orden Hoz Arturo De La<\/li>\n<\/ul>\n<\/li>\n<li><strong>Tribunal<\/strong>\n<ul>\n<li>Presidente del tribunal:  Garcia Ramos Jos\u00e9 Manuel <\/li>\n<li> Velaz De Medrano Ureta Consuelo (vocal)<\/li>\n<li>Mario Martin Bris (vocal)<\/li>\n<li>Margarita Vidal Lucena (vocal)<\/li>\n<\/ul>\n<\/li>\n<\/ul>\n<p>&nbsp;<\/p>\n","protected":false},"excerpt":{"rendered":"<p>Tesis doctoral de Arturo Gal\u00e1n Gonz\u00e1lez En el trabajo de investigaci\u00f3n citado se parte de la preocupaci\u00f3n por la calidad [&hellip;]<\/p>\n","protected":false},"author":1,"featured_media":0,"comment_status":"open","ping_status":"open","sticky":false,"template":"","format":"standard","meta":{"site-sidebar-layout":"default","site-content-layout":"","ast-site-content-layout":"","site-content-style":"default","site-sidebar-style":"default","ast-global-header-display":"","ast-banner-title-visibility":"","ast-main-header-display":"","ast-hfb-above-header-display":"","ast-hfb-below-header-display":"","ast-hfb-mobile-header-display":"","site-post-title":"","ast-breadcrumbs-content":"","ast-featured-img":"","footer-sml-layout":"","theme-transparent-header-meta":"","adv-header-id-meta":"","stick-header-meta":"","header-above-stick-meta":"","header-main-stick-meta":"","header-below-stick-meta":"","astra-migrate-meta-layouts":"default","ast-page-background-enabled":"default","ast-page-background-meta":{"desktop":{"background-color":"var(--ast-global-color-4)","background-image":"","background-repeat":"repeat","background-position":"center center","background-size":"auto","background-attachment":"scroll","background-type":"","background-media":"","overlay-type":"","overlay-color":"","overlay-gradient":""},"tablet":{"background-color":"","background-image":"","background-repeat":"repeat","background-position":"center center","background-size":"auto","background-attachment":"scroll","background-type":"","background-media":"","overlay-type":"","overlay-color":"","overlay-gradient":""},"mobile":{"background-color":"","background-image":"","background-repeat":"repeat","background-position":"center center","background-size":"auto","background-attachment":"scroll","background-type":"","background-media":"","overlay-type":"","overlay-color":"","overlay-gradient":""}},"ast-content-background-meta":{"desktop":{"background-color":"var(--ast-global-color-5)","background-image":"","background-repeat":"repeat","background-position":"center center","background-size":"auto","background-attachment":"scroll","background-type":"","background-media":"","overlay-type":"","overlay-color":"","overlay-gradient":""},"tablet":{"background-color":"var(--ast-global-color-5)","background-image":"","background-repeat":"repeat","background-position":"center center","background-size":"auto","background-attachment":"scroll","background-type":"","background-media":"","overlay-type":"","overlay-color":"","overlay-gradient":""},"mobile":{"background-color":"var(--ast-global-color-5)","background-image":"","background-repeat":"repeat","background-position":"center center","background-size":"auto","background-attachment":"scroll","background-type":"","background-media":"","overlay-type":"","overlay-color":"","overlay-gradient":""}},"footnotes":""},"categories":[7611,1184,1141],"tags":[60556,23463,176778,6621,4613,62977],"class_list":["post-85376","post","type-post","status-publish","format-standard","hentry","category-organizacion-y-direccion-de-las-instituciones-educativas","category-organizacion-y-planificacion-de-la-educacion","category-pedagogia","tag-arturo-galan-gonzalez","tag-garcia-ramos-jose-manuel","tag-margarita-vidal-lucena","tag-mario-martin-bris","tag-orden-hoz-arturo-de-la","tag-velaz-de-medrano-ureta-consuelo"],"_links":{"self":[{"href":"https:\/\/www.deberes.net\/tesis\/wp-json\/wp\/v2\/posts\/85376","targetHints":{"allow":["GET"]}}],"collection":[{"href":"https:\/\/www.deberes.net\/tesis\/wp-json\/wp\/v2\/posts"}],"about":[{"href":"https:\/\/www.deberes.net\/tesis\/wp-json\/wp\/v2\/types\/post"}],"author":[{"embeddable":true,"href":"https:\/\/www.deberes.net\/tesis\/wp-json\/wp\/v2\/users\/1"}],"replies":[{"embeddable":true,"href":"https:\/\/www.deberes.net\/tesis\/wp-json\/wp\/v2\/comments?post=85376"}],"version-history":[{"count":0,"href":"https:\/\/www.deberes.net\/tesis\/wp-json\/wp\/v2\/posts\/85376\/revisions"}],"wp:attachment":[{"href":"https:\/\/www.deberes.net\/tesis\/wp-json\/wp\/v2\/media?parent=85376"}],"wp:term":[{"taxonomy":"category","embeddable":true,"href":"https:\/\/www.deberes.net\/tesis\/wp-json\/wp\/v2\/categories?post=85376"},{"taxonomy":"post_tag","embeddable":true,"href":"https:\/\/www.deberes.net\/tesis\/wp-json\/wp\/v2\/tags?post=85376"}],"curies":[{"name":"wp","href":"https:\/\/api.w.org\/{rel}","templated":true}]}}