{"id":85394,"date":"2018-03-10T00:09:49","date_gmt":"2018-03-10T00:09:49","guid":{"rendered":"https:\/\/www.deberes.net\/tesis\/sin-categoria\/practicas-de-crianza-y-su-influencia-en-la-adaptacion-social-infantil\/"},"modified":"2018-03-10T00:09:49","modified_gmt":"2018-03-10T00:09:49","slug":"practicas-de-crianza-y-su-influencia-en-la-adaptacion-social-infantil","status":"publish","type":"post","link":"https:\/\/www.deberes.net\/tesis\/psicologia\/practicas-de-crianza-y-su-influencia-en-la-adaptacion-social-infantil\/","title":{"rendered":"Practicas de crianza y su influencia en la adaptacion social infantil"},"content":{"rendered":"<h2>Tesis doctoral de <strong>  Roa Capilla M. Luisa <\/strong><\/h2>\n<p>El objetivo de esta investigaci\u00f3n es evaluar las practicas de crianza desde la perspectiva de la madre y del hijo.  los resultados indican, que las variables sociodemogr\u00e1ficas maternas que destacan como mediadoras en la crianza y adaptaci\u00f3n social del ni\u00f1o son: la clase social y las relaciones matrimoniales.  las variables sociodemogr\u00e1ficas del ni\u00f1o que destaca por su intervenci\u00f3n en la crianza son: la edad y sexo.  entre los elementos personales de la madre que pueden explicar los distintos tipos de crianza, se encuentra el \u00abneuroticismo\u00bb que destaca como factor negativo. Por el contrario la \u00abextraversi\u00f3n\u00bb favorece la crianza.  en lo que respecta a los  h\u00e1bitos de crianza en relaci\u00f3n con los problemas infantiles, cuando la fuente informante es la madre, el \u00abapoyo\u00bb y la \u00abdisciplina\u00bb se han manifestado como los dos elementos m\u00e1s relevantes en la adaptaci\u00f3n social del ni\u00f1o, pudiendo decir que estos son esenciales para su bienestar.  cuando la fuente informante es el ni\u00f1o, los niveles altos de \u00abapoyo\u00bb, \u00abcompromiso\u00bb, y \u00abcomunicaci\u00f3n\u00bb, disminuyen la sintomatolog\u00eda depresiva en el ni\u00f1o.<\/p>\n<p>&nbsp;<\/p>\n<h3>Datos acad\u00e9micos de la tesis doctoral \u00ab<strong>Practicas de crianza y su influencia en la adaptacion social infantil<\/strong>\u00ab<\/h3>\n<ul>\n<li><strong>T\u00edtulo de la tesis:<\/strong>\u00a0 Practicas de crianza y su influencia en la adaptacion social infantil <\/li>\n<li><strong>Autor:<\/strong>\u00a0  Roa Capilla M. Luisa <\/li>\n<li><strong>Universidad:<\/strong>\u00a0 Nacional de educaci\u00f3n a distancia<\/li>\n<li><strong>Fecha de lectura de la tesis:<\/strong>\u00a0 28\/06\/2000<\/li>\n<\/ul>\n<p>&nbsp;<\/p>\n<h3>Direcci\u00f3n y tribunal<\/h3>\n<ul>\n<li><strong>Director de la tesis<\/strong>\n<ul>\n<li>Mar\u00eda  Victoria Del Barrio G\u00e1ndara<\/li>\n<\/ul>\n<\/li>\n<li><strong>Tribunal<\/strong>\n<ul>\n<li>Presidente del tribunal:  Perez garcia Ana Mar\u00eda <\/li>\n<li>vicenta Mestre escriv\u00e1 (vocal)<\/li>\n<li>amparo Osca segovia (vocal)<\/li>\n<li>remedios Gonzalez (vocal)<\/li>\n<\/ul>\n<\/li>\n<\/ul>\n<p>&nbsp;<\/p>\n","protected":false},"excerpt":{"rendered":"<p>Tesis doctoral de Roa Capilla M. Luisa El objetivo de esta investigaci\u00f3n es evaluar las practicas de crianza desde la [&hellip;]<\/p>\n","protected":false},"author":1,"featured_media":0,"comment_status":"open","ping_status":"open","sticky":false,"template":"","format":"standard","meta":{"site-sidebar-layout":"default","site-content-layout":"","ast-site-content-layout":"","site-content-style":"default","site-sidebar-style":"default","ast-global-header-display":"","ast-banner-title-visibility":"","ast-main-header-display":"","ast-hfb-above-header-display":"","ast-hfb-below-header-display":"","ast-hfb-mobile-header-display":"","site-post-title":"","ast-breadcrumbs-content":"","ast-featured-img":"","footer-sml-layout":"","theme-transparent-header-meta":"","adv-header-id-meta":"","stick-header-meta":"","header-above-stick-meta":"","header-main-stick-meta":"","header-below-stick-meta":"","astra-migrate-meta-layouts":"default","ast-page-background-enabled":"default","ast-page-background-meta":{"desktop":{"background-color":"var(--ast-global-color-4)","background-image":"","background-repeat":"repeat","background-position":"center center","background-size":"auto","background-attachment":"scroll","background-type":"","background-media":"","overlay-type":"","overlay-color":"","overlay-gradient":""},"tablet":{"background-color":"","background-image":"","background-repeat":"repeat","background-position":"center center","background-size":"auto","background-attachment":"scroll","background-type":"","background-media":"","overlay-type":"","overlay-color":"","overlay-gradient":""},"mobile":{"background-color":"","background-image":"","background-repeat":"repeat","background-position":"center center","background-size":"auto","background-attachment":"scroll","background-type":"","background-media":"","overlay-type":"","overlay-color":"","overlay-gradient":""}},"ast-content-background-meta":{"desktop":{"background-color":"var(--ast-global-color-5)","background-image":"","background-repeat":"repeat","background-position":"center center","background-size":"auto","background-attachment":"scroll","background-type":"","background-media":"","overlay-type":"","overlay-color":"","overlay-gradient":""},"tablet":{"background-color":"var(--ast-global-color-5)","background-image":"","background-repeat":"repeat","background-position":"center center","background-size":"auto","background-attachment":"scroll","background-type":"","background-media":"","overlay-type":"","overlay-color":"","overlay-gradient":""},"mobile":{"background-color":"var(--ast-global-color-5)","background-image":"","background-repeat":"repeat","background-position":"center center","background-size":"auto","background-attachment":"scroll","background-type":"","background-media":"","overlay-type":"","overlay-color":"","overlay-gradient":""}},"footnotes":""},"categories":[32400,9795,17070,6894,324],"tags":[50582,11445,172526,179828,179827,41571],"class_list":["post-85394","post","type-post","status-publish","format-standard","hentry","category-desarrollo-de-la-personalidad","category-estructura-y-dinamica-de-la-personalidad","category-nacional-de-educacion-a-distancia","category-personalidad","category-psicologia","tag-amparo-osca-segovia","tag-maria-victoria-del-barrio-gandara","tag-perez-garcia-ana-maria","tag-remedios-gonzalez","tag-roa-capilla-m-luisa","tag-vicenta-mestre-escriva"],"_links":{"self":[{"href":"https:\/\/www.deberes.net\/tesis\/wp-json\/wp\/v2\/posts\/85394","targetHints":{"allow":["GET"]}}],"collection":[{"href":"https:\/\/www.deberes.net\/tesis\/wp-json\/wp\/v2\/posts"}],"about":[{"href":"https:\/\/www.deberes.net\/tesis\/wp-json\/wp\/v2\/types\/post"}],"author":[{"embeddable":true,"href":"https:\/\/www.deberes.net\/tesis\/wp-json\/wp\/v2\/users\/1"}],"replies":[{"embeddable":true,"href":"https:\/\/www.deberes.net\/tesis\/wp-json\/wp\/v2\/comments?post=85394"}],"version-history":[{"count":0,"href":"https:\/\/www.deberes.net\/tesis\/wp-json\/wp\/v2\/posts\/85394\/revisions"}],"wp:attachment":[{"href":"https:\/\/www.deberes.net\/tesis\/wp-json\/wp\/v2\/media?parent=85394"}],"wp:term":[{"taxonomy":"category","embeddable":true,"href":"https:\/\/www.deberes.net\/tesis\/wp-json\/wp\/v2\/categories?post=85394"},{"taxonomy":"post_tag","embeddable":true,"href":"https:\/\/www.deberes.net\/tesis\/wp-json\/wp\/v2\/tags?post=85394"}],"curies":[{"name":"wp","href":"https:\/\/api.w.org\/{rel}","templated":true}]}}