{"id":85468,"date":"2018-03-10T00:09:57","date_gmt":"2018-03-10T00:09:57","guid":{"rendered":"https:\/\/www.deberes.net\/tesis\/sin-categoria\/un-estudio-historico-y-arqueologico-sobre-la-alhambra-la-decoracion-en-azulejos\/"},"modified":"2018-03-10T00:09:57","modified_gmt":"2018-03-10T00:09:57","slug":"un-estudio-historico-y-arqueologico-sobre-la-alhambra-la-decoracion-en-azulejos","status":"publish","type":"post","link":"https:\/\/www.deberes.net\/tesis\/historia\/un-estudio-historico-y-arqueologico-sobre-la-alhambra-la-decoracion-en-azulejos\/","title":{"rendered":"Un estudio hist\u00f3rico y arqueologico sobre la alhambra. la decoracion en azulejos."},"content":{"rendered":"<h2>Tesis doctoral de <strong>  Salameh Ibrahim Mohammad Ioda <\/strong><\/h2>\n<p>Se parte de un an\u00e1lisis hist\u00f3rico de la alhambra, considerando que primero es una fortificaci\u00f3n unida a la ciudad de granada y, m\u00e1s tarde, con la llegada de los nazar\u00edes, una ciudad palatina. Se estudian cada uno y todos los componentes que la integran(alcazaba, murallas y torres, palacios, ciudad y parte periurbana, como el generalife).  tras la necesaria contextualizaci\u00f3n hist\u00f3rico-arqueol\u00f3gica, se desarrolla el n\u00facleo de la investigaci\u00f3n partiendo de un trabajo de catalogaci\u00f3n de la cer\u00e1mica  vidriada utilizada como elemento decorativo. As\u00ed, se examinan las t\u00e9cnicas de fabricaci\u00f3n, la simbolog\u00eda y los colores, para establecer cronolog\u00edas y poder se\u00f1alar paralelismos que ayuden a explicar la utilizaci\u00f3n de estas cer\u00e1micas.  es as\u00ed como se puede establecer un uso de la azulejer\u00eda y de otros componentes al que acudir para explicar y fijar el papel de esta t\u00e9cnica y su empleo en determinados aspectos culturales y tambi\u00e9n religiosos(desarrollo del sufismo., Por ejemplo).<\/p>\n<p>&nbsp;<\/p>\n<h3>Datos acad\u00e9micos de la tesis doctoral \u00ab<strong>Un estudio hist\u00f3rico y arqueologico sobre la alhambra. la decoracion en azulejos.<\/strong>\u00ab<\/h3>\n<ul>\n<li><strong>T\u00edtulo de la tesis:<\/strong>\u00a0 Un estudio hist\u00f3rico y arqueologico sobre la alhambra. la decoracion en azulejos. <\/li>\n<li><strong>Autor:<\/strong>\u00a0  Salameh Ibrahim Mohammad Ioda <\/li>\n<li><strong>Universidad:<\/strong>\u00a0 Granada<\/li>\n<li><strong>Fecha de lectura de la tesis:<\/strong>\u00a0 30\/06\/2000<\/li>\n<\/ul>\n<p>&nbsp;<\/p>\n<h3>Direcci\u00f3n y tribunal<\/h3>\n<ul>\n<li><strong>Director de la tesis<\/strong>\n<ul>\n<li>Antonio Malpica Cuello<\/li>\n<\/ul>\n<\/li>\n<li><strong>Tribunal<\/strong>\n<ul>\n<li>Presidente del tribunal: crist\u00f3bal Torres delgado <\/li>\n<li>ricardo Izquierdo benito (vocal)<\/li>\n<li>alfonso Franco silva (vocal)<\/li>\n<li> Castillo armenteros Juan  Carlos (vocal)<\/li>\n<\/ul>\n<\/li>\n<\/ul>\n<p>&nbsp;<\/p>\n","protected":false},"excerpt":{"rendered":"<p>Tesis doctoral de Salameh Ibrahim Mohammad Ioda Se parte de un an\u00e1lisis hist\u00f3rico de la alhambra, considerando que primero es [&hellip;]<\/p>\n","protected":false},"author":1,"featured_media":0,"comment_status":"open","ping_status":"open","sticky":false,"template":"","format":"standard","meta":{"site-sidebar-layout":"default","site-content-layout":"","ast-site-content-layout":"","site-content-style":"default","site-sidebar-style":"default","ast-global-header-display":"","ast-banner-title-visibility":"","ast-main-header-display":"","ast-hfb-above-header-display":"","ast-hfb-below-header-display":"","ast-hfb-mobile-header-display":"","site-post-title":"","ast-breadcrumbs-content":"","ast-featured-img":"","footer-sml-layout":"","theme-transparent-header-meta":"","adv-header-id-meta":"","stick-header-meta":"","header-above-stick-meta":"","header-main-stick-meta":"","header-below-stick-meta":"","astra-migrate-meta-layouts":"default","ast-page-background-enabled":"default","ast-page-background-meta":{"desktop":{"background-color":"var(--ast-global-color-4)","background-image":"","background-repeat":"repeat","background-position":"center center","background-size":"auto","background-attachment":"scroll","background-type":"","background-media":"","overlay-type":"","overlay-color":"","overlay-gradient":""},"tablet":{"background-color":"","background-image":"","background-repeat":"repeat","background-position":"center center","background-size":"auto","background-attachment":"scroll","background-type":"","background-media":"","overlay-type":"","overlay-color":"","overlay-gradient":""},"mobile":{"background-color":"","background-image":"","background-repeat":"repeat","background-position":"center center","background-size":"auto","background-attachment":"scroll","background-type":"","background-media":"","overlay-type":"","overlay-color":"","overlay-gradient":""}},"ast-content-background-meta":{"desktop":{"background-color":"var(--ast-global-color-5)","background-image":"","background-repeat":"repeat","background-position":"center center","background-size":"auto","background-attachment":"scroll","background-type":"","background-media":"","overlay-type":"","overlay-color":"","overlay-gradient":""},"tablet":{"background-color":"var(--ast-global-color-5)","background-image":"","background-repeat":"repeat","background-position":"center center","background-size":"auto","background-attachment":"scroll","background-type":"","background-media":"","overlay-type":"","overlay-color":"","overlay-gradient":""},"mobile":{"background-color":"var(--ast-global-color-5)","background-image":"","background-repeat":"repeat","background-position":"center center","background-size":"auto","background-attachment":"scroll","background-type":"","background-media":"","overlay-type":"","overlay-color":"","overlay-gradient":""}},"footnotes":""},"categories":[1623,1624,104,16073,1014,222],"tags":[1749,21976,32836,21977,30784,179940],"class_list":["post-85468","post","type-post","status-publish","format-standard","hentry","category-arqueologia","category-ciencias-auxiliares-de-la-historia","category-historia","category-historia-de-la-arquitectura-arabe","category-historia-del-arte","category-historias-especializadas","tag-alfonso-franco-silva","tag-antonio-malpica-cuello","tag-castillo-armenteros-juan-carlos","tag-cristobal-torres-delgado","tag-ricardo-izquierdo-benito","tag-salameh-ibrahim-mohammad-ioda"],"_links":{"self":[{"href":"https:\/\/www.deberes.net\/tesis\/wp-json\/wp\/v2\/posts\/85468","targetHints":{"allow":["GET"]}}],"collection":[{"href":"https:\/\/www.deberes.net\/tesis\/wp-json\/wp\/v2\/posts"}],"about":[{"href":"https:\/\/www.deberes.net\/tesis\/wp-json\/wp\/v2\/types\/post"}],"author":[{"embeddable":true,"href":"https:\/\/www.deberes.net\/tesis\/wp-json\/wp\/v2\/users\/1"}],"replies":[{"embeddable":true,"href":"https:\/\/www.deberes.net\/tesis\/wp-json\/wp\/v2\/comments?post=85468"}],"version-history":[{"count":0,"href":"https:\/\/www.deberes.net\/tesis\/wp-json\/wp\/v2\/posts\/85468\/revisions"}],"wp:attachment":[{"href":"https:\/\/www.deberes.net\/tesis\/wp-json\/wp\/v2\/media?parent=85468"}],"wp:term":[{"taxonomy":"category","embeddable":true,"href":"https:\/\/www.deberes.net\/tesis\/wp-json\/wp\/v2\/categories?post=85468"},{"taxonomy":"post_tag","embeddable":true,"href":"https:\/\/www.deberes.net\/tesis\/wp-json\/wp\/v2\/tags?post=85468"}],"curies":[{"name":"wp","href":"https:\/\/api.w.org\/{rel}","templated":true}]}}