{"id":85476,"date":"2018-03-10T00:09:57","date_gmt":"2018-03-10T00:09:57","guid":{"rendered":"https:\/\/www.deberes.net\/tesis\/sin-categoria\/los-actos-administrativos-en-materia-de-trabajo-y-seguridad-social-y-su-control-jurisdiccional\/"},"modified":"2018-03-10T00:09:57","modified_gmt":"2018-03-10T00:09:57","slug":"los-actos-administrativos-en-materia-de-trabajo-y-seguridad-social-y-su-control-jurisdiccional","status":"publish","type":"post","link":"https:\/\/www.deberes.net\/tesis\/ciencias-juridicas-y-derecho\/los-actos-administrativos-en-materia-de-trabajo-y-seguridad-social-y-su-control-jurisdiccional\/","title":{"rendered":"Los actos administrativos en materia de trabajo y seguridad social y su control jurisdiccional"},"content":{"rendered":"<h2>Tesis doctoral de <strong> Rodrigo Martin Jimenez <\/strong><\/h2>\n<p>La intervenci\u00f3n de las administraciones p\u00fablicas en el \u00e1mbito de las relaciones laborales presenta cuatro vertientes fundamentales: trabajo, empleo, seguridad social, seguridad y salud en el trabajo. En materia de trabajo la intervenci\u00f3n administrativa est\u00e1 en retroceso como consecuencia, b\u00e1sicamente de la autonom\u00eda individual y colectiva. Sin embargo, el intervencinismo administrativo en materia de empleo, seguridad social y seguridad y salud en trabajo ha experimentado un incremento considerable como consecuencia de los intereses genrales hoy predominantes.  la determinaci\u00f3n del orden jurisdiccional competente para conocer de las pretensiones impugnatorias de los actos administrativos de las pretensiones impugnatorias de los actos administrativos en las materias citadas siempre ha resultado compleja. Tradicionalmente el orden jurisdiccional contencioso-administrativo ha conocido de las pr\u00e1ctica totalidad de estos actos. Sin embargo, desde 1990, el orden jurisdiccional social ha amplaido su \u00e1mbito sutantivo como consecuencia de determinadas atribuciones legales, as\u00ed como alguna jurisprudencia favorable a una interpretaci\u00f3n extensiva de la expresi\u00f3n \u00abrama social del derecho\u00bb, determinante de la competencia de este orden jurisdiccional.  en el estudio que presentamos se analiza no s\u00f3lo los actos administrativos en las materias ya referidas, sino tambi\u00e9n la determinaci\u00f3n del orden jurisdiccional competente para conocer de estos actos.<\/p>\n<p>&nbsp;<\/p>\n<h3>Datos acad\u00e9micos de la tesis doctoral \u00ab<strong>Los actos administrativos en materia de trabajo y seguridad social y su control jurisdiccional<\/strong>\u00ab<\/h3>\n<ul>\n<li><strong>T\u00edtulo de la tesis:<\/strong>\u00a0 Los actos administrativos en materia de trabajo y seguridad social y su control jurisdiccional <\/li>\n<li><strong>Autor:<\/strong>\u00a0 Rodrigo Martin Jimenez <\/li>\n<li><strong>Universidad:<\/strong>\u00a0 Complutense de Madrid<\/li>\n<li><strong>Fecha de lectura de la tesis:<\/strong>\u00a0 30\/06\/2000<\/li>\n<\/ul>\n<p>&nbsp;<\/p>\n<h3>Direcci\u00f3n y tribunal<\/h3>\n<ul>\n<li><strong>Director de la tesis<\/strong>\n<ul>\n<li>Alfredo Montoya Melgar<\/li>\n<\/ul>\n<\/li>\n<li><strong>Tribunal<\/strong>\n<ul>\n<li>Presidente del tribunal: Juan  Antonio Sagardoy bengoechea <\/li>\n<li>Antonio  vicente Sempere navarro (vocal)<\/li>\n<li>Fernando Sainz moreno (vocal)<\/li>\n<li> Ortiz lallana Mar\u00eda  del carmen (vocal)<\/li>\n<\/ul>\n<\/li>\n<\/ul>\n<p>&nbsp;<\/p>\n","protected":false},"excerpt":{"rendered":"<p>Tesis doctoral de Rodrigo Martin Jimenez La intervenci\u00f3n de las administraciones p\u00fablicas en el \u00e1mbito de las relaciones laborales presenta [&hellip;]<\/p>\n","protected":false},"author":1,"featured_media":0,"comment_status":"open","ping_status":"open","sticky":false,"template":"","format":"standard","meta":{"site-sidebar-layout":"default","site-content-layout":"","ast-site-content-layout":"","site-content-style":"default","site-sidebar-style":"default","ast-global-header-display":"","ast-banner-title-visibility":"","ast-main-header-display":"","ast-hfb-above-header-display":"","ast-hfb-below-header-display":"","ast-hfb-mobile-header-display":"","site-post-title":"","ast-breadcrumbs-content":"","ast-featured-img":"","footer-sml-layout":"","theme-transparent-header-meta":"","adv-header-id-meta":"","stick-header-meta":"","header-above-stick-meta":"","header-main-stick-meta":"","header-below-stick-meta":"","astra-migrate-meta-layouts":"default","ast-page-background-enabled":"default","ast-page-background-meta":{"desktop":{"background-color":"var(--ast-global-color-4)","background-image":"","background-repeat":"repeat","background-position":"center center","background-size":"auto","background-attachment":"scroll","background-type":"","background-media":"","overlay-type":"","overlay-color":"","overlay-gradient":""},"tablet":{"background-color":"","background-image":"","background-repeat":"repeat","background-position":"center center","background-size":"auto","background-attachment":"scroll","background-type":"","background-media":"","overlay-type":"","overlay-color":"","overlay-gradient":""},"mobile":{"background-color":"","background-image":"","background-repeat":"repeat","background-position":"center center","background-size":"auto","background-attachment":"scroll","background-type":"","background-media":"","overlay-type":"","overlay-color":"","overlay-gradient":""}},"ast-content-background-meta":{"desktop":{"background-color":"var(--ast-global-color-5)","background-image":"","background-repeat":"repeat","background-position":"center center","background-size":"auto","background-attachment":"scroll","background-type":"","background-media":"","overlay-type":"","overlay-color":"","overlay-gradient":""},"tablet":{"background-color":"var(--ast-global-color-5)","background-image":"","background-repeat":"repeat","background-position":"center center","background-size":"auto","background-attachment":"scroll","background-type":"","background-media":"","overlay-type":"","overlay-color":"","overlay-gradient":""},"mobile":{"background-color":"var(--ast-global-color-5)","background-image":"","background-repeat":"repeat","background-position":"center center","background-size":"auto","background-attachment":"scroll","background-type":"","background-media":"","overlay-type":"","overlay-color":"","overlay-gradient":""}},"footnotes":""},"categories":[612,2170,979],"tags":[5169,24532,7137,23030,179953,125622],"class_list":["post-85476","post","type-post","status-publish","format-standard","hentry","category-ciencias-juridicas-y-derecho","category-derecho-del-trabajo-y-de-la-seguridad-social","category-derecho-y-legislacion-nacionales","tag-alfredo-montoya-melgar","tag-antonio-vicente-sempere-navarro","tag-fernando-sainz-moreno","tag-juan-antonio-sagardoy-bengoechea","tag-ortiz-lallana-maria-del-carmen","tag-rodrigo-martin-jimenez"],"_links":{"self":[{"href":"https:\/\/www.deberes.net\/tesis\/wp-json\/wp\/v2\/posts\/85476","targetHints":{"allow":["GET"]}}],"collection":[{"href":"https:\/\/www.deberes.net\/tesis\/wp-json\/wp\/v2\/posts"}],"about":[{"href":"https:\/\/www.deberes.net\/tesis\/wp-json\/wp\/v2\/types\/post"}],"author":[{"embeddable":true,"href":"https:\/\/www.deberes.net\/tesis\/wp-json\/wp\/v2\/users\/1"}],"replies":[{"embeddable":true,"href":"https:\/\/www.deberes.net\/tesis\/wp-json\/wp\/v2\/comments?post=85476"}],"version-history":[{"count":0,"href":"https:\/\/www.deberes.net\/tesis\/wp-json\/wp\/v2\/posts\/85476\/revisions"}],"wp:attachment":[{"href":"https:\/\/www.deberes.net\/tesis\/wp-json\/wp\/v2\/media?parent=85476"}],"wp:term":[{"taxonomy":"category","embeddable":true,"href":"https:\/\/www.deberes.net\/tesis\/wp-json\/wp\/v2\/categories?post=85476"},{"taxonomy":"post_tag","embeddable":true,"href":"https:\/\/www.deberes.net\/tesis\/wp-json\/wp\/v2\/tags?post=85476"}],"curies":[{"name":"wp","href":"https:\/\/api.w.org\/{rel}","templated":true}]}}