{"id":85496,"date":"2018-03-10T00:09:57","date_gmt":"2018-03-10T00:09:57","guid":{"rendered":"https:\/\/www.deberes.net\/tesis\/sin-categoria\/el-nacionalismo-vasco-en-guipuzcoa-ora%c2%adgenes-organizacion-y-actuacion-pola%c2%adtica-1893-1923\/"},"modified":"2018-03-10T00:09:57","modified_gmt":"2018-03-10T00:09:57","slug":"el-nacionalismo-vasco-en-guipuzcoa-ora%c2%adgenes-organizacion-y-actuacion-pola%c2%adtica-1893-1923","status":"publish","type":"post","link":"https:\/\/www.deberes.net\/tesis\/historia\/el-nacionalismo-vasco-en-guipuzcoa-ora%c2%adgenes-organizacion-y-actuacion-pola%c2%adtica-1893-1923\/","title":{"rendered":"El nacionalismo vasco en guipuzcoa: or\u00edgenes, organizaci\u00f3n y actuaci\u00f3n pol\u00edtica (1893-1923)"},"content":{"rendered":"<h2>Tesis doctoral de <strong> Mikel Xabier Aizpuru Murua <\/strong><\/h2>\n<p>Los rasgos distintivos del nacionalismo vasco guipuzcoa constituyen una triolog\u00eda formada por  la defensa de la religi\u00f3n y la moral tradicional, la reinvindicaci\u00f3n del sitema foral y la preeminencia de idioma como eje de la nacionalidad. Ninguno de los tres elementos, tomando aisladamente supone un factor diferenciador del nacionalismo respecto de otras fuerzas pol\u00edticas.  es la s\u00edntesis de estos tres elementos y la capacidad organizativa del nacionalismo los que permitieron y facilitaron el importante crecimiento experimentado por la comuni\u00f3n nacionalista vasca a finales del per\u00edodo aqu\u00ed analizado. La confuencia de todos estos factores refuerza el car\u00e1cter polis\u00e9mico y plurar del nacionalismo.  gracias al mismo, \u00e9ste adecu\u00f3 su mensaje y pr\u00e1ctica pol\u00edtica a la realidad guipuzcoana, \u00fanica o principal forma de asentarse en la misma, dadas sus limitaciones y caracter\u00edsticas.<\/p>\n<p>&nbsp;<\/p>\n<h3>Datos acad\u00e9micos de la tesis doctoral \u00ab<strong>El nacionalismo vasco en guipuzcoa: or\u00edgenes, organizaci\u00f3n y actuaci\u00f3n pol\u00edtica (1893-1923)<\/strong>\u00ab<\/h3>\n<ul>\n<li><strong>T\u00edtulo de la tesis:<\/strong>\u00a0 El nacionalismo vasco en guipuzcoa: or\u00edgenes, organizaci\u00f3n y actuaci\u00f3n pol\u00edtica (1893-1923) <\/li>\n<li><strong>Autor:<\/strong>\u00a0 Mikel Xabier Aizpuru Murua <\/li>\n<li><strong>Universidad:<\/strong>\u00a0 Pa\u00eds vasco\/euskal herriko unibertsitatea<\/li>\n<li><strong>Fecha de lectura de la tesis:<\/strong>\u00a0 30\/06\/2000<\/li>\n<\/ul>\n<p>&nbsp;<\/p>\n<h3>Direcci\u00f3n y tribunal<\/h3>\n<ul>\n<li><strong>Director de la tesis<\/strong>\n<ul>\n<li>Juan  Pablo Fusi Aizpurua<\/li>\n<\/ul>\n<\/li>\n<li><strong>Tribunal<\/strong>\n<ul>\n<li>Presidente del tribunal: javier Corcuera atienza <\/li>\n<li>pere Gabriel sirvent (vocal)<\/li>\n<li>felix Luengo teixidor (vocal)<\/li>\n<li>justo Gonz\u00e1lez beramendi (vocal)<\/li>\n<\/ul>\n<\/li>\n<\/ul>\n<p>&nbsp;<\/p>\n","protected":false},"excerpt":{"rendered":"<p>Tesis doctoral de Mikel Xabier Aizpuru Murua Los rasgos distintivos del nacionalismo vasco guipuzcoa constituyen una triolog\u00eda formada por la [&hellip;]<\/p>\n","protected":false},"author":1,"featured_media":0,"comment_status":"open","ping_status":"open","sticky":false,"template":"","format":"standard","meta":{"site-sidebar-layout":"default","site-content-layout":"","ast-site-content-layout":"","site-content-style":"default","site-sidebar-style":"default","ast-global-header-display":"","ast-banner-title-visibility":"","ast-main-header-display":"","ast-hfb-above-header-display":"","ast-hfb-below-header-display":"","ast-hfb-mobile-header-display":"","site-post-title":"","ast-breadcrumbs-content":"","ast-featured-img":"","footer-sml-layout":"","theme-transparent-header-meta":"","adv-header-id-meta":"","stick-header-meta":"","header-above-stick-meta":"","header-main-stick-meta":"","header-below-stick-meta":"","astra-migrate-meta-layouts":"default","ast-page-background-enabled":"default","ast-page-background-meta":{"desktop":{"background-color":"var(--ast-global-color-4)","background-image":"","background-repeat":"repeat","background-position":"center center","background-size":"auto","background-attachment":"scroll","background-type":"","background-media":"","overlay-type":"","overlay-color":"","overlay-gradient":""},"tablet":{"background-color":"","background-image":"","background-repeat":"repeat","background-position":"center center","background-size":"auto","background-attachment":"scroll","background-type":"","background-media":"","overlay-type":"","overlay-color":"","overlay-gradient":""},"mobile":{"background-color":"","background-image":"","background-repeat":"repeat","background-position":"center center","background-size":"auto","background-attachment":"scroll","background-type":"","background-media":"","overlay-type":"","overlay-color":"","overlay-gradient":""}},"ast-content-background-meta":{"desktop":{"background-color":"var(--ast-global-color-5)","background-image":"","background-repeat":"repeat","background-position":"center center","background-size":"auto","background-attachment":"scroll","background-type":"","background-media":"","overlay-type":"","overlay-color":"","overlay-gradient":""},"tablet":{"background-color":"var(--ast-global-color-5)","background-image":"","background-repeat":"repeat","background-position":"center center","background-size":"auto","background-attachment":"scroll","background-type":"","background-media":"","overlay-type":"","overlay-color":"","overlay-gradient":""},"mobile":{"background-color":"var(--ast-global-color-5)","background-image":"","background-repeat":"repeat","background-position":"center center","background-size":"auto","background-attachment":"scroll","background-type":"","background-media":"","overlay-type":"","overlay-color":"","overlay-gradient":""}},"footnotes":""},"categories":[104,1816,3538,639,220,981,222,12909],"tags":[28184,12945,6662,87647,161137,19126],"class_list":["post-85496","post","type-post","status-publish","format-standard","hentry","category-historia","category-historia-contemporanea","category-historia-de-las-ideas-politicas","category-historia-de-paises","category-historia-por-epocas","category-historia-regional","category-historias-especializadas","category-pais-vasco-euskal-herriko-unibertsitatea","tag-felix-luengo-teixidor","tag-javier-corcuera-atienza","tag-juan-pablo-fusi-aizpurua","tag-justo-gonzalez-beramendi","tag-mikel-xabier-aizpuru-murua","tag-pere-gabriel-sirvent"],"_links":{"self":[{"href":"https:\/\/www.deberes.net\/tesis\/wp-json\/wp\/v2\/posts\/85496","targetHints":{"allow":["GET"]}}],"collection":[{"href":"https:\/\/www.deberes.net\/tesis\/wp-json\/wp\/v2\/posts"}],"about":[{"href":"https:\/\/www.deberes.net\/tesis\/wp-json\/wp\/v2\/types\/post"}],"author":[{"embeddable":true,"href":"https:\/\/www.deberes.net\/tesis\/wp-json\/wp\/v2\/users\/1"}],"replies":[{"embeddable":true,"href":"https:\/\/www.deberes.net\/tesis\/wp-json\/wp\/v2\/comments?post=85496"}],"version-history":[{"count":0,"href":"https:\/\/www.deberes.net\/tesis\/wp-json\/wp\/v2\/posts\/85496\/revisions"}],"wp:attachment":[{"href":"https:\/\/www.deberes.net\/tesis\/wp-json\/wp\/v2\/media?parent=85496"}],"wp:term":[{"taxonomy":"category","embeddable":true,"href":"https:\/\/www.deberes.net\/tesis\/wp-json\/wp\/v2\/categories?post=85496"},{"taxonomy":"post_tag","embeddable":true,"href":"https:\/\/www.deberes.net\/tesis\/wp-json\/wp\/v2\/tags?post=85496"}],"curies":[{"name":"wp","href":"https:\/\/api.w.org\/{rel}","templated":true}]}}