{"id":85521,"date":"2018-03-10T00:09:57","date_gmt":"2018-03-10T00:09:57","guid":{"rendered":"https:\/\/www.deberes.net\/tesis\/sin-categoria\/cesion-y-licencia-de-marca-a-la-luz-de-la-doctrina-del-agotamiento\/"},"modified":"2018-03-10T00:09:57","modified_gmt":"2018-03-10T00:09:57","slug":"cesion-y-licencia-de-marca-a-la-luz-de-la-doctrina-del-agotamiento","status":"publish","type":"post","link":"https:\/\/www.deberes.net\/tesis\/ciencias-juridicas-y-derecho\/cesion-y-licencia-de-marca-a-la-luz-de-la-doctrina-del-agotamiento\/","title":{"rendered":"\u00abcesion y licencia de marca a la luz de la doctrina del agotamiento\u00bb"},"content":{"rendered":"<h2>Tesis doctoral de <strong> Blanca Torrubia Chalmeta <\/strong><\/h2>\n<p>La consideracion de la indicacion del origen empresarial como funci\u00f3n esencial de la marca, ha provocado que el tribunal de justicia de las comunidades europeas haya reconocido en la sentencia \u00abideal standard\u00bb la posibilidad que en caso de cesi\u00f3n de una marca, el cedente pueda oponerse a las importaciones de los productos del cesionario.  partiendo de que la \u00fanica funci\u00f3n esencial de la marca es la funci\u00f3n dstintiva de productos y servicios, se alcanza una soluci\u00f3n distinta a la del tribunal de justicia, por cuanto que la aplicaci\u00f3n de la regla del agotamiento del derecho de marca, debe conducir, en caso de cesi\u00f3n de marca, a mantener vigente el principio de libre circulaci\u00f3n de mercancias en el seno de la union europea, principio indispensable para el logro del mercado \u00fanico.  la regla del agotamiento respecta la protecci\u00f3n nacional del derecho de marca pero limita, a su vez, esa protecci\u00f3n al respeto del principio comunitario de libre circulaci\u00f3n de mercancias.<\/p>\n<p>&nbsp;<\/p>\n<h3>Datos acad\u00e9micos de la tesis doctoral \u00ab<strong>\u00abcesion y licencia de marca a la luz de la doctrina del agotamiento\u00bb<\/strong>\u00ab<\/h3>\n<ul>\n<li><strong>T\u00edtulo de la tesis:<\/strong>\u00a0 \u00abcesion y licencia de marca a la luz de la doctrina del agotamiento\u00bb <\/li>\n<li><strong>Autor:<\/strong>\u00a0 Blanca Torrubia Chalmeta <\/li>\n<li><strong>Universidad:<\/strong>\u00a0 Navarra<\/li>\n<li><strong>Fecha de lectura de la tesis:<\/strong>\u00a0 30\/06\/2000<\/li>\n<\/ul>\n<p>&nbsp;<\/p>\n<h3>Direcci\u00f3n y tribunal<\/h3>\n<ul>\n<li><strong>Director de la tesis<\/strong>\n<ul>\n<li>Eduardo Mar\u00eda Valpuesta Gastaminza<\/li>\n<\/ul>\n<\/li>\n<li><strong>Tribunal<\/strong>\n<ul>\n<li>Presidente del tribunal: fernando S\u00e1nchez calero <\/li>\n<li>romualdo Bermejo Garc\u00eda (vocal)<\/li>\n<li>Jos\u00e9 Antonio Doral garcia de pazos (vocal)<\/li>\n<li> Rios sanchez Juan  Manuel de los (vocal)<\/li>\n<\/ul>\n<\/li>\n<\/ul>\n<p>&nbsp;<\/p>\n","protected":false},"excerpt":{"rendered":"<p>Tesis doctoral de Blanca Torrubia Chalmeta La consideracion de la indicacion del origen empresarial como funci\u00f3n esencial de la marca, [&hellip;]<\/p>\n","protected":false},"author":1,"featured_media":0,"comment_status":"open","ping_status":"open","sticky":false,"template":"","format":"standard","meta":{"site-sidebar-layout":"default","site-content-layout":"","ast-site-content-layout":"","site-content-style":"default","site-sidebar-style":"default","ast-global-header-display":"","ast-banner-title-visibility":"","ast-main-header-display":"","ast-hfb-above-header-display":"","ast-hfb-below-header-display":"","ast-hfb-mobile-header-display":"","site-post-title":"","ast-breadcrumbs-content":"","ast-featured-img":"","footer-sml-layout":"","theme-transparent-header-meta":"","adv-header-id-meta":"","stick-header-meta":"","header-above-stick-meta":"","header-main-stick-meta":"","header-below-stick-meta":"","astra-migrate-meta-layouts":"default","ast-page-background-enabled":"default","ast-page-background-meta":{"desktop":{"background-color":"var(--ast-global-color-4)","background-image":"","background-repeat":"repeat","background-position":"center center","background-size":"auto","background-attachment":"scroll","background-type":"","background-media":"","overlay-type":"","overlay-color":"","overlay-gradient":""},"tablet":{"background-color":"","background-image":"","background-repeat":"repeat","background-position":"center center","background-size":"auto","background-attachment":"scroll","background-type":"","background-media":"","overlay-type":"","overlay-color":"","overlay-gradient":""},"mobile":{"background-color":"","background-image":"","background-repeat":"repeat","background-position":"center center","background-size":"auto","background-attachment":"scroll","background-type":"","background-media":"","overlay-type":"","overlay-color":"","overlay-gradient":""}},"ast-content-background-meta":{"desktop":{"background-color":"var(--ast-global-color-5)","background-image":"","background-repeat":"repeat","background-position":"center center","background-size":"auto","background-attachment":"scroll","background-type":"","background-media":"","overlay-type":"","overlay-color":"","overlay-gradient":""},"tablet":{"background-color":"var(--ast-global-color-5)","background-image":"","background-repeat":"repeat","background-position":"center center","background-size":"auto","background-attachment":"scroll","background-type":"","background-media":"","overlay-type":"","overlay-color":"","overlay-gradient":""},"mobile":{"background-color":"var(--ast-global-color-5)","background-image":"","background-repeat":"repeat","background-position":"center center","background-size":"auto","background-attachment":"scroll","background-type":"","background-media":"","overlay-type":"","overlay-color":"","overlay-gradient":""}},"footnotes":""},"categories":[612,2826,979,17749],"tags":[180024,18013,20664,17913,180025,23390],"class_list":["post-85521","post","type-post","status-publish","format-standard","hentry","category-ciencias-juridicas-y-derecho","category-derecho-mercantil","category-derecho-y-legislacion-nacionales","category-navarra","tag-blanca-torrubia-chalmeta","tag-eduardo-maria-valpuesta-gastaminza","tag-fernando-sanchez-calero","tag-jose-antonio-doral-garcia-de-pazos","tag-rios-sanchez-juan-manuel-de-los","tag-romualdo-bermejo-garcia"],"_links":{"self":[{"href":"https:\/\/www.deberes.net\/tesis\/wp-json\/wp\/v2\/posts\/85521","targetHints":{"allow":["GET"]}}],"collection":[{"href":"https:\/\/www.deberes.net\/tesis\/wp-json\/wp\/v2\/posts"}],"about":[{"href":"https:\/\/www.deberes.net\/tesis\/wp-json\/wp\/v2\/types\/post"}],"author":[{"embeddable":true,"href":"https:\/\/www.deberes.net\/tesis\/wp-json\/wp\/v2\/users\/1"}],"replies":[{"embeddable":true,"href":"https:\/\/www.deberes.net\/tesis\/wp-json\/wp\/v2\/comments?post=85521"}],"version-history":[{"count":0,"href":"https:\/\/www.deberes.net\/tesis\/wp-json\/wp\/v2\/posts\/85521\/revisions"}],"wp:attachment":[{"href":"https:\/\/www.deberes.net\/tesis\/wp-json\/wp\/v2\/media?parent=85521"}],"wp:term":[{"taxonomy":"category","embeddable":true,"href":"https:\/\/www.deberes.net\/tesis\/wp-json\/wp\/v2\/categories?post=85521"},{"taxonomy":"post_tag","embeddable":true,"href":"https:\/\/www.deberes.net\/tesis\/wp-json\/wp\/v2\/tags?post=85521"}],"curies":[{"name":"wp","href":"https:\/\/api.w.org\/{rel}","templated":true}]}}