{"id":85523,"date":"2018-03-10T00:09:57","date_gmt":"2018-03-10T00:09:57","guid":{"rendered":"https:\/\/www.deberes.net\/tesis\/sin-categoria\/identidad-e-inmigracion-un-estudio-cualitativo-con-imigrantes-peruanos-en-madrid\/"},"modified":"2018-03-10T00:09:57","modified_gmt":"2018-03-10T00:09:57","slug":"identidad-e-inmigracion-un-estudio-cualitativo-con-imigrantes-peruanos-en-madrid","status":"publish","type":"post","link":"https:\/\/www.deberes.net\/tesis\/psicologia\/identidad-e-inmigracion-un-estudio-cualitativo-con-imigrantes-peruanos-en-madrid\/","title":{"rendered":"Identidad e inmigracion. un estudio cualitativo con imigrantes peruanos en Madrid."},"content":{"rendered":"<h2>Tesis doctoral de <strong> Jes\u00fas Labrador Fernandez <\/strong><\/h2>\n<p>La identidad de los seres humanos es construida y reconstruida en un sutil juego de experiencias internas, reflexivas,y de experiencias externas, interacci\u00f3n social. El proposito del presente trabajo es hacer un estudio de las crisis y transformaciones de identidad por las que atraviesan los inmigrantes peruanos al acometer su peripecia migratoria.  mediante relatos de vida recogidos en entrevistas en profundidad hemos obtenido un corpus textual sobre el que hemos aplicado un analisis semi\u00f3tico del discurso. En esos discursos est\u00e1n las recontrucciones que hacen los propios inmigrantes de su interacci\u00f3n social y por tanto de s\u00ed mismos. a la luz de este trabajo se ha definido una trayectoria de identidad que se estructura en cuatro grandes periodos: indiferenciaci\u00f3n, diferenciacion, conflicto y resoluci\u00f3n.<\/p>\n<p>&nbsp;<\/p>\n<h3>Datos acad\u00e9micos de la tesis doctoral \u00ab<strong>Identidad e inmigracion. un estudio cualitativo con imigrantes peruanos en Madrid.<\/strong>\u00ab<\/h3>\n<ul>\n<li><strong>T\u00edtulo de la tesis:<\/strong>\u00a0 Identidad e inmigracion. un estudio cualitativo con imigrantes peruanos en Madrid. <\/li>\n<li><strong>Autor:<\/strong>\u00a0 Jes\u00fas Labrador Fernandez <\/li>\n<li><strong>Universidad:<\/strong>\u00a0 Pontificia comillas<\/li>\n<li><strong>Fecha de lectura de la tesis:<\/strong>\u00a0 30\/06\/2000<\/li>\n<\/ul>\n<p>&nbsp;<\/p>\n<h3>Direcci\u00f3n y tribunal<\/h3>\n<ul>\n<li><strong>Director de la tesis<\/strong>\n<ul>\n<li>yarto Elizalde Lopez<\/li>\n<\/ul>\n<\/li>\n<li><strong>Tribunal<\/strong>\n<ul>\n<li>Presidente del tribunal: amalio Blanco abarca <\/li>\n<li>Jos\u00e9 Miguel Marinas herreras (vocal)<\/li>\n<li>Jes\u00fas Valverde molina (vocal)<\/li>\n<li>Jos\u00e9 Mar\u00eda Fernandez-martos bermudez-ca\u00f1ete (vocal)<\/li>\n<\/ul>\n<\/li>\n<\/ul>\n<p>&nbsp;<\/p>\n","protected":false},"excerpt":{"rendered":"<p>Tesis doctoral de Jes\u00fas Labrador Fernandez La identidad de los seres humanos es construida y reconstruida en un sutil juego [&hellip;]<\/p>\n","protected":false},"author":1,"featured_media":0,"comment_status":"open","ping_status":"open","sticky":false,"template":"","format":"standard","meta":{"site-sidebar-layout":"default","site-content-layout":"","ast-site-content-layout":"","site-content-style":"default","site-sidebar-style":"default","ast-global-header-display":"","ast-banner-title-visibility":"","ast-main-header-display":"","ast-hfb-above-header-display":"","ast-hfb-below-header-display":"","ast-hfb-mobile-header-display":"","site-post-title":"","ast-breadcrumbs-content":"","ast-featured-img":"","footer-sml-layout":"","theme-transparent-header-meta":"","adv-header-id-meta":"","stick-header-meta":"","header-above-stick-meta":"","header-main-stick-meta":"","header-below-stick-meta":"","astra-migrate-meta-layouts":"default","ast-page-background-enabled":"default","ast-page-background-meta":{"desktop":{"background-color":"var(--ast-global-color-4)","background-image":"","background-repeat":"repeat","background-position":"center center","background-size":"auto","background-attachment":"scroll","background-type":"","background-media":"","overlay-type":"","overlay-color":"","overlay-gradient":""},"tablet":{"background-color":"","background-image":"","background-repeat":"repeat","background-position":"center center","background-size":"auto","background-attachment":"scroll","background-type":"","background-media":"","overlay-type":"","overlay-color":"","overlay-gradient":""},"mobile":{"background-color":"","background-image":"","background-repeat":"repeat","background-position":"center center","background-size":"auto","background-attachment":"scroll","background-type":"","background-media":"","overlay-type":"","overlay-color":"","overlay-gradient":""}},"ast-content-background-meta":{"desktop":{"background-color":"var(--ast-global-color-5)","background-image":"","background-repeat":"repeat","background-position":"center center","background-size":"auto","background-attachment":"scroll","background-type":"","background-media":"","overlay-type":"","overlay-color":"","overlay-gradient":""},"tablet":{"background-color":"var(--ast-global-color-5)","background-image":"","background-repeat":"repeat","background-position":"center center","background-size":"auto","background-attachment":"scroll","background-type":"","background-media":"","overlay-type":"","overlay-color":"","overlay-gradient":""},"mobile":{"background-color":"var(--ast-global-color-5)","background-image":"","background-repeat":"repeat","background-position":"center center","background-size":"auto","background-attachment":"scroll","background-type":"","background-media":"","overlay-type":"","overlay-color":"","overlay-gradient":""}},"footnotes":""},"categories":[1066,1353,1354,1393,10512,18397,324,996],"tags":[7128,180027,10758,63283,34964,44817],"class_list":["post-85523","post","type-post","status-publish","format-standard","hentry","category-demografia","category-demografia-geografica","category-movilidad-y-migraciones-internacionales","category-nivel-cultural-y-personalidad","category-percepciones-y-movimientos-sociales","category-pontificia-comillas","category-psicologia","category-psicologia-social","tag-amalio-blanco-abarca","tag-jesus-labrador-fernandez","tag-jesus-valverde-molina","tag-jose-maria-fernandez-martos-bermudez-canete","tag-jose-miguel-marinas-herreras","tag-yarto-elizalde-lopez"],"_links":{"self":[{"href":"https:\/\/www.deberes.net\/tesis\/wp-json\/wp\/v2\/posts\/85523","targetHints":{"allow":["GET"]}}],"collection":[{"href":"https:\/\/www.deberes.net\/tesis\/wp-json\/wp\/v2\/posts"}],"about":[{"href":"https:\/\/www.deberes.net\/tesis\/wp-json\/wp\/v2\/types\/post"}],"author":[{"embeddable":true,"href":"https:\/\/www.deberes.net\/tesis\/wp-json\/wp\/v2\/users\/1"}],"replies":[{"embeddable":true,"href":"https:\/\/www.deberes.net\/tesis\/wp-json\/wp\/v2\/comments?post=85523"}],"version-history":[{"count":0,"href":"https:\/\/www.deberes.net\/tesis\/wp-json\/wp\/v2\/posts\/85523\/revisions"}],"wp:attachment":[{"href":"https:\/\/www.deberes.net\/tesis\/wp-json\/wp\/v2\/media?parent=85523"}],"wp:term":[{"taxonomy":"category","embeddable":true,"href":"https:\/\/www.deberes.net\/tesis\/wp-json\/wp\/v2\/categories?post=85523"},{"taxonomy":"post_tag","embeddable":true,"href":"https:\/\/www.deberes.net\/tesis\/wp-json\/wp\/v2\/tags?post=85523"}],"curies":[{"name":"wp","href":"https:\/\/api.w.org\/{rel}","templated":true}]}}