{"id":8556,"date":"1995-01-01T00:00:00","date_gmt":"1995-01-01T00:00:00","guid":{"rendered":"https:\/\/www.deberes.net\/tesis\/1995\/01\/01\/aspectos-epidemiologicos-de-la-alergia-a-medicamentos\/"},"modified":"1995-01-01T00:00:00","modified_gmt":"1995-01-01T00:00:00","slug":"aspectos-epidemiologicos-de-la-alergia-a-medicamentos","status":"publish","type":"post","link":"https:\/\/www.deberes.net\/tesis\/ciencias-medicas\/aspectos-epidemiologicos-de-la-alergia-a-medicamentos\/","title":{"rendered":"Aspectos epidemiologicos de la alergia a medicamentos."},"content":{"rendered":"<h2>Tesis doctoral de <strong> Concepci\u00f3n L\u00f3pez Serrano <\/strong><\/h2>\n<p>El avance de la farmacolog\u00eda, el uso de medicamentos y la constante aparicion de farmacos, ha mejorado el pronostico y la calidad de vida; pero ha introducido como efecto no deseado las reacciones adversas a farmacos (ram).Para definir la exacta magnitud de este problema y conseguir un mejor conocimiento epidemiologico y clinico, se dise\u00f1o un estudio prospectivo en el area 5 de la comunidad autonoma de Madrid.Fueron incluidos en el estudio los pacientes que acudieron consecutivamente por 1. Vez a la unidad de alergia del hospital la paz entre septiembre de 1991 y septiembre de 1993, que no hubiesen sido estudiados previamente por ram en otro hospital. En total 405 pacientes. Se obtuvieron las siguientes conclusiones:  1.- La demanda de ram es de un 25% del total de la consulta de alergia. Mayor preValencia de sexo femenino y predominio de edad de 30-50 a\u00f1os.  2.- Las manifestaciones cutaneas son las mas frecuentes en las ram con bajo indice de confirmacion, excepto en exantema fijo. Confirmacion alta de ram en anafilaxia.  3.- Las pruebas cutaneas tienen baja sensibilidad, que aumenta cuando desciende el tiempo transcurrido desde la reaccion.  4.- La provocacion es le unico metodo absoluto de establecer una relacion etiologica entre el farmaco sospechoso y la clinica.  5.- Penicilina y pirazolonas fueron los farmacos que produjeron mas anafilaxia.<\/p>\n<p>&nbsp;<\/p>\n<h3>Datos acad\u00e9micos de la tesis doctoral \u00ab<strong>Aspectos epidemiologicos de la alergia a medicamentos.<\/strong>\u00ab<\/h3>\n<ul>\n<li><strong>T\u00edtulo de la tesis:<\/strong>\u00a0 Aspectos epidemiologicos de la alergia a medicamentos. <\/li>\n<li><strong>Autor:<\/strong>\u00a0 Concepci\u00f3n L\u00f3pez Serrano <\/li>\n<li><strong>Universidad:<\/strong>\u00a0 Aut\u00f3noma de Madrid<\/li>\n<li><strong>Fecha de lectura de la tesis:<\/strong>\u00a0 01\/01\/1995<\/li>\n<\/ul>\n<p>&nbsp;<\/p>\n<h3>Direcci\u00f3n y tribunal<\/h3>\n<ul>\n<li><strong>Director de la tesis<\/strong>\n<ul>\n<li>Juan  Jos\u00e9 V\u00e1zquez Rodr\u00edguez<\/li>\n<\/ul>\n<\/li>\n<li><strong>Tribunal<\/strong>\n<ul>\n<li>Presidente del tribunal: Luis Garcia  Sancho Martin <\/li>\n<li>Luis Felipe Pallardo Sanchez (vocal)<\/li>\n<li>Agustin Caro Paton Gomez (vocal)<\/li>\n<li>Jos\u00e9 Luis Rebollar Mesa (vocal)<\/li>\n<\/ul>\n<\/li>\n<\/ul>\n<p>&nbsp;<\/p>\n","protected":false},"excerpt":{"rendered":"<p>Tesis doctoral de Concepci\u00f3n L\u00f3pez Serrano El avance de la farmacolog\u00eda, el uso de medicamentos y la constante aparicion de [&hellip;]<\/p>\n","protected":false},"author":1,"featured_media":0,"comment_status":"open","ping_status":"open","sticky":false,"template":"","format":"standard","meta":{"site-sidebar-layout":"default","site-content-layout":"","ast-site-content-layout":"","site-content-style":"default","site-sidebar-style":"default","ast-global-header-display":"","ast-banner-title-visibility":"","ast-main-header-display":"","ast-hfb-above-header-display":"","ast-hfb-below-header-display":"","ast-hfb-mobile-header-display":"","site-post-title":"","ast-breadcrumbs-content":"","ast-featured-img":"","footer-sml-layout":"","theme-transparent-header-meta":"","adv-header-id-meta":"","stick-header-meta":"","header-above-stick-meta":"","header-main-stick-meta":"","header-below-stick-meta":"","astra-migrate-meta-layouts":"default","ast-page-background-enabled":"default","ast-page-background-meta":{"desktop":{"background-color":"var(--ast-global-color-4)","background-image":"","background-repeat":"repeat","background-position":"center center","background-size":"auto","background-attachment":"scroll","background-type":"","background-media":"","overlay-type":"","overlay-color":"","overlay-gradient":""},"tablet":{"background-color":"","background-image":"","background-repeat":"repeat","background-position":"center center","background-size":"auto","background-attachment":"scroll","background-type":"","background-media":"","overlay-type":"","overlay-color":"","overlay-gradient":""},"mobile":{"background-color":"","background-image":"","background-repeat":"repeat","background-position":"center center","background-size":"auto","background-attachment":"scroll","background-type":"","background-media":"","overlay-type":"","overlay-color":"","overlay-gradient":""}},"ast-content-background-meta":{"desktop":{"background-color":"var(--ast-global-color-5)","background-image":"","background-repeat":"repeat","background-position":"center center","background-size":"auto","background-attachment":"scroll","background-type":"","background-media":"","overlay-type":"","overlay-color":"","overlay-gradient":""},"tablet":{"background-color":"var(--ast-global-color-5)","background-image":"","background-repeat":"repeat","background-position":"center center","background-size":"auto","background-attachment":"scroll","background-type":"","background-media":"","overlay-type":"","overlay-color":"","overlay-gradient":""},"mobile":{"background-color":"var(--ast-global-color-5)","background-image":"","background-repeat":"repeat","background-position":"center center","background-size":"auto","background-attachment":"scroll","background-type":"","background-media":"","overlay-type":"","overlay-color":"","overlay-gradient":""}},"footnotes":""},"categories":[1957,9,1086,156],"tags":[9694,29950,7007,4860,14834,3776],"class_list":["post-8556","post","type-post","status-publish","format-standard","hentry","category-alergias","category-ciencias-medicas","category-epidemiologia","category-patologia","tag-agustin-caro-paton-gomez","tag-concepcion-lopez-serrano","tag-jose-luis-rebollar-mesa","tag-juan-jose-vazquez-rodriguez","tag-luis-felipe-pallardo-sanchez","tag-luis-garcia-sancho-martin"],"_links":{"self":[{"href":"https:\/\/www.deberes.net\/tesis\/wp-json\/wp\/v2\/posts\/8556","targetHints":{"allow":["GET"]}}],"collection":[{"href":"https:\/\/www.deberes.net\/tesis\/wp-json\/wp\/v2\/posts"}],"about":[{"href":"https:\/\/www.deberes.net\/tesis\/wp-json\/wp\/v2\/types\/post"}],"author":[{"embeddable":true,"href":"https:\/\/www.deberes.net\/tesis\/wp-json\/wp\/v2\/users\/1"}],"replies":[{"embeddable":true,"href":"https:\/\/www.deberes.net\/tesis\/wp-json\/wp\/v2\/comments?post=8556"}],"version-history":[{"count":0,"href":"https:\/\/www.deberes.net\/tesis\/wp-json\/wp\/v2\/posts\/8556\/revisions"}],"wp:attachment":[{"href":"https:\/\/www.deberes.net\/tesis\/wp-json\/wp\/v2\/media?parent=8556"}],"wp:term":[{"taxonomy":"category","embeddable":true,"href":"https:\/\/www.deberes.net\/tesis\/wp-json\/wp\/v2\/categories?post=8556"},{"taxonomy":"post_tag","embeddable":true,"href":"https:\/\/www.deberes.net\/tesis\/wp-json\/wp\/v2\/tags?post=8556"}],"curies":[{"name":"wp","href":"https:\/\/api.w.org\/{rel}","templated":true}]}}