{"id":85572,"date":"2000-03-07T00:00:00","date_gmt":"2000-03-07T00:00:00","guid":{"rendered":"https:\/\/www.deberes.net\/tesis\/sin-categoria\/recuerdo-episodico-en-ninos-de-dos-anos-la-coexistencia-de-generalizacion-y-especifidad-de-la-experiencia-con-un-suceso-unico\/"},"modified":"2000-03-07T00:00:00","modified_gmt":"2000-03-07T00:00:00","slug":"recuerdo-episodico-en-ninos-de-dos-anos-la-coexistencia-de-generalizacion-y-especifidad-de-la-experiencia-con-un-suceso-unico","status":"publish","type":"post","link":"https:\/\/www.deberes.net\/tesis\/psicologia\/recuerdo-episodico-en-ninos-de-dos-anos-la-coexistencia-de-generalizacion-y-especifidad-de-la-experiencia-con-un-suceso-unico\/","title":{"rendered":"Recuerdo episodico en ni\u00f1os de dos a\u00f1os: la coexistencia de generalizacion y especifidad de la experiencia con un suceso unico."},"content":{"rendered":"<h2>Tesis doctoral de <strong> Mar\u00eda  Teresa Lechuga Garcia <\/strong><\/h2>\n<p>La cuesti\u00f3n general planteada en esta tesis gira en torno a las caracter\u00edsticas de la memoria durante las primeras etapas del desarrollo cognitivo. El objetivo especifico fue evaluar si el recuerdo que tienen los ni\u00f1os a los dos a\u00f1os de edad comparte ciertas caracteristicas funcionales con el recuerdo de los adultos. En concreto, se valor\u00f3 las caracteristicas de la generalizaci\u00f3n del conocimiento adquirido tras una \u00fanica experiencia y su coexistencia con el recuerdo especifico del episodio original. Para valorar las caracteristicas del recuerdo episodico a esta edad se utiliz\u00f3 una tarea de imitaci\u00f3n inducida de secuencias de acciones. Se realizaron cuatro experimentos en los que se compar\u00f3 el comportamiento de los ni\u00f1os en condiciones que requer\u00edan, o no, generalizaci\u00f3n. Tambi\u00e9n se valor\u00f3 el efecto que tiene la recuperaci\u00f3n previa en condiciones que implican generalizaci\u00f3n sobre el recuerdo a largo plazo del suceso. Los resultados permitieron concluir que los ni\u00f1os, a los dos a\u00f1os de edad, generalizan rapida y efizcamente el conocimiento adquirido tras una unica experiencia con un suceso y que esta generalizaci\u00f3n no est\u00e1 basada en el olvido de lo especifico del suceso original. Por lo tanto, a los dos a\u00f1os de edad, la generalizaci\u00f3n coexiste con un recuerdo especifico del episodio previo.<\/p>\n<p>&nbsp;<\/p>\n<h3>Datos acad\u00e9micos de la tesis doctoral \u00ab<strong>Recuerdo episodico en ni\u00f1os de dos a\u00f1os: la coexistencia de generalizacion y especifidad de la experiencia con un suceso unico.<\/strong>\u00ab<\/h3>\n<ul>\n<li><strong>T\u00edtulo de la tesis:<\/strong>\u00a0 Recuerdo episodico en ni\u00f1os de dos a\u00f1os: la coexistencia de generalizacion y especifidad de la experiencia con un suceso unico. <\/li>\n<li><strong>Autor:<\/strong>\u00a0 Mar\u00eda  Teresa Lechuga Garcia <\/li>\n<li><strong>Universidad:<\/strong>\u00a0 Nacional de educaci\u00f3n a distancia<\/li>\n<li><strong>Fecha de lectura de la tesis:<\/strong>\u00a0 03\/07\/2000<\/li>\n<\/ul>\n<p>&nbsp;<\/p>\n<h3>Direcci\u00f3n y tribunal<\/h3>\n<ul>\n<li><strong>Director de la tesis<\/strong>\n<ul>\n<li>Marcos Ruiz Rodriguez<\/li>\n<\/ul>\n<\/li>\n<li><strong>Tribunal<\/strong>\n<ul>\n<li>Presidente del tribunal: Mar\u00eda  dolores Luna blanco <\/li>\n<li>Luis j. Fuentes melero (vocal)<\/li>\n<li>Mar\u00eda  teresa Bajo molina (vocal)<\/li>\n<li>Jes\u00fas Martin cordero (vocal)<\/li>\n<\/ul>\n<\/li>\n<\/ul>\n<p>&nbsp;<\/p>\n","protected":false},"excerpt":{"rendered":"<p>Tesis doctoral de Mar\u00eda Teresa Lechuga Garcia La cuesti\u00f3n general planteada en esta tesis gira en torno a las caracter\u00edsticas [&hellip;]<\/p>\n","protected":false},"author":1,"featured_media":0,"comment_status":"open","ping_status":"open","sticky":false,"template":"","format":"standard","meta":{"site-sidebar-layout":"default","site-content-layout":"","ast-site-content-layout":"","site-content-style":"default","site-sidebar-style":"default","ast-global-header-display":"","ast-banner-title-visibility":"","ast-main-header-display":"","ast-hfb-above-header-display":"","ast-hfb-below-header-display":"","ast-hfb-mobile-header-display":"","site-post-title":"","ast-breadcrumbs-content":"","ast-featured-img":"","footer-sml-layout":"","theme-transparent-header-meta":"","adv-header-id-meta":"","stick-header-meta":"","header-above-stick-meta":"","header-main-stick-meta":"","header-below-stick-meta":"","astra-migrate-meta-layouts":"default","ast-page-background-enabled":"default","ast-page-background-meta":{"desktop":{"background-color":"var(--ast-global-color-4)","background-image":"","background-repeat":"repeat","background-position":"center center","background-size":"auto","background-attachment":"scroll","background-type":"","background-media":"","overlay-type":"","overlay-color":"","overlay-gradient":""},"tablet":{"background-color":"","background-image":"","background-repeat":"repeat","background-position":"center center","background-size":"auto","background-attachment":"scroll","background-type":"","background-media":"","overlay-type":"","overlay-color":"","overlay-gradient":""},"mobile":{"background-color":"","background-image":"","background-repeat":"repeat","background-position":"center center","background-size":"auto","background-attachment":"scroll","background-type":"","background-media":"","overlay-type":"","overlay-color":"","overlay-gradient":""}},"ast-content-background-meta":{"desktop":{"background-color":"var(--ast-global-color-5)","background-image":"","background-repeat":"repeat","background-position":"center center","background-size":"auto","background-attachment":"scroll","background-type":"","background-media":"","overlay-type":"","overlay-color":"","overlay-gradient":""},"tablet":{"background-color":"var(--ast-global-color-5)","background-image":"","background-repeat":"repeat","background-position":"center center","background-size":"auto","background-attachment":"scroll","background-type":"","background-media":"","overlay-type":"","overlay-color":"","overlay-gradient":""},"mobile":{"background-color":"var(--ast-global-color-5)","background-image":"","background-repeat":"repeat","background-position":"center center","background-size":"auto","background-attachment":"scroll","background-type":"","background-media":"","overlay-type":"","overlay-color":"","overlay-gradient":""}},"footnotes":""},"categories":[14934,17070,13633,5262,324,970,2758,2462],"tags":[179905,40073,17400,17295,14557,180106],"class_list":["post-85572","post","type-post","status-publish","format-standard","hentry","category-analisis-experimental-de-la-conducta","category-nacional-de-educacion-a-distancia","category-procesos-de-la-memoria","category-procesos-mentales","category-psicologia","category-psicologia-del-nino-y-del-adolescente","category-psicologia-evolutiva","category-psicologia-experimental","tag-jesus-martin-cordero","tag-luis-j-fuentes-melero","tag-marcos-ruiz-rodriguez","tag-maria-dolores-luna-blanco","tag-maria-teresa-bajo-molina","tag-maria-teresa-lechuga-garcia"],"_links":{"self":[{"href":"https:\/\/www.deberes.net\/tesis\/wp-json\/wp\/v2\/posts\/85572","targetHints":{"allow":["GET"]}}],"collection":[{"href":"https:\/\/www.deberes.net\/tesis\/wp-json\/wp\/v2\/posts"}],"about":[{"href":"https:\/\/www.deberes.net\/tesis\/wp-json\/wp\/v2\/types\/post"}],"author":[{"embeddable":true,"href":"https:\/\/www.deberes.net\/tesis\/wp-json\/wp\/v2\/users\/1"}],"replies":[{"embeddable":true,"href":"https:\/\/www.deberes.net\/tesis\/wp-json\/wp\/v2\/comments?post=85572"}],"version-history":[{"count":0,"href":"https:\/\/www.deberes.net\/tesis\/wp-json\/wp\/v2\/posts\/85572\/revisions"}],"wp:attachment":[{"href":"https:\/\/www.deberes.net\/tesis\/wp-json\/wp\/v2\/media?parent=85572"}],"wp:term":[{"taxonomy":"category","embeddable":true,"href":"https:\/\/www.deberes.net\/tesis\/wp-json\/wp\/v2\/categories?post=85572"},{"taxonomy":"post_tag","embeddable":true,"href":"https:\/\/www.deberes.net\/tesis\/wp-json\/wp\/v2\/tags?post=85572"}],"curies":[{"name":"wp","href":"https:\/\/api.w.org\/{rel}","templated":true}]}}