{"id":85591,"date":"2000-04-07T00:00:00","date_gmt":"2000-04-07T00:00:00","guid":{"rendered":"https:\/\/www.deberes.net\/tesis\/sin-categoria\/pictura-et-poesis-narracion-mitica-imagen-y-descripcion-iconografica-en-las-imagines-de-filostrato-el-viejo\/"},"modified":"2000-04-07T00:00:00","modified_gmt":"2000-04-07T00:00:00","slug":"pictura-et-poesis-narracion-mitica-imagen-y-descripcion-iconografica-en-las-imagines-de-filostrato-el-viejo","status":"publish","type":"post","link":"https:\/\/www.deberes.net\/tesis\/linguistica\/pictura-et-poesis-narracion-mitica-imagen-y-descripcion-iconografica-en-las-imagines-de-filostrato-el-viejo\/","title":{"rendered":"Pictura et poesis narracion mitica, imagen y descripcion iconografica en las imagines de filostrato el viejo."},"content":{"rendered":"<h2>Tesis doctoral de <strong>  Lizcano Rejano Susana M. <\/strong><\/h2>\n<p>Este estudio analiza las relaciones entre la narrativa mitol\u00f3gica de autores antiguos, la representaci\u00f3n pl\u00e1stica de los temas y motivos m\u00edticos, y la descripci\u00f3n de esas im\u00e1genes y cuadros de tema m\u00edtico, cuyos originales en gran parte se nos han perdido. Tomamos como base el improtante jrepertorio de las descripciones de cuadros o imagines de fil\u00f3strto el vijo (s. Ii-iii d.C).  por un lado, pues, este trabajo se encarga de la relaci\u00f3n general entre narrativa po\u00e9tica y representaci\u00f3n pl\u00e1stica (pictura et poesis); por otro, se intenta profundizar en la descripci\u00f3n misma de esos cuadros, entendiendo que esta t\u00e9cnica, la ecphrasis, encierra toda una comprensi\u00f3n del imaginario mitol\u00f3gico y proporciona las claves para una mejor interpretaci\u00f3n de la mentalidad art\u00edstica en la antig\u00ed\u00bcedad.  a una primera parte de introducci\u00f3n general al autor, su obra y su \u00e9poca, se pasa al an\u00e1lisis concreto de la imagines, tanto en las cuestiones te\u00f3ricas que plantea la obra (concepto de la pintura, la relaci\u00f3n logos\/imagen, la referencia la lector, la intertextualidad de la propia obra, &#8230;), Como en las descripciones cocnretas de cuadros mitol\u00f3gicos.  en el an\u00e1lisis de lso cuadros, se contrasta la versi\u00f3n del mito transmitida por filostratos con las que nos proporcionan otros mit\u00f3grafos. Son muchos los puntos que en el estudio se contemplan: la secuencia narrativa, el enfoque pict\u00f3rico, el relieve de ciertos elementos en detrimento de otros, los condicionamientos extraliterarios, &#8230; Todo ello nos indica lo perculiar de nuestro autor frente a otros autores.  se trata, por lo tanto, de un estudio interdiciplinar que combina los enfoques de la iconograf\u00eda y de la filolog\u00eda. Los ejemplos seleccionados -cuadros concretos- del texto filostrateo precisan la teor\u00eda, pero, al mismo tiempo, la teor\u00eda reflexiva y filol\u00f3gica, nos ayudan a elaborar un planteamiento riguroso.<\/p>\n<p>&nbsp;<\/p>\n<h3>Datos acad\u00e9micos de la tesis doctoral \u00ab<strong>Pictura et poesis narracion mitica, imagen y descripcion iconografica en las imagines de filostrato el viejo.<\/strong>\u00ab<\/h3>\n<ul>\n<li><strong>T\u00edtulo de la tesis:<\/strong>\u00a0 Pictura et poesis narracion mitica, imagen y descripcion iconografica en las imagines de filostrato el viejo. <\/li>\n<li><strong>Autor:<\/strong>\u00a0  Lizcano Rejano Susana M. <\/li>\n<li><strong>Universidad:<\/strong>\u00a0 Complutense de Madrid<\/li>\n<li><strong>Fecha de lectura de la tesis:<\/strong>\u00a0 04\/07\/2000<\/li>\n<\/ul>\n<p>&nbsp;<\/p>\n<h3>Direcci\u00f3n y tribunal<\/h3>\n<ul>\n<li><strong>Director de la tesis<\/strong>\n<ul>\n<li>Carlos Garcia Gual<\/li>\n<\/ul>\n<\/li>\n<li><strong>Tribunal<\/strong>\n<ul>\n<li>Presidente del tribunal: Antonio  pedro Bravo Garc\u00eda <\/li>\n<li>Luis Alberto de Cuenca prado (vocal)<\/li>\n<li>Antonio Guzm\u00e1n guerra (vocal)<\/li>\n<li>Carlos Miralles sola (vocal)<\/li>\n<\/ul>\n<\/li>\n<\/ul>\n<p>&nbsp;<\/p>\n","protected":false},"excerpt":{"rendered":"<p>Tesis doctoral de Lizcano Rejano Susana M. Este estudio analiza las relaciones entre la narrativa mitol\u00f3gica de autores antiguos, la [&hellip;]<\/p>\n","protected":false},"author":1,"featured_media":0,"comment_status":"open","ping_status":"open","sticky":false,"template":"","format":"standard","meta":{"site-sidebar-layout":"default","site-content-layout":"","ast-site-content-layout":"","site-content-style":"default","site-sidebar-style":"default","ast-global-header-display":"","ast-banner-title-visibility":"","ast-main-header-display":"","ast-hfb-above-header-display":"","ast-hfb-below-header-display":"","ast-hfb-mobile-header-display":"","site-post-title":"","ast-breadcrumbs-content":"","ast-featured-img":"","footer-sml-layout":"","theme-transparent-header-meta":"","adv-header-id-meta":"","stick-header-meta":"","header-above-stick-meta":"","header-main-stick-meta":"","header-below-stick-meta":"","astra-migrate-meta-layouts":"default","ast-page-background-enabled":"default","ast-page-background-meta":{"desktop":{"background-color":"var(--ast-global-color-4)","background-image":"","background-repeat":"repeat","background-position":"center center","background-size":"auto","background-attachment":"scroll","background-type":"","background-media":"","overlay-type":"","overlay-color":"","overlay-gradient":""},"tablet":{"background-color":"","background-image":"","background-repeat":"repeat","background-position":"center center","background-size":"auto","background-attachment":"scroll","background-type":"","background-media":"","overlay-type":"","overlay-color":"","overlay-gradient":""},"mobile":{"background-color":"","background-image":"","background-repeat":"repeat","background-position":"center center","background-size":"auto","background-attachment":"scroll","background-type":"","background-media":"","overlay-type":"","overlay-color":"","overlay-gradient":""}},"ast-content-background-meta":{"desktop":{"background-color":"var(--ast-global-color-5)","background-image":"","background-repeat":"repeat","background-position":"center center","background-size":"auto","background-attachment":"scroll","background-type":"","background-media":"","overlay-type":"","overlay-color":"","overlay-gradient":""},"tablet":{"background-color":"var(--ast-global-color-5)","background-image":"","background-repeat":"repeat","background-position":"center center","background-size":"auto","background-attachment":"scroll","background-type":"","background-media":"","overlay-type":"","overlay-color":"","overlay-gradient":""},"mobile":{"background-color":"var(--ast-global-color-5)","background-image":"","background-repeat":"repeat","background-position":"center center","background-size":"auto","background-attachment":"scroll","background-type":"","background-media":"","overlay-type":"","overlay-color":"","overlay-gradient":""}},"footnotes":""},"categories":[636,59,60],"tags":[6471,36975,428,19738,180136,7794],"class_list":["post-85591","post","type-post","status-publish","format-standard","hentry","category-lengua-y-literatura","category-linguistica","category-linguistica-aplicada","tag-antonio-guzman-guerra","tag-antonio-pedro-bravo-garcia","tag-carlos-garcia-gual","tag-carlos-miralles-sola","tag-lizcano-rejano-susana-m","tag-luis-alberto-de-cuenca-prado"],"_links":{"self":[{"href":"https:\/\/www.deberes.net\/tesis\/wp-json\/wp\/v2\/posts\/85591","targetHints":{"allow":["GET"]}}],"collection":[{"href":"https:\/\/www.deberes.net\/tesis\/wp-json\/wp\/v2\/posts"}],"about":[{"href":"https:\/\/www.deberes.net\/tesis\/wp-json\/wp\/v2\/types\/post"}],"author":[{"embeddable":true,"href":"https:\/\/www.deberes.net\/tesis\/wp-json\/wp\/v2\/users\/1"}],"replies":[{"embeddable":true,"href":"https:\/\/www.deberes.net\/tesis\/wp-json\/wp\/v2\/comments?post=85591"}],"version-history":[{"count":0,"href":"https:\/\/www.deberes.net\/tesis\/wp-json\/wp\/v2\/posts\/85591\/revisions"}],"wp:attachment":[{"href":"https:\/\/www.deberes.net\/tesis\/wp-json\/wp\/v2\/media?parent=85591"}],"wp:term":[{"taxonomy":"category","embeddable":true,"href":"https:\/\/www.deberes.net\/tesis\/wp-json\/wp\/v2\/categories?post=85591"},{"taxonomy":"post_tag","embeddable":true,"href":"https:\/\/www.deberes.net\/tesis\/wp-json\/wp\/v2\/tags?post=85591"}],"curies":[{"name":"wp","href":"https:\/\/api.w.org\/{rel}","templated":true}]}}