{"id":85597,"date":"2000-04-07T00:00:00","date_gmt":"2000-04-07T00:00:00","guid":{"rendered":"https:\/\/www.deberes.net\/tesis\/sin-categoria\/la-responsabilidad-extracontractual-de-los-poderes-publicos-en-el-derecho-comunitario\/"},"modified":"2000-04-07T00:00:00","modified_gmt":"2000-04-07T00:00:00","slug":"la-responsabilidad-extracontractual-de-los-poderes-publicos-en-el-derecho-comunitario","status":"publish","type":"post","link":"https:\/\/www.deberes.net\/tesis\/ciencias-juridicas-y-derecho\/la-responsabilidad-extracontractual-de-los-poderes-publicos-en-el-derecho-comunitario\/","title":{"rendered":"La responsabilidad extracontractual de los poderes p\u00fablicos en el derecho comunitario."},"content":{"rendered":"<h2>Tesis doctoral de <strong> Emilio Guichot Reina <\/strong><\/h2>\n<p>Se plantea una visi\u00f3n integral del insitutuo de la responsabilidad patrimonial p\u00fablica en el derecho comunitario.  la obra se esructura en tres titulos y una reflexi\u00f3n final.  &#8211; en el t\u00edtulo primero se analiza la responsabilidad de la comunidad  &#8211; en el t\u00edtulo segundo se aborda la resposnabilidad de las autoridades nacionales por &#8212; del derecho comunitario, con especial referencia a su articulsci\u00f3n en el derecho espa\u00f1ol.  &#8211; el t\u00edtulo tercero se consagra al estudio del reparto de responsabilidad entre la comunidad y los estados.  el trabajo se cierra con una reflexi\u00f3n final en torno a la creaci\u00f3n de un derecho com\u00fan europeo de la responsabilidad p\u00fablica y con unas s\u00edntesis concluisiva. Incluye anexo doctrinal y jurisprudencial.<\/p>\n<p>&nbsp;<\/p>\n<h3>Datos acad\u00e9micos de la tesis doctoral \u00ab<strong>La responsabilidad extracontractual de los poderes p\u00fablicos en el derecho comunitario.<\/strong>\u00ab<\/h3>\n<ul>\n<li><strong>T\u00edtulo de la tesis:<\/strong>\u00a0 La responsabilidad extracontractual de los poderes p\u00fablicos en el derecho comunitario. <\/li>\n<li><strong>Autor:<\/strong>\u00a0 Emilio Guichot Reina <\/li>\n<li><strong>Universidad:<\/strong>\u00a0 Sevilla<\/li>\n<li><strong>Fecha de lectura de la tesis:<\/strong>\u00a0 04\/07\/2000<\/li>\n<\/ul>\n<p>&nbsp;<\/p>\n<h3>Direcci\u00f3n y tribunal<\/h3>\n<ul>\n<li><strong>Director de la tesis<\/strong>\n<ul>\n<li>Javier Barnes Vazquez<\/li>\n<\/ul>\n<\/li>\n<li><strong>Tribunal<\/strong>\n<ul>\n<li>Presidente del tribunal: Jes\u00fas Leguina villa <\/li>\n<li>Francisco Lopez menudo (vocal)<\/li>\n<li>Santiago Mu\u00f1oz machado (vocal)<\/li>\n<li>eduardo Cobrero mensazona (vocal)<\/li>\n<\/ul>\n<\/li>\n<\/ul>\n<p>&nbsp;<\/p>\n","protected":false},"excerpt":{"rendered":"<p>Tesis doctoral de Emilio Guichot Reina Se plantea una visi\u00f3n integral del insitutuo de la responsabilidad patrimonial p\u00fablica en el [&hellip;]<\/p>\n","protected":false},"author":1,"featured_media":0,"comment_status":"open","ping_status":"open","sticky":false,"template":"","format":"standard","meta":{"site-sidebar-layout":"default","site-content-layout":"","ast-site-content-layout":"","site-content-style":"default","site-sidebar-style":"default","ast-global-header-display":"","ast-banner-title-visibility":"","ast-main-header-display":"","ast-hfb-above-header-display":"","ast-hfb-below-header-display":"","ast-hfb-mobile-header-display":"","site-post-title":"","ast-breadcrumbs-content":"","ast-featured-img":"","footer-sml-layout":"","theme-transparent-header-meta":"","adv-header-id-meta":"","stick-header-meta":"","header-above-stick-meta":"","header-main-stick-meta":"","header-below-stick-meta":"","astra-migrate-meta-layouts":"default","ast-page-background-enabled":"default","ast-page-background-meta":{"desktop":{"background-color":"var(--ast-global-color-4)","background-image":"","background-repeat":"repeat","background-position":"center center","background-size":"auto","background-attachment":"scroll","background-type":"","background-media":"","overlay-type":"","overlay-color":"","overlay-gradient":""},"tablet":{"background-color":"","background-image":"","background-repeat":"repeat","background-position":"center center","background-size":"auto","background-attachment":"scroll","background-type":"","background-media":"","overlay-type":"","overlay-color":"","overlay-gradient":""},"mobile":{"background-color":"","background-image":"","background-repeat":"repeat","background-position":"center center","background-size":"auto","background-attachment":"scroll","background-type":"","background-media":"","overlay-type":"","overlay-color":"","overlay-gradient":""}},"ast-content-background-meta":{"desktop":{"background-color":"var(--ast-global-color-5)","background-image":"","background-repeat":"repeat","background-position":"center center","background-size":"auto","background-attachment":"scroll","background-type":"","background-media":"","overlay-type":"","overlay-color":"","overlay-gradient":""},"tablet":{"background-color":"var(--ast-global-color-5)","background-image":"","background-repeat":"repeat","background-position":"center center","background-size":"auto","background-attachment":"scroll","background-type":"","background-media":"","overlay-type":"","overlay-color":"","overlay-gradient":""},"mobile":{"background-color":"var(--ast-global-color-5)","background-image":"","background-repeat":"repeat","background-position":"center center","background-size":"auto","background-attachment":"scroll","background-type":"","background-media":"","overlay-type":"","overlay-color":"","overlay-gradient":""}},"footnotes":""},"categories":[612,1442,1211,6334,979,10715],"tags":[180147,180146,15540,22095,15541,4898],"class_list":["post-85597","post","type-post","status-publish","format-standard","hentry","category-ciencias-juridicas-y-derecho","category-derecho-administrativo","category-derecho-internacional","category-derecho-internacional-publico","category-derecho-y-legislacion-nacionales","category-sevilla","tag-eduardo-cobrero-mensazona","tag-emilio-guichot-reina","tag-francisco-lopez-menudo","tag-javier-barnes-vazquez","tag-jesus-leguina-villa","tag-santiago-munoz-machado"],"_links":{"self":[{"href":"https:\/\/www.deberes.net\/tesis\/wp-json\/wp\/v2\/posts\/85597","targetHints":{"allow":["GET"]}}],"collection":[{"href":"https:\/\/www.deberes.net\/tesis\/wp-json\/wp\/v2\/posts"}],"about":[{"href":"https:\/\/www.deberes.net\/tesis\/wp-json\/wp\/v2\/types\/post"}],"author":[{"embeddable":true,"href":"https:\/\/www.deberes.net\/tesis\/wp-json\/wp\/v2\/users\/1"}],"replies":[{"embeddable":true,"href":"https:\/\/www.deberes.net\/tesis\/wp-json\/wp\/v2\/comments?post=85597"}],"version-history":[{"count":0,"href":"https:\/\/www.deberes.net\/tesis\/wp-json\/wp\/v2\/posts\/85597\/revisions"}],"wp:attachment":[{"href":"https:\/\/www.deberes.net\/tesis\/wp-json\/wp\/v2\/media?parent=85597"}],"wp:term":[{"taxonomy":"category","embeddable":true,"href":"https:\/\/www.deberes.net\/tesis\/wp-json\/wp\/v2\/categories?post=85597"},{"taxonomy":"post_tag","embeddable":true,"href":"https:\/\/www.deberes.net\/tesis\/wp-json\/wp\/v2\/tags?post=85597"}],"curies":[{"name":"wp","href":"https:\/\/api.w.org\/{rel}","templated":true}]}}