{"id":85704,"date":"2000-07-07T00:00:00","date_gmt":"2000-07-07T00:00:00","guid":{"rendered":"https:\/\/www.deberes.net\/tesis\/sin-categoria\/hacia-una-exegesis-integradora-de-la-literatura-chicana-contemporanea-la-escritura-marginal-femenina-norteamericana1960-2000\/"},"modified":"2000-07-07T00:00:00","modified_gmt":"2000-07-07T00:00:00","slug":"hacia-una-exegesis-integradora-de-la-literatura-chicana-contemporanea-la-escritura-marginal-femenina-norteamericana1960-2000","status":"publish","type":"post","link":"https:\/\/www.deberes.net\/tesis\/linguistica-aplicada\/hacia-una-exegesis-integradora-de-la-literatura-chicana-contemporanea-la-escritura-marginal-femenina-norteamericana1960-2000\/","title":{"rendered":"Hacia una exegesis integradora de la literatura chicana contemporanea. la escritura marginal femenina norteamericana(1960-2000)."},"content":{"rendered":"<h2>Tesis doctoral de <strong> Isabel Diaz Sanchez <\/strong><\/h2>\n<p>La tesis doctoral defendida realiza mediante un an\u00e1lisis de textos escritos por la mujer chicana un aproximaci\u00f3n energ\u00e9tica a la literatura marginal norteamericana. Bajo los postulados criticos del poscolonialismo y el feminismo como marco te\u00f3rico, se lleva a cabo un riguroso an\u00e1lisis de textos filol\u00f3gicos que var\u00edan desde la obra dram\u00e1tica chicana a las aportaciones l\u00edricas y narrativas de este grupo de escritoras. Partiendo de la hip\u00f3tesis de la condici\u00f3n de literatura marginal propia de los grupos \u00e9tnicos estadounidenses, la tesis llega a unas conclusiones aplicables al estado de la cuesti\u00f3n y desarrollo de los textos femeninos chicanos. Se abre la v\u00eda de investigaci\u00f3n de la literatura chicana al campo de estudio de los derechos humanos con un enfoque humanista, as\u00ed como tambi\u00e9n transnacional y poscolonial en su caso.<\/p>\n<p>&nbsp;<\/p>\n<h3>Datos acad\u00e9micos de la tesis doctoral \u00ab<strong>Hacia una exegesis integradora de la literatura chicana contemporanea. la escritura marginal femenina norteamericana(1960-2000).<\/strong>\u00ab<\/h3>\n<ul>\n<li><strong>T\u00edtulo de la tesis:<\/strong>\u00a0 Hacia una exegesis integradora de la literatura chicana contemporanea. la escritura marginal femenina norteamericana(1960-2000). <\/li>\n<li><strong>Autor:<\/strong>\u00a0 Isabel Diaz Sanchez <\/li>\n<li><strong>Universidad:<\/strong>\u00a0 Alicante<\/li>\n<li><strong>Fecha de lectura de la tesis:<\/strong>\u00a0 07\/07\/2000<\/li>\n<\/ul>\n<p>&nbsp;<\/p>\n<h3>Direcci\u00f3n y tribunal<\/h3>\n<ul>\n<li><strong>Director de la tesis<\/strong>\n<ul>\n<li>Kevin Clark Power<\/li>\n<\/ul>\n<\/li>\n<li><strong>Tribunal<\/strong>\n<ul>\n<li>Presidente del tribunal: hugues Brian <\/li>\n<li>Juan  Antonio Perles rochel (vocal)<\/li>\n<li>ignacio Lopez calvo (vocal)<\/li>\n<li>Alberto Acereda extremiana (vocal)<\/li>\n<\/ul>\n<\/li>\n<\/ul>\n<p>&nbsp;<\/p>\n","protected":false},"excerpt":{"rendered":"<p>Tesis doctoral de Isabel Diaz Sanchez La tesis doctoral defendida realiza mediante un an\u00e1lisis de textos escritos por la mujer [&hellip;]<\/p>\n","protected":false},"author":1,"featured_media":0,"comment_status":"open","ping_status":"open","sticky":false,"template":"","format":"standard","meta":{"site-sidebar-layout":"default","site-content-layout":"","ast-site-content-layout":"","site-content-style":"default","site-sidebar-style":"default","ast-global-header-display":"","ast-banner-title-visibility":"","ast-main-header-display":"","ast-hfb-above-header-display":"","ast-hfb-below-header-display":"","ast-hfb-mobile-header-display":"","site-post-title":"","ast-breadcrumbs-content":"","ast-featured-img":"","footer-sml-layout":"","theme-transparent-header-meta":"","adv-header-id-meta":"","stick-header-meta":"","header-above-stick-meta":"","header-main-stick-meta":"","header-below-stick-meta":"","astra-migrate-meta-layouts":"default","ast-page-background-enabled":"default","ast-page-background-meta":{"desktop":{"background-color":"var(--ast-global-color-4)","background-image":"","background-repeat":"repeat","background-position":"center center","background-size":"auto","background-attachment":"scroll","background-type":"","background-media":"","overlay-type":"","overlay-color":"","overlay-gradient":""},"tablet":{"background-color":"","background-image":"","background-repeat":"repeat","background-position":"center center","background-size":"auto","background-attachment":"scroll","background-type":"","background-media":"","overlay-type":"","overlay-color":"","overlay-gradient":""},"mobile":{"background-color":"","background-image":"","background-repeat":"repeat","background-position":"center center","background-size":"auto","background-attachment":"scroll","background-type":"","background-media":"","overlay-type":"","overlay-color":"","overlay-gradient":""}},"ast-content-background-meta":{"desktop":{"background-color":"var(--ast-global-color-5)","background-image":"","background-repeat":"repeat","background-position":"center center","background-size":"auto","background-attachment":"scroll","background-type":"","background-media":"","overlay-type":"","overlay-color":"","overlay-gradient":""},"tablet":{"background-color":"var(--ast-global-color-5)","background-image":"","background-repeat":"repeat","background-position":"center center","background-size":"auto","background-attachment":"scroll","background-type":"","background-media":"","overlay-type":"","overlay-color":"","overlay-gradient":""},"mobile":{"background-color":"var(--ast-global-color-5)","background-image":"","background-repeat":"repeat","background-position":"center center","background-size":"auto","background-attachment":"scroll","background-type":"","background-media":"","overlay-type":"","overlay-color":"","overlay-gradient":""}},"footnotes":""},"categories":[19166,148,147,636,60],"tags":[163496,180315,180316,132653,8114,171590],"class_list":["post-85704","post","type-post","status-publish","format-standard","hentry","category-alicante","category-analisis-literario","category-ciencias-de-las-artes-y-las-letras","category-lengua-y-literatura","category-linguistica-aplicada","tag-alberto-acereda-extremiana","tag-hugues-brian","tag-ignacio-lopez-calvo","tag-isabel-diaz-sanchez","tag-juan-antonio-perles-rochel","tag-kevin-clark-power"],"_links":{"self":[{"href":"https:\/\/www.deberes.net\/tesis\/wp-json\/wp\/v2\/posts\/85704","targetHints":{"allow":["GET"]}}],"collection":[{"href":"https:\/\/www.deberes.net\/tesis\/wp-json\/wp\/v2\/posts"}],"about":[{"href":"https:\/\/www.deberes.net\/tesis\/wp-json\/wp\/v2\/types\/post"}],"author":[{"embeddable":true,"href":"https:\/\/www.deberes.net\/tesis\/wp-json\/wp\/v2\/users\/1"}],"replies":[{"embeddable":true,"href":"https:\/\/www.deberes.net\/tesis\/wp-json\/wp\/v2\/comments?post=85704"}],"version-history":[{"count":0,"href":"https:\/\/www.deberes.net\/tesis\/wp-json\/wp\/v2\/posts\/85704\/revisions"}],"wp:attachment":[{"href":"https:\/\/www.deberes.net\/tesis\/wp-json\/wp\/v2\/media?parent=85704"}],"wp:term":[{"taxonomy":"category","embeddable":true,"href":"https:\/\/www.deberes.net\/tesis\/wp-json\/wp\/v2\/categories?post=85704"},{"taxonomy":"post_tag","embeddable":true,"href":"https:\/\/www.deberes.net\/tesis\/wp-json\/wp\/v2\/tags?post=85704"}],"curies":[{"name":"wp","href":"https:\/\/api.w.org\/{rel}","templated":true}]}}