{"id":85713,"date":"2000-07-07T00:00:00","date_gmt":"2000-07-07T00:00:00","guid":{"rendered":"https:\/\/www.deberes.net\/tesis\/sin-categoria\/poblamiento-y-ocupacion-rural-romana-en-el-noroeste-peninsular-los-nucleos-agrupados-romanos-secundarios-en-galicia\/"},"modified":"2000-07-07T00:00:00","modified_gmt":"2000-07-07T00:00:00","slug":"poblamiento-y-ocupacion-rural-romana-en-el-noroeste-peninsular-los-nucleos-agrupados-romanos-secundarios-en-galicia","status":"publish","type":"post","link":"https:\/\/www.deberes.net\/tesis\/historia\/poblamiento-y-ocupacion-rural-romana-en-el-noroeste-peninsular-los-nucleos-agrupados-romanos-secundarios-en-galicia\/","title":{"rendered":"Poblamiento y ocupaci\u00f3n rural romana en el noroeste peninsular: los n\u00facleos agrupados romanos secundarios en galicia."},"content":{"rendered":"<h2>Tesis doctoral de <strong> Ferm\u00edn Emiliano P\u00e9rez Losada <\/strong><\/h2>\n<p>La tesis consiste en un estudio arqueol\u00f3gico e hist\u00f3rico de los aglomerados romanos menores existentes en el territorio de la galicia actual, entendiendo \u00e9stos como asentamientos habitacionales agrupados(no individuos o familiares), de g\u00e9nesis romana(no castre\u00f1os) y categor\u00eda secundaria(gama comprendida entre la ciudad y la aldea).  en el primer cap\u00edtulo presentamos y analizamos los n\u00facleos agrupados secundarios romanos en el \u00e1mbito del imperio occidental, tanto sea referente a la terminolog\u00eda y conceptos (ciudad, en el \u00e1mbito del imperio occidental, tanto sea referente a la terminolog\u00eda y conceptos (ciudad, vicus,fora, conciliabula, etc) como especialmente a su caracterizaci\u00f3n arqueol\u00f3gica: implantaci\u00f3n, caracteres f\u00edsicos, funcionalidad, categorizaci\u00f3n tipol\u00f3gica. Se pretende implantaci\u00f3n, caracteres f\u00edsicos, funcionalidad, categorizaci\u00f3n tipol\u00f3gica. Se pretende establecer un modelo (o modelos) de este tipo de h\u00e1bitat que sirva de refencia y contexto para los detectados en galicia.  el cap\u00edtulo central es un estudio individualizado de todos aquellos asentamientos gallegos que optan a esta categor\u00eda: tui,iria, a coru\u00f1a, caldas de reis, ourense, ba\u00f1os de bande, aproba de valdeorras, xinzo de limia, ver\u00edn, vigo, pontevedra, castill\u00f3s, brandomil, santiago y otros. En cada uno de ellos analizamos tanto los vestigios arqueol\u00f3gicos conocidos como la informaci\u00f3n escrita (textos cl\u00e1sicos, epigraf\u00eda), insistiendo especialmente en la contextualizaci\u00f3n e interpretaci\u00f3n de todos estos datos a nivel general. La parte gr\u00e1fica (mapas, planos, fotograf\u00edas a\u00e9reas, etc.) Es esencial y alcanza una especial revelancia.  continuamos con un an\u00e1lisis conjunto de todos los aglomerados secundarios galaicorromanos previamente estudiados: caracterizaci\u00f3n arqueol\u00f3gica (implantaci\u00f3n\/distribuci\u00f3n, tama\u00f1o\/morfolog\u00eda\/urbanismo), funcionalidad y cronolog\u00eda. Las principales conclusiones son la identificaci\u00f3n de dos n\u00fac<\/p>\n<p>&nbsp;<\/p>\n<h3>Datos acad\u00e9micos de la tesis doctoral \u00ab<strong>Poblamiento y ocupaci\u00f3n rural romana en el noroeste peninsular: los n\u00facleos agrupados romanos secundarios en galicia.<\/strong>\u00ab<\/h3>\n<ul>\n<li><strong>T\u00edtulo de la tesis:<\/strong>\u00a0 Poblamiento y ocupaci\u00f3n rural romana en el noroeste peninsular: los n\u00facleos agrupados romanos secundarios en galicia. <\/li>\n<li><strong>Autor:<\/strong>\u00a0 Ferm\u00edn Emiliano P\u00e9rez Losada <\/li>\n<li><strong>Universidad:<\/strong>\u00a0 Santiago de compostela<\/li>\n<li><strong>Fecha de lectura de la tesis:<\/strong>\u00a0 07\/07\/2000<\/li>\n<\/ul>\n<p>&nbsp;<\/p>\n<h3>Direcci\u00f3n y tribunal<\/h3>\n<ul>\n<li><strong>Director de la tesis<\/strong>\n<ul>\n<li>Jos\u00e9 Manuel Caama\u00f1o Gesto<\/li>\n<\/ul>\n<\/li>\n<li><strong>Tribunal<\/strong>\n<ul>\n<li>Presidente del tribunal: fernando Acu\u00f1a castroviejo <\/li>\n<li>enrique Cerrillo mart\u00edn de c\u00e1ceres (vocal)<\/li>\n<li>Jos\u00e9 Antonio Ab\u00e1solo \u00e1lvarez (vocal)<\/li>\n<li> Da cruz soares mantas vasco gil (vocal)<\/li>\n<\/ul>\n<\/li>\n<\/ul>\n<p>&nbsp;<\/p>\n","protected":false},"excerpt":{"rendered":"<p>Tesis doctoral de Ferm\u00edn Emiliano P\u00e9rez Losada La tesis consiste en un estudio arqueol\u00f3gico e hist\u00f3rico de los aglomerados romanos [&hellip;]<\/p>\n","protected":false},"author":1,"featured_media":0,"comment_status":"open","ping_status":"open","sticky":false,"template":"","format":"standard","meta":{"site-sidebar-layout":"default","site-content-layout":"","ast-site-content-layout":"","site-content-style":"default","site-sidebar-style":"default","ast-global-header-display":"","ast-banner-title-visibility":"","ast-main-header-display":"","ast-hfb-above-header-display":"","ast-hfb-below-header-display":"","ast-hfb-mobile-header-display":"","site-post-title":"","ast-breadcrumbs-content":"","ast-featured-img":"","footer-sml-layout":"","theme-transparent-header-meta":"","adv-header-id-meta":"","stick-header-meta":"","header-above-stick-meta":"","header-main-stick-meta":"","header-below-stick-meta":"","astra-migrate-meta-layouts":"default","ast-page-background-enabled":"default","ast-page-background-meta":{"desktop":{"background-color":"var(--ast-global-color-4)","background-image":"","background-repeat":"repeat","background-position":"center center","background-size":"auto","background-attachment":"scroll","background-type":"","background-media":"","overlay-type":"","overlay-color":"","overlay-gradient":""},"tablet":{"background-color":"","background-image":"","background-repeat":"repeat","background-position":"center center","background-size":"auto","background-attachment":"scroll","background-type":"","background-media":"","overlay-type":"","overlay-color":"","overlay-gradient":""},"mobile":{"background-color":"","background-image":"","background-repeat":"repeat","background-position":"center center","background-size":"auto","background-attachment":"scroll","background-type":"","background-media":"","overlay-type":"","overlay-color":"","overlay-gradient":""}},"ast-content-background-meta":{"desktop":{"background-color":"var(--ast-global-color-5)","background-image":"","background-repeat":"repeat","background-position":"center center","background-size":"auto","background-attachment":"scroll","background-type":"","background-media":"","overlay-type":"","overlay-color":"","overlay-gradient":""},"tablet":{"background-color":"var(--ast-global-color-5)","background-image":"","background-repeat":"repeat","background-position":"center center","background-size":"auto","background-attachment":"scroll","background-type":"","background-media":"","overlay-type":"","overlay-color":"","overlay-gradient":""},"mobile":{"background-color":"var(--ast-global-color-5)","background-image":"","background-repeat":"repeat","background-position":"center center","background-size":"auto","background-attachment":"scroll","background-type":"","background-media":"","overlay-type":"","overlay-color":"","overlay-gradient":""}},"footnotes":""},"categories":[1623,1624,104,569,639,220,981,977],"tags":[180329,17991,180328,2638,8284,95342],"class_list":["post-85713","post","type-post","status-publish","format-standard","hentry","category-arqueologia","category-ciencias-auxiliares-de-la-historia","category-historia","category-historia-antigua","category-historia-de-paises","category-historia-por-epocas","category-historia-regional","category-santiago-de-compostela","tag-da-cruz-soares-mantas-vasco-gil","tag-enrique-cerrillo-martin-de-caceres","tag-fermin-emiliano-perez-losada","tag-fernando-acuna-castroviejo","tag-jose-antonio-abasolo-alvarez","tag-jose-manuel-caamano-gesto"],"_links":{"self":[{"href":"https:\/\/www.deberes.net\/tesis\/wp-json\/wp\/v2\/posts\/85713","targetHints":{"allow":["GET"]}}],"collection":[{"href":"https:\/\/www.deberes.net\/tesis\/wp-json\/wp\/v2\/posts"}],"about":[{"href":"https:\/\/www.deberes.net\/tesis\/wp-json\/wp\/v2\/types\/post"}],"author":[{"embeddable":true,"href":"https:\/\/www.deberes.net\/tesis\/wp-json\/wp\/v2\/users\/1"}],"replies":[{"embeddable":true,"href":"https:\/\/www.deberes.net\/tesis\/wp-json\/wp\/v2\/comments?post=85713"}],"version-history":[{"count":0,"href":"https:\/\/www.deberes.net\/tesis\/wp-json\/wp\/v2\/posts\/85713\/revisions"}],"wp:attachment":[{"href":"https:\/\/www.deberes.net\/tesis\/wp-json\/wp\/v2\/media?parent=85713"}],"wp:term":[{"taxonomy":"category","embeddable":true,"href":"https:\/\/www.deberes.net\/tesis\/wp-json\/wp\/v2\/categories?post=85713"},{"taxonomy":"post_tag","embeddable":true,"href":"https:\/\/www.deberes.net\/tesis\/wp-json\/wp\/v2\/tags?post=85713"}],"curies":[{"name":"wp","href":"https:\/\/api.w.org\/{rel}","templated":true}]}}