{"id":85776,"date":"2000-08-07T00:00:00","date_gmt":"2000-08-07T00:00:00","guid":{"rendered":"https:\/\/www.deberes.net\/tesis\/sin-categoria\/la-mortalidad-en-cabra-durante-la-restauracion-1875-1924\/"},"modified":"2000-08-07T00:00:00","modified_gmt":"2000-08-07T00:00:00","slug":"la-mortalidad-en-cabra-durante-la-restauracion-1875-1924","status":"publish","type":"post","link":"https:\/\/www.deberes.net\/tesis\/historia\/la-mortalidad-en-cabra-durante-la-restauracion-1875-1924\/","title":{"rendered":"La mortalidad en cabra durante la restauracion ( 1875-1924)"},"content":{"rendered":"<h2>Tesis doctoral de <strong> Federico Izquierdo Carrasco <\/strong><\/h2>\n<p>El estudio de la mortalidad, tanto la general como la acaecida en circunstancias expeciales en la ciudad de cabra entre 1875 y 1324, son unos 12,000 hab., es el objetivo de esta memoria.  la fuente b\u00e1sica de informaci\u00f3n han sido las actas de defunci\u00f3n del registro civil de dicho periodo ( n=21,232). Las variables utilizadas han sido: sexo, edad, profesi\u00f3n, domicilio, causa de la muerte, si acaeci\u00f3 \u00e9sta en un lugar distinto del domicilio-asilo u hospital- y fecha de la muerte.  el estudio abarca: cuantificaci\u00f3n de la mortalidad, tanto mensual como anual; identificaci\u00f3n de las enfermedades; establecimiento de datos bio y sociom\u00e9tricos de los fallecidos. Apartados especiales se han dedicado a la mortalidad infantil, la de instituciones ben\u00e9ficas y hospitales, la de los exp\u00f3sitos y la de los a\u00f1os con crisis de mortalidad. Por \u00faltimo, se ha prestado especial atenci\u00f3n a la evoluci\u00f3n sem\u00e1ntico-documental de las expresiones diagn\u00f3sticas conlas que hab\u00eda certificado la muerte.  las cifras de mortalidad en cabra estuvieron en todo momento por encima de a media nacional y dentro de las propias de un r\u00e9gimen demogr\u00e1fico antiguo. aproximadamente el 50% de la poblaci\u00f3n no llegaba a los 6 a\u00f1os de vida. entre las principales causas de la muerte encontramos las enfermedades infecciosas, principalmente enteropat\u00f3genas, pero tambi\u00e9n respiratorias. en definitiva, predominio de aquellas causas de muerte consecuencia de una deficiente estructura urbana, carente en lo sociosanitario.  la muerte no castigaba por igual a la poblaci\u00f3n,incidiendo m\u00e1s negativamente en los estratos sociales m\u00e1s deprimidos y en las zonas urbanas que \u00e9stos ocupaban.<\/p>\n<p>&nbsp;<\/p>\n<h3>Datos acad\u00e9micos de la tesis doctoral \u00ab<strong>La mortalidad en cabra durante la restauracion ( 1875-1924)<\/strong>\u00ab<\/h3>\n<ul>\n<li><strong>T\u00edtulo de la tesis:<\/strong>\u00a0 La mortalidad en cabra durante la restauracion ( 1875-1924) <\/li>\n<li><strong>Autor:<\/strong>\u00a0 Federico Izquierdo Carrasco <\/li>\n<li><strong>Universidad:<\/strong>\u00a0 C\u00f3rdoba<\/li>\n<li><strong>Fecha de lectura de la tesis:<\/strong>\u00a0 08\/07\/2000<\/li>\n<\/ul>\n<p>&nbsp;<\/p>\n<h3>Direcci\u00f3n y tribunal<\/h3>\n<ul>\n<li><strong>Director de la tesis<\/strong>\n<ul>\n<li> Garcia Del Moral Antonio<\/li>\n<\/ul>\n<\/li>\n<li><strong>Tribunal<\/strong>\n<ul>\n<li>Presidente del tribunal: fernando Lopez mora <\/li>\n<li>rosa Ballester a\u00f1on (vocal)<\/li>\n<li>pedro Marset campos (vocal)<\/li>\n<li>encarnacion Bernal borrego (vocal)<\/li>\n<\/ul>\n<\/li>\n<\/ul>\n<p>&nbsp;<\/p>\n","protected":false},"excerpt":{"rendered":"<p>Tesis doctoral de Federico Izquierdo Carrasco El estudio de la mortalidad, tanto la general como la acaecida en circunstancias expeciales [&hellip;]<\/p>\n","protected":false},"author":1,"featured_media":0,"comment_status":"open","ping_status":"open","sticky":false,"template":"","format":"standard","meta":{"site-sidebar-layout":"default","site-content-layout":"","ast-site-content-layout":"","site-content-style":"default","site-sidebar-style":"default","ast-global-header-display":"","ast-banner-title-visibility":"","ast-main-header-display":"","ast-hfb-above-header-display":"","ast-hfb-below-header-display":"","ast-hfb-mobile-header-display":"","site-post-title":"","ast-breadcrumbs-content":"","ast-featured-img":"","footer-sml-layout":"","theme-transparent-header-meta":"","adv-header-id-meta":"","stick-header-meta":"","header-above-stick-meta":"","header-main-stick-meta":"","header-below-stick-meta":"","astra-migrate-meta-layouts":"default","ast-page-background-enabled":"default","ast-page-background-meta":{"desktop":{"background-color":"var(--ast-global-color-4)","background-image":"","background-repeat":"repeat","background-position":"center center","background-size":"auto","background-attachment":"scroll","background-type":"","background-media":"","overlay-type":"","overlay-color":"","overlay-gradient":""},"tablet":{"background-color":"","background-image":"","background-repeat":"repeat","background-position":"center center","background-size":"auto","background-attachment":"scroll","background-type":"","background-media":"","overlay-type":"","overlay-color":"","overlay-gradient":""},"mobile":{"background-color":"","background-image":"","background-repeat":"repeat","background-position":"center center","background-size":"auto","background-attachment":"scroll","background-type":"","background-media":"","overlay-type":"","overlay-color":"","overlay-gradient":""}},"ast-content-background-meta":{"desktop":{"background-color":"var(--ast-global-color-5)","background-image":"","background-repeat":"repeat","background-position":"center center","background-size":"auto","background-attachment":"scroll","background-type":"","background-media":"","overlay-type":"","overlay-color":"","overlay-gradient":""},"tablet":{"background-color":"var(--ast-global-color-5)","background-image":"","background-repeat":"repeat","background-position":"center center","background-size":"auto","background-attachment":"scroll","background-type":"","background-media":"","overlay-type":"","overlay-color":"","overlay-gradient":""},"mobile":{"background-color":"var(--ast-global-color-5)","background-image":"","background-repeat":"repeat","background-position":"center center","background-size":"auto","background-attachment":"scroll","background-type":"","background-media":"","overlay-type":"","overlay-color":"","overlay-gradient":""}},"footnotes":""},"categories":[973,104,221,222],"tags":[11080,180422,133230,20981,7391,8427],"class_list":["post-85776","post","type-post","status-publish","format-standard","hentry","category-cordoba","category-historia","category-historia-de-la-medicina","category-historias-especializadas","tag-encarnacion-bernal-borrego","tag-federico-izquierdo-carrasco","tag-fernando-lopez-mora","tag-garcia-del-moral-antonio","tag-pedro-marset-campos","tag-rosa-ballester-anon"],"_links":{"self":[{"href":"https:\/\/www.deberes.net\/tesis\/wp-json\/wp\/v2\/posts\/85776","targetHints":{"allow":["GET"]}}],"collection":[{"href":"https:\/\/www.deberes.net\/tesis\/wp-json\/wp\/v2\/posts"}],"about":[{"href":"https:\/\/www.deberes.net\/tesis\/wp-json\/wp\/v2\/types\/post"}],"author":[{"embeddable":true,"href":"https:\/\/www.deberes.net\/tesis\/wp-json\/wp\/v2\/users\/1"}],"replies":[{"embeddable":true,"href":"https:\/\/www.deberes.net\/tesis\/wp-json\/wp\/v2\/comments?post=85776"}],"version-history":[{"count":0,"href":"https:\/\/www.deberes.net\/tesis\/wp-json\/wp\/v2\/posts\/85776\/revisions"}],"wp:attachment":[{"href":"https:\/\/www.deberes.net\/tesis\/wp-json\/wp\/v2\/media?parent=85776"}],"wp:term":[{"taxonomy":"category","embeddable":true,"href":"https:\/\/www.deberes.net\/tesis\/wp-json\/wp\/v2\/categories?post=85776"},{"taxonomy":"post_tag","embeddable":true,"href":"https:\/\/www.deberes.net\/tesis\/wp-json\/wp\/v2\/tags?post=85776"}],"curies":[{"name":"wp","href":"https:\/\/api.w.org\/{rel}","templated":true}]}}