{"id":85800,"date":"2000-10-07T00:00:00","date_gmt":"2000-10-07T00:00:00","guid":{"rendered":"https:\/\/www.deberes.net\/tesis\/sin-categoria\/estructura-y-regeneracion-de-abedular-en-su-la%c2%admite-superior-en-la-cordillera-cantabrica\/"},"modified":"2000-10-07T00:00:00","modified_gmt":"2000-10-07T00:00:00","slug":"estructura-y-regeneracion-de-abedular-en-su-la%c2%admite-superior-en-la-cordillera-cantabrica","status":"publish","type":"post","link":"https:\/\/www.deberes.net\/tesis\/ciencias-de-la-vida\/estructura-y-regeneracion-de-abedular-en-su-la%c2%admite-superior-en-la-cordillera-cantabrica\/","title":{"rendered":"Estructura y regeneraci\u00f3n de abedular en su l\u00edmite superior en la cordillera cant\u00e1brica"},"content":{"rendered":"<h2>Tesis doctoral de <strong> M. Pilar Alvarez-uria Tejero <\/strong><\/h2>\n<p>Se ha estudiado la reproducci\u00f3n y el crecimiento radial del abedul celtib\u00e9rico(betula celtiberica rothm. Et vasc.) En funci\u00f3n de la altitud(1.000 m,1.4000 m y 1.650-1800 m) en la cordillera cant\u00e1brica, as\u00ed como las caracter\u00edsticas estructurales y el patr\u00f3n de distribuci\u00f3n espacial de los \u00e1rboles en bosques de abedul desde los 1.400 m hasta su l\u00edmite superior (1.800 m). Dicho l\u00edmite altitudinal es de tipo gradual,con un aclarado progresivo del abedular, que entre 1.600 y 1.850 m est\u00e1 formado por grupos de \u00e1rboles dispersos. la forma de los abedules se hace m\u00e1s achaparrada y la reproducci\u00f3n vegetativa a partir de rebrotes de la base del tronco es m\u00e1s frecuente a medida que se aproxima el l\u00edmite de los \u00e1rboles. El crecimiento radial de los abedules que viven en 1.000 m es mucho mayor que el de los que viven a 1.400 y a 1.800 m. En la zona del l\u00edmite del bosque,dicho crecmiento est\u00e1 influenciado positivamente por la temperatura de los meses de junio, julio y agosto y negativamente por las precipitaciones de junio y julio y la temperatura de febrero. En relaci\u00f3n con la reproducci\u00f3n sexual del abedul, tanto la cantidad total de semillas como la de semillas con embri\u00f3n que contienen las infrutescencias del abedul disminuyen a medida que aumenta la altitud, siendo m\u00ednima en la zona del l\u00edmite del bosque. Las semillas procedentes de 1.400 m tienen la mayor capacidad apra germinar en el laboratorio y en condiciones naturales, no habiendo diferencias en este aspecto entre las semillas procedentes de 1.000 m y 1.800 m. La variaci\u00f3n de las condiciones clim\u00e1ticas con la altitud no afecta ni a la germinaci\u00f3n de las semillas ni a la supervivencia de las pl\u00e1ntulas durante las dos primeras estaciones de crecimiento, pero provoca una mayor mortalidad durante el invierno en la zona del limite del bosque(1850 m) el crecimiento de las pl\u00e1ntulas de abedul es mucho menor en dicho lugar y, para una misma altitud,hay diferencias en cuan<\/p>\n<p>&nbsp;<\/p>\n<h3>Datos acad\u00e9micos de la tesis doctoral \u00ab<strong>Estructura y regeneraci\u00f3n de abedular en su l\u00edmite superior en la cordillera cant\u00e1brica<\/strong>\u00ab<\/h3>\n<ul>\n<li><strong>T\u00edtulo de la tesis:<\/strong>\u00a0 Estructura y regeneraci\u00f3n de abedular en su l\u00edmite superior en la cordillera cant\u00e1brica <\/li>\n<li><strong>Autor:<\/strong>\u00a0 M. Pilar Alvarez-uria Tejero <\/li>\n<li><strong>Universidad:<\/strong>\u00a0 Oviedo<\/li>\n<li><strong>Fecha de lectura de la tesis:<\/strong>\u00a0 10\/07\/2000<\/li>\n<\/ul>\n<p>&nbsp;<\/p>\n<h3>Direcci\u00f3n y tribunal<\/h3>\n<ul>\n<li><strong>Director de la tesis<\/strong>\n<ul>\n<li> Fernandez Prieto Jos\u00e9 Antonio<\/li>\n<\/ul>\n<\/li>\n<li><strong>Tribunal<\/strong>\n<ul>\n<li>Presidente del tribunal: tomas emilio Diaz gonzalez <\/li>\n<li>Antonio Gomez sal (vocal)<\/li>\n<li>estanislao De Luis calabuig (vocal)<\/li>\n<li>reyes T\u00e1rrega Garc\u00eda-mares (vocal)<\/li>\n<\/ul>\n<\/li>\n<\/ul>\n<p>&nbsp;<\/p>\n","protected":false},"excerpt":{"rendered":"<p>Tesis doctoral de M. Pilar Alvarez-uria Tejero Se ha estudiado la reproducci\u00f3n y el crecimiento radial del abedul celtib\u00e9rico(betula celtiberica [&hellip;]<\/p>\n","protected":false},"author":1,"featured_media":0,"comment_status":"open","ping_status":"open","sticky":false,"template":"","format":"standard","meta":{"site-sidebar-layout":"default","site-content-layout":"","ast-site-content-layout":"","site-content-style":"default","site-sidebar-style":"default","ast-global-header-display":"","ast-banner-title-visibility":"","ast-main-header-display":"","ast-hfb-above-header-display":"","ast-hfb-below-header-display":"","ast-hfb-mobile-header-display":"","site-post-title":"","ast-breadcrumbs-content":"","ast-featured-img":"","footer-sml-layout":"","theme-transparent-header-meta":"","adv-header-id-meta":"","stick-header-meta":"","header-above-stick-meta":"","header-main-stick-meta":"","header-below-stick-meta":"","astra-migrate-meta-layouts":"default","ast-page-background-enabled":"default","ast-page-background-meta":{"desktop":{"background-color":"var(--ast-global-color-4)","background-image":"","background-repeat":"repeat","background-position":"center center","background-size":"auto","background-attachment":"scroll","background-type":"","background-media":"","overlay-type":"","overlay-color":"","overlay-gradient":""},"tablet":{"background-color":"","background-image":"","background-repeat":"repeat","background-position":"center center","background-size":"auto","background-attachment":"scroll","background-type":"","background-media":"","overlay-type":"","overlay-color":"","overlay-gradient":""},"mobile":{"background-color":"","background-image":"","background-repeat":"repeat","background-position":"center center","background-size":"auto","background-attachment":"scroll","background-type":"","background-media":"","overlay-type":"","overlay-color":"","overlay-gradient":""}},"ast-content-background-meta":{"desktop":{"background-color":"var(--ast-global-color-5)","background-image":"","background-repeat":"repeat","background-position":"center center","background-size":"auto","background-attachment":"scroll","background-type":"","background-media":"","overlay-type":"","overlay-color":"","overlay-gradient":""},"tablet":{"background-color":"var(--ast-global-color-5)","background-image":"","background-repeat":"repeat","background-position":"center center","background-size":"auto","background-attachment":"scroll","background-type":"","background-media":"","overlay-type":"","overlay-color":"","overlay-gradient":""},"mobile":{"background-color":"var(--ast-global-color-5)","background-image":"","background-repeat":"repeat","background-position":"center center","background-size":"auto","background-attachment":"scroll","background-type":"","background-media":"","overlay-type":"","overlay-color":"","overlay-gradient":""}},"footnotes":""},"categories":[972,35,14733,620,8846],"tags":[2245,4440,25367,180454,100185,25368],"class_list":["post-85800","post","type-post","status-publish","format-standard","hentry","category-botanica","category-ciencias-de-la-vida","category-dendrologia","category-ecologia-vegetal","category-oviedo","tag-antonio-gomez-sal","tag-estanislao-de-luis-calabuig","tag-fernandez-prieto-jose-antonio","tag-m-pilar-alvarez-uria-tejero","tag-reyes-tarrega-garcia-mares","tag-tomas-emilio-diaz-gonzalez"],"_links":{"self":[{"href":"https:\/\/www.deberes.net\/tesis\/wp-json\/wp\/v2\/posts\/85800","targetHints":{"allow":["GET"]}}],"collection":[{"href":"https:\/\/www.deberes.net\/tesis\/wp-json\/wp\/v2\/posts"}],"about":[{"href":"https:\/\/www.deberes.net\/tesis\/wp-json\/wp\/v2\/types\/post"}],"author":[{"embeddable":true,"href":"https:\/\/www.deberes.net\/tesis\/wp-json\/wp\/v2\/users\/1"}],"replies":[{"embeddable":true,"href":"https:\/\/www.deberes.net\/tesis\/wp-json\/wp\/v2\/comments?post=85800"}],"version-history":[{"count":0,"href":"https:\/\/www.deberes.net\/tesis\/wp-json\/wp\/v2\/posts\/85800\/revisions"}],"wp:attachment":[{"href":"https:\/\/www.deberes.net\/tesis\/wp-json\/wp\/v2\/media?parent=85800"}],"wp:term":[{"taxonomy":"category","embeddable":true,"href":"https:\/\/www.deberes.net\/tesis\/wp-json\/wp\/v2\/categories?post=85800"},{"taxonomy":"post_tag","embeddable":true,"href":"https:\/\/www.deberes.net\/tesis\/wp-json\/wp\/v2\/tags?post=85800"}],"curies":[{"name":"wp","href":"https:\/\/api.w.org\/{rel}","templated":true}]}}