{"id":85825,"date":"2000-11-07T00:00:00","date_gmt":"2000-11-07T00:00:00","guid":{"rendered":"https:\/\/www.deberes.net\/tesis\/sin-categoria\/calidad-de-vida-en-pacientes-con-enfermedad-pulmonar-obstructiva-cronica-en-antencion-primaria\/"},"modified":"2000-11-07T00:00:00","modified_gmt":"2000-11-07T00:00:00","slug":"calidad-de-vida-en-pacientes-con-enfermedad-pulmonar-obstructiva-cronica-en-antencion-primaria","status":"publish","type":"post","link":"https:\/\/www.deberes.net\/tesis\/ecologia-animal\/calidad-de-vida-en-pacientes-con-enfermedad-pulmonar-obstructiva-cronica-en-antencion-primaria\/","title":{"rendered":"Calidad de vida en pacientes con enfermedad pulmonar obstructiva cronica en antencion primaria"},"content":{"rendered":"<h2>Tesis doctoral de <strong> Eularico Fernandez Valero <\/strong><\/h2>\n<p>En el presente trabajo se aborda la distribuci\u00f3n, tendencia poblacional y uso del medio por parte del oso pardo (ursus arctos l:) en la cordillera cant\u00e1brica, as\u00ed como la actividad estacional y otros aspectos, tratados con un menor desarrollo, de la biolog\u00eda del plant\u00edgrado. En cuanto a la distribuci\u00f3n, se efectu\u00f3 una valoraci\u00f3n de la regularidad de la presencia constatada de este animal sobre cuadrados utm de 5 km de lado, analizando las diferencias estacionales y la evoluci\u00f3n aparentemente experimentada en los \u00faltimos a\u00f1os, al comparar los resultados obtenidos con publicaciones anteriores de otros autores. Para ello se parti\u00f3 de un total de 3,138 indicios, agrupados en 2,136 actos de presencia de oso o grupo de osos, correspondientes al per\u00edodo de 20 a\u00f1os comprendido entre 1978 y 1997, y detectados por diversos procedimientos de recogida de informaci\u00f3n. Para el an\u00e1lisis de la evoluci\u00f3n demogr\u00e1fica de la poblaci\u00f3n, dise\u00f1amos una red de 72 itinerarios de registro de indicios, que totalizaban 809 km de longitud, y que fueron revisados a pie de cada primavera y cada oto\u00f1o entre 1989 y 1994. Aplicamos diferentes procedimientos de an\u00e1lisis estad\u00edstico, concluyendo, en todo caso, la existencia de un descenso significativo en la abundancia de indicios, que estar\u00eda concentrado, fundamentalmente, en el n\u00facleo occidental de la poblaci\u00f3n.  discutimos ampliamente la fiabilidad de los resultados y la adecuaci\u00f3n del m\u00e9todo empleado para el objetivo propuesto. En relaci\u00f3n con el uso del medio, efectuamos dos aproximaciones diferentes. Por un lado analizamos el uso del h\u00e1bitat en funci\u00f3n de las caracter\u00edsticas puntuales del lugar donde se detect\u00f3 la presencia del animal, tanto en cuanto al tipo de vegetaci\u00f3n como en cuanto a variables ambientales cuales son la altitud, la exposici\u00f3n o la topograf\u00eda. Examinamos asimismo la variaci\u00f3n geogr\u00e1fica y estacional en estos patrones de uso, as\u00ed como las diferencias existentes entre los diferentes tipos de indicios. Por otro, tratamos de tipificar aquellos espacios m\u00e1s utilizados por el oso, a una escala de paisaje, empleando para ello los itinerarios de registro de indicios antes aludidos, para cada uno de los cuales tomamos o estimamos el valor para un total de 104 variables ambientales. Conforme a los resultados obtenidos y a la informaci\u00f3n bibliogr\u00e1fica existente, se eval\u00faa la situaci\u00f3n y se proponen las estrategias de gesti\u00f3n que se juzgan m\u00e1s convenientes para la conservaci\u00f3n de la poblaci\u00f3n.<\/p>\n<p>&nbsp;<\/p>\n<h3>Datos acad\u00e9micos de la tesis doctoral \u00ab<strong>Calidad de vida en pacientes con enfermedad pulmonar obstructiva cronica en antencion primaria<\/strong>\u00ab<\/h3>\n<ul>\n<li><strong>T\u00edtulo de la tesis:<\/strong>\u00a0 Calidad de vida en pacientes con enfermedad pulmonar obstructiva cronica en antencion primaria <\/li>\n<li><strong>Autor:<\/strong>\u00a0 Eularico Fernandez Valero <\/li>\n<li><strong>Universidad:<\/strong>\u00a0 M\u00e1laga<\/li>\n<li><strong>Fecha de lectura de la tesis:<\/strong>\u00a0 11\/07\/2000<\/li>\n<\/ul>\n<p>&nbsp;<\/p>\n<h3>Direcci\u00f3n y tribunal<\/h3>\n<ul>\n<li><strong>Director de la tesis<\/strong>\n<ul>\n<li>Francisco Javier Purroy Iraizoz<\/li>\n<\/ul>\n<\/li>\n<li><strong>Tribunal<\/strong>\n<ul>\n<li>Presidente del tribunal: estanislao De Luis calabuig <\/li>\n<li>Antonio  Javier Lucio  calero (vocal)<\/li>\n<li>Miguel Delibes castro (vocal)<\/li>\n<li>Luis Costa perez (vocal)<\/li>\n<\/ul>\n<\/li>\n<\/ul>\n<p>&nbsp;<\/p>\n","protected":false},"excerpt":{"rendered":"<p>Tesis doctoral de Eularico Fernandez Valero En el presente trabajo se aborda la distribuci\u00f3n, tendencia poblacional y uso del medio [&hellip;]<\/p>\n","protected":false},"author":1,"featured_media":0,"comment_status":"open","ping_status":"open","sticky":false,"template":"","format":"standard","meta":{"site-sidebar-layout":"default","site-content-layout":"","ast-site-content-layout":"","site-content-style":"default","site-sidebar-style":"default","ast-global-header-display":"","ast-banner-title-visibility":"","ast-main-header-display":"","ast-hfb-above-header-display":"","ast-hfb-below-header-display":"","ast-hfb-mobile-header-display":"","site-post-title":"","ast-breadcrumbs-content":"","ast-featured-img":"","footer-sml-layout":"","theme-transparent-header-meta":"","adv-header-id-meta":"","stick-header-meta":"","header-above-stick-meta":"","header-main-stick-meta":"","header-below-stick-meta":"","astra-migrate-meta-layouts":"default","ast-page-background-enabled":"default","ast-page-background-meta":{"desktop":{"background-color":"var(--ast-global-color-4)","background-image":"","background-repeat":"repeat","background-position":"center center","background-size":"auto","background-attachment":"scroll","background-type":"","background-media":"","overlay-type":"","overlay-color":"","overlay-gradient":""},"tablet":{"background-color":"","background-image":"","background-repeat":"repeat","background-position":"center center","background-size":"auto","background-attachment":"scroll","background-type":"","background-media":"","overlay-type":"","overlay-color":"","overlay-gradient":""},"mobile":{"background-color":"","background-image":"","background-repeat":"repeat","background-position":"center center","background-size":"auto","background-attachment":"scroll","background-type":"","background-media":"","overlay-type":"","overlay-color":"","overlay-gradient":""}},"ast-content-background-meta":{"desktop":{"background-color":"var(--ast-global-color-5)","background-image":"","background-repeat":"repeat","background-position":"center center","background-size":"auto","background-attachment":"scroll","background-type":"","background-media":"","overlay-type":"","overlay-color":"","overlay-gradient":""},"tablet":{"background-color":"var(--ast-global-color-5)","background-image":"","background-repeat":"repeat","background-position":"center center","background-size":"auto","background-attachment":"scroll","background-type":"","background-media":"","overlay-type":"","overlay-color":"","overlay-gradient":""},"mobile":{"background-color":"var(--ast-global-color-5)","background-image":"","background-repeat":"repeat","background-position":"center center","background-size":"auto","background-attachment":"scroll","background-type":"","background-media":"","overlay-type":"","overlay-color":"","overlay-gradient":""}},"footnotes":""},"categories":[37068,976,7834,10760,21144],"tags":[101713,4440,180497,4537,99035,2414],"class_list":["post-85825","post","type-post","status-publish","format-standard","hentry","category-dinamica-de-poblaciones","category-ecologia-animal","category-malaga","category-mamiferos","category-ordenacion-y-conservacion-de-la-fauna-silvestre","tag-antonio-javier-lucio-calero","tag-estanislao-de-luis-calabuig","tag-eularico-fernandez-valero","tag-francisco-javier-purroy-iraizoz","tag-luis-costa-perez","tag-miguel-delibes-castro"],"_links":{"self":[{"href":"https:\/\/www.deberes.net\/tesis\/wp-json\/wp\/v2\/posts\/85825","targetHints":{"allow":["GET"]}}],"collection":[{"href":"https:\/\/www.deberes.net\/tesis\/wp-json\/wp\/v2\/posts"}],"about":[{"href":"https:\/\/www.deberes.net\/tesis\/wp-json\/wp\/v2\/types\/post"}],"author":[{"embeddable":true,"href":"https:\/\/www.deberes.net\/tesis\/wp-json\/wp\/v2\/users\/1"}],"replies":[{"embeddable":true,"href":"https:\/\/www.deberes.net\/tesis\/wp-json\/wp\/v2\/comments?post=85825"}],"version-history":[{"count":0,"href":"https:\/\/www.deberes.net\/tesis\/wp-json\/wp\/v2\/posts\/85825\/revisions"}],"wp:attachment":[{"href":"https:\/\/www.deberes.net\/tesis\/wp-json\/wp\/v2\/media?parent=85825"}],"wp:term":[{"taxonomy":"category","embeddable":true,"href":"https:\/\/www.deberes.net\/tesis\/wp-json\/wp\/v2\/categories?post=85825"},{"taxonomy":"post_tag","embeddable":true,"href":"https:\/\/www.deberes.net\/tesis\/wp-json\/wp\/v2\/tags?post=85825"}],"curies":[{"name":"wp","href":"https:\/\/api.w.org\/{rel}","templated":true}]}}