{"id":85836,"date":"2000-11-07T00:00:00","date_gmt":"2000-11-07T00:00:00","guid":{"rendered":"https:\/\/www.deberes.net\/tesis\/sin-categoria\/calidad-de-vida-en-pacientes-con-enfermedad-pulmonar-obstructiva-cronica-en-antencion-primaria-2\/"},"modified":"2000-11-07T00:00:00","modified_gmt":"2000-11-07T00:00:00","slug":"calidad-de-vida-en-pacientes-con-enfermedad-pulmonar-obstructiva-cronica-en-antencion-primaria-2","status":"publish","type":"post","link":"https:\/\/www.deberes.net\/tesis\/ciencias-medicas\/calidad-de-vida-en-pacientes-con-enfermedad-pulmonar-obstructiva-cronica-en-antencion-primaria-2\/","title":{"rendered":"Calidad de vida en pacientes con enfermedad pulmonar obstructiva cronica en antencion primaria."},"content":{"rendered":"<h2>Tesis doctoral de <strong> Ana M Fernandez  Vargas <\/strong><\/h2>\n<p>Se ha realizado un estudio observacional de tipo transversal en pacientes con enfermedad pulmonar obstructiva cr\u00f3nica, seguidos en el programa de cr\u00f3nicos de dos centros de salud urbanos de m\u00e1laga. Se han estudiado variables sociodemogr\u00e1ficas, de utilizaci\u00f3n de recursos y biopsicosociales.  los resultados muestran que existe una correlaci\u00f3n mediana entre la calidad de vida atribuible seg\u00fan el fev1 y dos cuestionarios de salud autopercibida uno de ellos gen\u00e9rico (perfil de salud de nottinghan) y otro espec\u00edfico (cuestionario respiratorio de saint george). la calidad de vida medida seg\u00fan el psn depende de la edad del paciente, g\u00e9nero, presencia de patolog\u00eda psicol\u00f3gica o traumatol\u00f3gica y afectaci\u00f3n grave de la funci\u00f3n respiratoria. Por el contrario la calidad de vida media por el cuestionario espec\u00edfico de saint george no guarda relaci\u00f3n con las variables anteriores y si con aquellas relacionadas con la propia patolog\u00eda respiratoria, tales como agudizaciones, derivaciones al neum\u00f3logo y visitas a demanda. se constata que en estos pacientes existe un bajo grado de cumplimiento terap\u00e9utico (menor del 20%) posiblemente relacionado con el nivel cultural muy bajo, la edad avanzada y la pluripatolog\u00eda.<\/p>\n<p>&nbsp;<\/p>\n<h3>Datos acad\u00e9micos de la tesis doctoral \u00ab<strong>Calidad de vida en pacientes con enfermedad pulmonar obstructiva cronica en antencion primaria.<\/strong>\u00ab<\/h3>\n<ul>\n<li><strong>T\u00edtulo de la tesis:<\/strong>\u00a0 Calidad de vida en pacientes con enfermedad pulmonar obstructiva cronica en antencion primaria. <\/li>\n<li><strong>Autor:<\/strong>\u00a0 Ana M Fernandez  Vargas <\/li>\n<li><strong>Universidad:<\/strong>\u00a0 M\u00e1laga<\/li>\n<li><strong>Fecha de lectura de la tesis:<\/strong>\u00a0 11\/07\/2000<\/li>\n<\/ul>\n<p>&nbsp;<\/p>\n<h3>Direcci\u00f3n y tribunal<\/h3>\n<ul>\n<li><strong>Director de la tesis<\/strong>\n<ul>\n<li>Antonio Garcia Ruiz<\/li>\n<\/ul>\n<\/li>\n<li><strong>Tribunal<\/strong>\n<ul>\n<li>Presidente del tribunal: maximo Bartolome rodriguez <\/li>\n<li>pablo Ortiz betes (vocal)<\/li>\n<li>Francisco Javier P\u00e9rez fr\u00edas (vocal)<\/li>\n<li>daniel Prados torres (vocal)<\/li>\n<\/ul>\n<\/li>\n<\/ul>\n<p>&nbsp;<\/p>\n","protected":false},"excerpt":{"rendered":"<p>Tesis doctoral de Ana M Fernandez Vargas Se ha realizado un estudio observacional de tipo transversal en pacientes con enfermedad [&hellip;]<\/p>\n","protected":false},"author":1,"featured_media":0,"comment_status":"open","ping_status":"open","sticky":false,"template":"","format":"standard","meta":{"site-sidebar-layout":"default","site-content-layout":"","ast-site-content-layout":"","site-content-style":"default","site-sidebar-style":"default","ast-global-header-display":"","ast-banner-title-visibility":"","ast-main-header-display":"","ast-hfb-above-header-display":"","ast-hfb-below-header-display":"","ast-hfb-mobile-header-display":"","site-post-title":"","ast-breadcrumbs-content":"","ast-featured-img":"","footer-sml-layout":"","theme-transparent-header-meta":"","adv-header-id-meta":"","stick-header-meta":"","header-above-stick-meta":"","header-main-stick-meta":"","header-below-stick-meta":"","astra-migrate-meta-layouts":"default","ast-page-background-enabled":"default","ast-page-background-meta":{"desktop":{"background-color":"var(--ast-global-color-4)","background-image":"","background-repeat":"repeat","background-position":"center center","background-size":"auto","background-attachment":"scroll","background-type":"","background-media":"","overlay-type":"","overlay-color":"","overlay-gradient":""},"tablet":{"background-color":"","background-image":"","background-repeat":"repeat","background-position":"center center","background-size":"auto","background-attachment":"scroll","background-type":"","background-media":"","overlay-type":"","overlay-color":"","overlay-gradient":""},"mobile":{"background-color":"","background-image":"","background-repeat":"repeat","background-position":"center center","background-size":"auto","background-attachment":"scroll","background-type":"","background-media":"","overlay-type":"","overlay-color":"","overlay-gradient":""}},"ast-content-background-meta":{"desktop":{"background-color":"var(--ast-global-color-5)","background-image":"","background-repeat":"repeat","background-position":"center center","background-size":"auto","background-attachment":"scroll","background-type":"","background-media":"","overlay-type":"","overlay-color":"","overlay-gradient":""},"tablet":{"background-color":"var(--ast-global-color-5)","background-image":"","background-repeat":"repeat","background-position":"center center","background-size":"auto","background-attachment":"scroll","background-type":"","background-media":"","overlay-type":"","overlay-color":"","overlay-gradient":""},"mobile":{"background-color":"var(--ast-global-color-5)","background-image":"","background-repeat":"repeat","background-position":"center center","background-size":"auto","background-attachment":"scroll","background-type":"","background-media":"","overlay-type":"","overlay-color":"","overlay-gradient":""}},"footnotes":""},"categories":[9,69,1086,7834,139],"tags":[180512,24872,131436,59925,16,25726],"class_list":["post-85836","post","type-post","status-publish","format-standard","hentry","category-ciencias-medicas","category-enfermedades-pulmonares","category-epidemiologia","category-malaga","category-medicina-interna","tag-ana-m-fernandez-vargas","tag-antonio-garcia-ruiz","tag-daniel-prados-torres","tag-francisco-javier-perez-frias","tag-maximo-bartolome-rodriguez","tag-pablo-ortiz-betes"],"_links":{"self":[{"href":"https:\/\/www.deberes.net\/tesis\/wp-json\/wp\/v2\/posts\/85836","targetHints":{"allow":["GET"]}}],"collection":[{"href":"https:\/\/www.deberes.net\/tesis\/wp-json\/wp\/v2\/posts"}],"about":[{"href":"https:\/\/www.deberes.net\/tesis\/wp-json\/wp\/v2\/types\/post"}],"author":[{"embeddable":true,"href":"https:\/\/www.deberes.net\/tesis\/wp-json\/wp\/v2\/users\/1"}],"replies":[{"embeddable":true,"href":"https:\/\/www.deberes.net\/tesis\/wp-json\/wp\/v2\/comments?post=85836"}],"version-history":[{"count":0,"href":"https:\/\/www.deberes.net\/tesis\/wp-json\/wp\/v2\/posts\/85836\/revisions"}],"wp:attachment":[{"href":"https:\/\/www.deberes.net\/tesis\/wp-json\/wp\/v2\/media?parent=85836"}],"wp:term":[{"taxonomy":"category","embeddable":true,"href":"https:\/\/www.deberes.net\/tesis\/wp-json\/wp\/v2\/categories?post=85836"},{"taxonomy":"post_tag","embeddable":true,"href":"https:\/\/www.deberes.net\/tesis\/wp-json\/wp\/v2\/tags?post=85836"}],"curies":[{"name":"wp","href":"https:\/\/api.w.org\/{rel}","templated":true}]}}