{"id":85872,"date":"2000-12-07T00:00:00","date_gmt":"2000-12-07T00:00:00","guid":{"rendered":"https:\/\/www.deberes.net\/tesis\/sin-categoria\/mecanismos-de-la-malnutricion-en-pacientes-con-infeccion-vih-avanzada-e-infeccion-oportunista\/"},"modified":"2000-12-07T00:00:00","modified_gmt":"2000-12-07T00:00:00","slug":"mecanismos-de-la-malnutricion-en-pacientes-con-infeccion-vih-avanzada-e-infeccion-oportunista","status":"publish","type":"post","link":"https:\/\/www.deberes.net\/tesis\/ciencias-medicas\/mecanismos-de-la-malnutricion-en-pacientes-con-infeccion-vih-avanzada-e-infeccion-oportunista\/","title":{"rendered":"Mecanismos de la malnutricion en pacientes con infecci\u00f3n vih avanzada e infeccion oportunista."},"content":{"rendered":"<h2>Tesis doctoral de <strong> Pilar Serrano Aguayo <\/strong><\/h2>\n<p>La malnutrici\u00f3n es una situaci\u00f3n frecuentemente asociada a la infecci\u00f3n vih. Los mecanismos de esta malnutrici\u00f3n son la tugesta reducido de nutrientes, la malabsorci\u00f3n intestinal y las alteraciones del metabolismo energ\u00e9tico. el objetivo de esta tesis ha sido el estudio simult\u00e1neo de estos 3 mecanismos en pacientes con sida e infecci\u00f3 oportunista.  se realiz\u00f3 un estudio de casos controles transversales en el que se indujeron a 35 pacientes con sida e infecci\u00f3n oportunista y 20 sujetos somos controles.  encontramos que los pacientes tienen un peor estado nutricional la tugesta est\u00e1 reducida en el grupo de pacientes y se asocia a un peor estado nutricional.  la malabsorci\u00f3n fue muy frecuente en el grupo de pacientes pero no se asoci\u00f3 a un peor estado nutricional.  no encontramos datos que apoyen la existencia de una adaptaci\u00f3n metab\u00f3lica al d\u00e9ficit de ingesta ni a la malabsorci\u00f3n<\/p>\n<p>&nbsp;<\/p>\n<h3>Datos acad\u00e9micos de la tesis doctoral \u00ab<strong>Mecanismos de la malnutricion en pacientes con infecci\u00f3n vih avanzada e infeccion oportunista.<\/strong>\u00ab<\/h3>\n<ul>\n<li><strong>T\u00edtulo de la tesis:<\/strong>\u00a0 Mecanismos de la malnutricion en pacientes con infecci\u00f3n vih avanzada e infeccion oportunista. <\/li>\n<li><strong>Autor:<\/strong>\u00a0 Pilar Serrano Aguayo <\/li>\n<li><strong>Universidad:<\/strong>\u00a0 Sevilla<\/li>\n<li><strong>Fecha de lectura de la tesis:<\/strong>\u00a0 12\/07\/2000<\/li>\n<\/ul>\n<p>&nbsp;<\/p>\n<h3>Direcci\u00f3n y tribunal<\/h3>\n<ul>\n<li><strong>Director de la tesis<\/strong>\n<ul>\n<li>Pedro Pablo Garcia Luna<\/li>\n<\/ul>\n<\/li>\n<li><strong>Tribunal<\/strong>\n<ul>\n<li>Presidente del tribunal:  Muniain ezcurra Miguel angel <\/li>\n<li>rosa Polo rodr\u00edguez (vocal)<\/li>\n<li>jordi Salas i salvado (vocal)<\/li>\n<li> Pereira cunill Jos\u00e9 Luis (vocal)<\/li>\n<\/ul>\n<\/li>\n<\/ul>\n<p>&nbsp;<\/p>\n","protected":false},"excerpt":{"rendered":"<p>Tesis doctoral de Pilar Serrano Aguayo La malnutrici\u00f3n es una situaci\u00f3n frecuentemente asociada a la infecci\u00f3n vih. Los mecanismos de [&hellip;]<\/p>\n","protected":false},"author":1,"featured_media":0,"comment_status":"open","ping_status":"open","sticky":false,"template":"","format":"standard","meta":{"site-sidebar-layout":"default","site-content-layout":"","ast-site-content-layout":"","site-content-style":"default","site-sidebar-style":"default","ast-global-header-display":"","ast-banner-title-visibility":"","ast-main-header-display":"","ast-hfb-above-header-display":"","ast-hfb-below-header-display":"","ast-hfb-mobile-header-display":"","site-post-title":"","ast-breadcrumbs-content":"","ast-featured-img":"","footer-sml-layout":"","theme-transparent-header-meta":"","adv-header-id-meta":"","stick-header-meta":"","header-above-stick-meta":"","header-main-stick-meta":"","header-below-stick-meta":"","astra-migrate-meta-layouts":"default","ast-page-background-enabled":"default","ast-page-background-meta":{"desktop":{"background-color":"var(--ast-global-color-4)","background-image":"","background-repeat":"repeat","background-position":"center center","background-size":"auto","background-attachment":"scroll","background-type":"","background-media":"","overlay-type":"","overlay-color":"","overlay-gradient":""},"tablet":{"background-color":"","background-image":"","background-repeat":"repeat","background-position":"center center","background-size":"auto","background-attachment":"scroll","background-type":"","background-media":"","overlay-type":"","overlay-color":"","overlay-gradient":""},"mobile":{"background-color":"","background-image":"","background-repeat":"repeat","background-position":"center center","background-size":"auto","background-attachment":"scroll","background-type":"","background-media":"","overlay-type":"","overlay-color":"","overlay-gradient":""}},"ast-content-background-meta":{"desktop":{"background-color":"var(--ast-global-color-5)","background-image":"","background-repeat":"repeat","background-position":"center center","background-size":"auto","background-attachment":"scroll","background-type":"","background-media":"","overlay-type":"","overlay-color":"","overlay-gradient":""},"tablet":{"background-color":"var(--ast-global-color-5)","background-image":"","background-repeat":"repeat","background-position":"center center","background-size":"auto","background-attachment":"scroll","background-type":"","background-media":"","overlay-type":"","overlay-color":"","overlay-gradient":""},"mobile":{"background-color":"var(--ast-global-color-5)","background-image":"","background-repeat":"repeat","background-position":"center center","background-size":"auto","background-attachment":"scroll","background-type":"","background-media":"","overlay-type":"","overlay-color":"","overlay-gradient":""}},"footnotes":""},"categories":[467,9,4041,466,156,10715,2935],"tags":[18761,10863,26712,180570,180568,180569],"class_list":["post-85872","post","type-post","status-publish","format-standard","hentry","category-ciencias-de-la-nutricion","category-ciencias-medicas","category-deficiencias-alimentarias","category-metabolismo-energetico","category-patologia","category-sevilla","category-sindrome-de-inmunodeficiencia-adquirida","tag-jordi-salas-i-salvado","tag-muniain-ezcurra-miguel-angel","tag-pedro-pablo-garcia-luna","tag-pereira-cunill-jose-luis","tag-pilar-serrano-aguayo","tag-rosa-polo-rodriguez"],"_links":{"self":[{"href":"https:\/\/www.deberes.net\/tesis\/wp-json\/wp\/v2\/posts\/85872","targetHints":{"allow":["GET"]}}],"collection":[{"href":"https:\/\/www.deberes.net\/tesis\/wp-json\/wp\/v2\/posts"}],"about":[{"href":"https:\/\/www.deberes.net\/tesis\/wp-json\/wp\/v2\/types\/post"}],"author":[{"embeddable":true,"href":"https:\/\/www.deberes.net\/tesis\/wp-json\/wp\/v2\/users\/1"}],"replies":[{"embeddable":true,"href":"https:\/\/www.deberes.net\/tesis\/wp-json\/wp\/v2\/comments?post=85872"}],"version-history":[{"count":0,"href":"https:\/\/www.deberes.net\/tesis\/wp-json\/wp\/v2\/posts\/85872\/revisions"}],"wp:attachment":[{"href":"https:\/\/www.deberes.net\/tesis\/wp-json\/wp\/v2\/media?parent=85872"}],"wp:term":[{"taxonomy":"category","embeddable":true,"href":"https:\/\/www.deberes.net\/tesis\/wp-json\/wp\/v2\/categories?post=85872"},{"taxonomy":"post_tag","embeddable":true,"href":"https:\/\/www.deberes.net\/tesis\/wp-json\/wp\/v2\/tags?post=85872"}],"curies":[{"name":"wp","href":"https:\/\/api.w.org\/{rel}","templated":true}]}}