{"id":85963,"date":"2018-03-10T00:10:29","date_gmt":"2018-03-10T00:10:29","guid":{"rendered":"https:\/\/www.deberes.net\/tesis\/sin-categoria\/administracion-y-rama-social-del-derecho-la-intervencion-administrativa-y-su-incidencia-en-la-delimitacion-de-los-ordenes-jurisdiccionales-contencioso-administrativo-y-social\/"},"modified":"2018-03-10T00:10:29","modified_gmt":"2018-03-10T00:10:29","slug":"administracion-y-rama-social-del-derecho-la-intervencion-administrativa-y-su-incidencia-en-la-delimitacion-de-los-ordenes-jurisdiccionales-contencioso-administrativo-y-social","status":"publish","type":"post","link":"https:\/\/www.deberes.net\/tesis\/ciencias-juridicas-y-derecho\/administracion-y-rama-social-del-derecho-la-intervencion-administrativa-y-su-incidencia-en-la-delimitacion-de-los-ordenes-jurisdiccionales-contencioso-administrativo-y-social\/","title":{"rendered":"Administracion y rama social del derecho. (la intervencion administrativa y su incidencia en la delimitacion de los ordenes jurisdiccionales contencioso-administrativo y social)."},"content":{"rendered":"<h2>Tesis doctoral de <strong> Ruben Lopez-tames Iglesias <\/strong><\/h2>\n<p>La tesis doctoral analiza uno de los m\u00e1s cl\u00e1sicos problemas que plantea la delimitaci\u00f3n entre los \u00f3rdenes jurisdiccionales: la grontera entre el contencioso adminsitrativo y el social. Existe todav\u00eda, motivado por el factor heteron\u00f3mico que supone la intervenci\u00f3n del estado en las relaciones laborales, una \u00abzona de intersecci\u00f3n\u00bb, \u00abzona gris\u00bb que se halla en la misma confuencia del derecho adminsitrativo y el derecho laboral. Se le ha denominado metaf\u00f3ricamente de muy diversas formas por la doctrina y supone una fuente permanente de litigios. Nuestro sistema de distribuci\u00f3n de competencias est\u00e1 construido sobre una resbaladiza l\u00ednea divisoria, de manera que es frecuente encontrar el an\u00e1lisis de estas cuestiones desde sus dos riberas.  trasciende, adem\u00e1s, a la mera configuraci\u00f3n de los \u00f3rdenes jurisdiccionales si lo que impl\u00edcitamente se encuentra comprometido es la misma relaci\u00f3nde poderes del estado, de los jurisdiccionales y lo administrativo, cuya tensi\u00f3n se valora y analiza desde un planteamiento hist\u00f3rico y tambi\u00e9n actual. tras un planteamiento general del an\u00e1lisis del pasado, se aborda los problemas siguiendo la estructura de los tres primeros art\u00edculos de la ley de procedimiento laboral. Finaliza con el an\u00e1lisis de las insuficiencias de que adolece nuestro ordenamiento para evitar la contradicci\u00f3n (prejudicialidad, recurso de revisi\u00f3n y casaci\u00f3n, salas de conflicto), que es, en realidad, el precio de un sistema de atribuciones compartidas y de la independencia judicial.  se trata de una obra que, siguiendo el testigo de jurisdicci\u00f3n y adminsitraci\u00f3n de trabajo publicada por el profesor montoya en 1970, analiza de forma extensa este tipo de cuestiones y lo hace desde una perspectiva postconstitucional.<\/p>\n<p>&nbsp;<\/p>\n<h3>Datos acad\u00e9micos de la tesis doctoral \u00ab<strong>Administracion y rama social del derecho. (la intervencion administrativa y su incidencia en la delimitacion de los ordenes jurisdiccionales contencioso-administrativo y social).<\/strong>\u00ab<\/h3>\n<ul>\n<li><strong>T\u00edtulo de la tesis:<\/strong>\u00a0 Administracion y rama social del derecho. (la intervencion administrativa y su incidencia en la delimitacion de los ordenes jurisdiccionales contencioso-administrativo y social). <\/li>\n<li><strong>Autor:<\/strong>\u00a0 Ruben Lopez-tames Iglesias <\/li>\n<li><strong>Universidad:<\/strong>\u00a0 Cantabria<\/li>\n<li><strong>Fecha de lectura de la tesis:<\/strong>\u00a0 14\/07\/2000<\/li>\n<\/ul>\n<p>&nbsp;<\/p>\n<h3>Direcci\u00f3n y tribunal<\/h3>\n<ul>\n<li><strong>Director de la tesis<\/strong>\n<ul>\n<li>perrote Escartin Garcia<\/li>\n<\/ul>\n<\/li>\n<li><strong>Tribunal<\/strong>\n<ul>\n<li>Presidente del tribunal: Luis enrique De la villa gil <\/li>\n<li> Martin rebollo Luis Jos\u00e9 (vocal)<\/li>\n<li>Antonio Martin valverde (vocal)<\/li>\n<li>Manuel Carlos Palomeque l\u00f3pez (vocal)<\/li>\n<\/ul>\n<\/li>\n<\/ul>\n<p>&nbsp;<\/p>\n","protected":false},"excerpt":{"rendered":"<p>Tesis doctoral de Ruben Lopez-tames Iglesias La tesis doctoral analiza uno de los m\u00e1s cl\u00e1sicos problemas que plantea la delimitaci\u00f3n [&hellip;]<\/p>\n","protected":false},"author":1,"featured_media":0,"comment_status":"open","ping_status":"open","sticky":false,"template":"","format":"standard","meta":{"site-sidebar-layout":"default","site-content-layout":"","ast-site-content-layout":"","site-content-style":"default","site-sidebar-style":"default","ast-global-header-display":"","ast-banner-title-visibility":"","ast-main-header-display":"","ast-hfb-above-header-display":"","ast-hfb-below-header-display":"","ast-hfb-mobile-header-display":"","site-post-title":"","ast-breadcrumbs-content":"","ast-featured-img":"","footer-sml-layout":"","theme-transparent-header-meta":"","adv-header-id-meta":"","stick-header-meta":"","header-above-stick-meta":"","header-main-stick-meta":"","header-below-stick-meta":"","astra-migrate-meta-layouts":"default","ast-page-background-enabled":"default","ast-page-background-meta":{"desktop":{"background-color":"var(--ast-global-color-4)","background-image":"","background-repeat":"repeat","background-position":"center center","background-size":"auto","background-attachment":"scroll","background-type":"","background-media":"","overlay-type":"","overlay-color":"","overlay-gradient":""},"tablet":{"background-color":"","background-image":"","background-repeat":"repeat","background-position":"center center","background-size":"auto","background-attachment":"scroll","background-type":"","background-media":"","overlay-type":"","overlay-color":"","overlay-gradient":""},"mobile":{"background-color":"","background-image":"","background-repeat":"repeat","background-position":"center center","background-size":"auto","background-attachment":"scroll","background-type":"","background-media":"","overlay-type":"","overlay-color":"","overlay-gradient":""}},"ast-content-background-meta":{"desktop":{"background-color":"var(--ast-global-color-5)","background-image":"","background-repeat":"repeat","background-position":"center center","background-size":"auto","background-attachment":"scroll","background-type":"","background-media":"","overlay-type":"","overlay-color":"","overlay-gradient":""},"tablet":{"background-color":"var(--ast-global-color-5)","background-image":"","background-repeat":"repeat","background-position":"center center","background-size":"auto","background-attachment":"scroll","background-type":"","background-media":"","overlay-type":"","overlay-color":"","overlay-gradient":""},"mobile":{"background-color":"var(--ast-global-color-5)","background-image":"","background-repeat":"repeat","background-position":"center center","background-size":"auto","background-attachment":"scroll","background-type":"","background-media":"","overlay-type":"","overlay-color":"","overlay-gradient":""}},"footnotes":""},"categories":[10518,612,1442,979],"tags":[11489,9455,9454,180707,51749,180706],"class_list":["post-85963","post","type-post","status-publish","format-standard","hentry","category-cantabria","category-ciencias-juridicas-y-derecho","category-derecho-administrativo","category-derecho-y-legislacion-nacionales","tag-antonio-martin-valverde","tag-luis-enrique-de-la-villa-gil","tag-manuel-carlos-palomeque-lopez","tag-martin-rebollo-luis-jose","tag-perrote-escartin-garcia","tag-ruben-lopez-tames-iglesias"],"_links":{"self":[{"href":"https:\/\/www.deberes.net\/tesis\/wp-json\/wp\/v2\/posts\/85963","targetHints":{"allow":["GET"]}}],"collection":[{"href":"https:\/\/www.deberes.net\/tesis\/wp-json\/wp\/v2\/posts"}],"about":[{"href":"https:\/\/www.deberes.net\/tesis\/wp-json\/wp\/v2\/types\/post"}],"author":[{"embeddable":true,"href":"https:\/\/www.deberes.net\/tesis\/wp-json\/wp\/v2\/users\/1"}],"replies":[{"embeddable":true,"href":"https:\/\/www.deberes.net\/tesis\/wp-json\/wp\/v2\/comments?post=85963"}],"version-history":[{"count":0,"href":"https:\/\/www.deberes.net\/tesis\/wp-json\/wp\/v2\/posts\/85963\/revisions"}],"wp:attachment":[{"href":"https:\/\/www.deberes.net\/tesis\/wp-json\/wp\/v2\/media?parent=85963"}],"wp:term":[{"taxonomy":"category","embeddable":true,"href":"https:\/\/www.deberes.net\/tesis\/wp-json\/wp\/v2\/categories?post=85963"},{"taxonomy":"post_tag","embeddable":true,"href":"https:\/\/www.deberes.net\/tesis\/wp-json\/wp\/v2\/tags?post=85963"}],"curies":[{"name":"wp","href":"https:\/\/api.w.org\/{rel}","templated":true}]}}