{"id":85974,"date":"2018-03-10T00:10:29","date_gmt":"2018-03-10T00:10:29","guid":{"rendered":"https:\/\/www.deberes.net\/tesis\/sin-categoria\/situacion-economica-social-de-la-comunidad-autonoma-de-la-rioja-posibilidades-y-perspectivas\/"},"modified":"2018-03-10T00:10:29","modified_gmt":"2018-03-10T00:10:29","slug":"situacion-economica-social-de-la-comunidad-autonoma-de-la-rioja-posibilidades-y-perspectivas","status":"publish","type":"post","link":"https:\/\/www.deberes.net\/tesis\/ciencias-economicas\/situacion-economica-social-de-la-comunidad-autonoma-de-la-rioja-posibilidades-y-perspectivas\/","title":{"rendered":"Situacion economica-social de la comunidad autonoma de la rioja: posibilidades y perspectivas"},"content":{"rendered":"<h2>Tesis doctoral de <strong> Juan a Domenech Subiran <\/strong><\/h2>\n<p>Se trata de conocer cual es el estado de la comunicad autonoma de la rioja (c.A.R). Para ello se recoger\u00e1n datos de los tres sectores econ\u00f3micos: primario, secundario y terciario.  en el sector primario se estudiar\u00e1n los subsectores de agricultura, vitin\u00edcola, ganader\u00eda y forestal. Consideramos el subsector vitivinicola en un aparte por la importancia que tiene en la rioja.  el sector secundario recoger\u00e1 los datos de la industria y la energia.  el sector terciario recoger\u00e1 los subsectores: educacion, sanidad, comercio, banca, transportes y turismo.  de los datos obtenidos se estudiar\u00e1n los puntos debiles y fuertes de esta comunidad aut\u00f3noma; y de ellos se propondr\u00e1n unas primeras medidas que permitirian mejorar la situaci\u00f3n econ\u00f3mica de la rioja.  a continuaci\u00f3n se entrevistar\u00e1n a personas que siendo residentes en la rioja, podr\u00e1n proponernos algunas medias m\u00e1s y diferentes a las nuestras para poder contribuir a esa mejora de la comunidad autonoma.<\/p>\n<p>&nbsp;<\/p>\n<h3>Datos acad\u00e9micos de la tesis doctoral \u00ab<strong>Situacion economica-social de la comunidad autonoma de la rioja: posibilidades y perspectivas<\/strong>\u00ab<\/h3>\n<ul>\n<li><strong>T\u00edtulo de la tesis:<\/strong>\u00a0 Situacion economica-social de la comunidad autonoma de la rioja: posibilidades y perspectivas <\/li>\n<li><strong>Autor:<\/strong>\u00a0 Juan a Domenech Subiran <\/li>\n<li><strong>Universidad:<\/strong>\u00a0 Pa\u00eds vasco\/euskal herriko unibertsitatea<\/li>\n<li><strong>Fecha de lectura de la tesis:<\/strong>\u00a0 14\/07\/2000<\/li>\n<\/ul>\n<p>&nbsp;<\/p>\n<h3>Direcci\u00f3n y tribunal<\/h3>\n<ul>\n<li><strong>Director de la tesis<\/strong>\n<ul>\n<li>JavierMar\u00eda Iruretagoyena Capelastegui<\/li>\n<\/ul>\n<\/li>\n<li><strong>Tribunal<\/strong>\n<ul>\n<li>Presidente del tribunal: Francisco javier Zubillaga zubimendi <\/li>\n<li>anselmo Del moral bueno (vocal)<\/li>\n<li>Javier Muniozguren colindres (vocal)<\/li>\n<li>leonor Gonzalez menorca (vocal)<\/li>\n<\/ul>\n<\/li>\n<\/ul>\n<p>&nbsp;<\/p>\n","protected":false},"excerpt":{"rendered":"<p>Tesis doctoral de Juan a Domenech Subiran Se trata de conocer cual es el estado de la comunicad autonoma de [&hellip;]<\/p>\n","protected":false},"author":1,"featured_media":0,"comment_status":"open","ping_status":"open","sticky":false,"template":"","format":"standard","meta":{"site-sidebar-layout":"default","site-content-layout":"","ast-site-content-layout":"","site-content-style":"default","site-sidebar-style":"default","ast-global-header-display":"","ast-banner-title-visibility":"","ast-main-header-display":"","ast-hfb-above-header-display":"","ast-hfb-below-header-display":"","ast-hfb-mobile-header-display":"","site-post-title":"","ast-breadcrumbs-content":"","ast-featured-img":"","footer-sml-layout":"","theme-transparent-header-meta":"","adv-header-id-meta":"","stick-header-meta":"","header-above-stick-meta":"","header-main-stick-meta":"","header-below-stick-meta":"","astra-migrate-meta-layouts":"default","ast-page-background-enabled":"default","ast-page-background-meta":{"desktop":{"background-color":"var(--ast-global-color-4)","background-image":"","background-repeat":"repeat","background-position":"center center","background-size":"auto","background-attachment":"scroll","background-type":"","background-media":"","overlay-type":"","overlay-color":"","overlay-gradient":""},"tablet":{"background-color":"","background-image":"","background-repeat":"repeat","background-position":"center center","background-size":"auto","background-attachment":"scroll","background-type":"","background-media":"","overlay-type":"","overlay-color":"","overlay-gradient":""},"mobile":{"background-color":"","background-image":"","background-repeat":"repeat","background-position":"center center","background-size":"auto","background-attachment":"scroll","background-type":"","background-media":"","overlay-type":"","overlay-color":"","overlay-gradient":""}},"ast-content-background-meta":{"desktop":{"background-color":"var(--ast-global-color-5)","background-image":"","background-repeat":"repeat","background-position":"center center","background-size":"auto","background-attachment":"scroll","background-type":"","background-media":"","overlay-type":"","overlay-color":"","overlay-gradient":""},"tablet":{"background-color":"var(--ast-global-color-5)","background-image":"","background-repeat":"repeat","background-position":"center center","background-size":"auto","background-attachment":"scroll","background-type":"","background-media":"","overlay-type":"","overlay-color":"","overlay-gradient":""},"mobile":{"background-color":"var(--ast-global-color-5)","background-image":"","background-repeat":"repeat","background-position":"center center","background-size":"auto","background-attachment":"scroll","background-type":"","background-media":"","overlay-type":"","overlay-color":"","overlay-gradient":""}},"footnotes":""},"categories":[6217,82,6713,6525,1302,12909,269],"tags":[13598,12684,13374,13096,180722,81993],"class_list":["post-85974","post","type-post","status-publish","format-standard","hentry","category-cambio-y-desarrollo-social","category-ciencias-economicas","category-desarrollo-socioeconomico","category-organizacion-de-la-produccion","category-organizacion-y-gestion-de-empresas","category-pais-vasco-euskal-herriko-unibertsitatea","category-sociologia","tag-anselmo-del-moral-bueno","tag-francisco-javier-zubillaga-zubimendi","tag-javier-muniozguren-colindres","tag-javiermaria-iruretagoyena-capelastegui","tag-juan-a-domenech-subiran","tag-leonor-gonzalez-menorca"],"_links":{"self":[{"href":"https:\/\/www.deberes.net\/tesis\/wp-json\/wp\/v2\/posts\/85974","targetHints":{"allow":["GET"]}}],"collection":[{"href":"https:\/\/www.deberes.net\/tesis\/wp-json\/wp\/v2\/posts"}],"about":[{"href":"https:\/\/www.deberes.net\/tesis\/wp-json\/wp\/v2\/types\/post"}],"author":[{"embeddable":true,"href":"https:\/\/www.deberes.net\/tesis\/wp-json\/wp\/v2\/users\/1"}],"replies":[{"embeddable":true,"href":"https:\/\/www.deberes.net\/tesis\/wp-json\/wp\/v2\/comments?post=85974"}],"version-history":[{"count":0,"href":"https:\/\/www.deberes.net\/tesis\/wp-json\/wp\/v2\/posts\/85974\/revisions"}],"wp:attachment":[{"href":"https:\/\/www.deberes.net\/tesis\/wp-json\/wp\/v2\/media?parent=85974"}],"wp:term":[{"taxonomy":"category","embeddable":true,"href":"https:\/\/www.deberes.net\/tesis\/wp-json\/wp\/v2\/categories?post=85974"},{"taxonomy":"post_tag","embeddable":true,"href":"https:\/\/www.deberes.net\/tesis\/wp-json\/wp\/v2\/tags?post=85974"}],"curies":[{"name":"wp","href":"https:\/\/api.w.org\/{rel}","templated":true}]}}