{"id":86010,"date":"2018-03-10T00:10:33","date_gmt":"2018-03-10T00:10:33","guid":{"rendered":"https:\/\/www.deberes.net\/tesis\/sin-categoria\/la-direccion-de-la-calidad-practicas-implantadas-en-las-empresas-certificadas\/"},"modified":"2018-03-10T00:10:33","modified_gmt":"2018-03-10T00:10:33","slug":"la-direccion-de-la-calidad-practicas-implantadas-en-las-empresas-certificadas","status":"publish","type":"post","link":"https:\/\/www.deberes.net\/tesis\/ciencias-economicas\/la-direccion-de-la-calidad-practicas-implantadas-en-las-empresas-certificadas\/","title":{"rendered":"La direccion de la calidad: practicas implantadas en las empresas certificadas"},"content":{"rendered":"<h2>Tesis doctoral de <strong> Juan  Jos\u00e9 Tar\u00ed Guillo <\/strong><\/h2>\n<p>En el primer cap\u00edtulo estudiamos la evoluci\u00f3n de la calidad, definimos el concepto de calidad y direcci\u00f3n de la calidad, identificando sus dimensiones (sistema directivo y t\u00e9cnico) y analizamos c\u00f3mo la empresa crea un producto que cumpla con las necesidades del cliente (ciclo de la calidad) y la necesidad del cambio cultural.  en el segundo cap\u00edtulo se analizan el sistema t\u00e9cnico de la calidad, desarrollando diferentes t\u00e9cnicas y herramientas y la relaci\u00f3n entre calidad y estrategias. el tercer cap\u00edtulo explica de metodolog\u00eda del trabajo de camepo y desarrollo el an\u00e1lisis exploratorio de los datos.  en el \u00faltimo desarrollamos un an\u00e1lisis multivariante aplicando un anali\u00f3n factorial y de conglomerados.<\/p>\n<p>&nbsp;<\/p>\n<h3>Datos acad\u00e9micos de la tesis doctoral \u00ab<strong>La direccion de la calidad: practicas implantadas en las empresas certificadas<\/strong>\u00ab<\/h3>\n<ul>\n<li><strong>T\u00edtulo de la tesis:<\/strong>\u00a0 La direccion de la calidad: practicas implantadas en las empresas certificadas <\/li>\n<li><strong>Autor:<\/strong>\u00a0 Juan  Jos\u00e9 Tar\u00ed Guillo <\/li>\n<li><strong>Universidad:<\/strong>\u00a0 Alicante<\/li>\n<li><strong>Fecha de lectura de la tesis:<\/strong>\u00a0 17\/07\/2000<\/li>\n<\/ul>\n<p>&nbsp;<\/p>\n<h3>Direcci\u00f3n y tribunal<\/h3>\n<ul>\n<li><strong>Director de la tesis<\/strong>\n<ul>\n<li>Enrique Claver Cortes<\/li>\n<\/ul>\n<\/li>\n<li><strong>Tribunal<\/strong>\n<ul>\n<li>Presidente del tribunal: Emilio pablo D\u00edez de castro <\/li>\n<li>Mar\u00eda no Nieto antol\u00edn (vocal)<\/li>\n<li>Antonio  genaro Leal millan (vocal)<\/li>\n<li>Mar\u00eda dolores Moreno luz\u00f3n (vocal)<\/li>\n<\/ul>\n<\/li>\n<\/ul>\n<p>&nbsp;<\/p>\n","protected":false},"excerpt":{"rendered":"<p>Tesis doctoral de Juan Jos\u00e9 Tar\u00ed Guillo En el primer cap\u00edtulo estudiamos la evoluci\u00f3n de la calidad, definimos el concepto [&hellip;]<\/p>\n","protected":false},"author":1,"featured_media":0,"comment_status":"open","ping_status":"open","sticky":false,"template":"","format":"standard","meta":{"site-sidebar-layout":"default","site-content-layout":"","ast-site-content-layout":"","site-content-style":"default","site-sidebar-style":"default","ast-global-header-display":"","ast-banner-title-visibility":"","ast-main-header-display":"","ast-hfb-above-header-display":"","ast-hfb-below-header-display":"","ast-hfb-mobile-header-display":"","site-post-title":"","ast-breadcrumbs-content":"","ast-featured-img":"","footer-sml-layout":"","theme-transparent-header-meta":"","adv-header-id-meta":"","stick-header-meta":"","header-above-stick-meta":"","header-main-stick-meta":"","header-below-stick-meta":"","astra-migrate-meta-layouts":"default","ast-page-background-enabled":"default","ast-page-background-meta":{"desktop":{"background-color":"var(--ast-global-color-4)","background-image":"","background-repeat":"repeat","background-position":"center center","background-size":"auto","background-attachment":"scroll","background-type":"","background-media":"","overlay-type":"","overlay-color":"","overlay-gradient":""},"tablet":{"background-color":"","background-image":"","background-repeat":"repeat","background-position":"center center","background-size":"auto","background-attachment":"scroll","background-type":"","background-media":"","overlay-type":"","overlay-color":"","overlay-gradient":""},"mobile":{"background-color":"","background-image":"","background-repeat":"repeat","background-position":"center center","background-size":"auto","background-attachment":"scroll","background-type":"","background-media":"","overlay-type":"","overlay-color":"","overlay-gradient":""}},"ast-content-background-meta":{"desktop":{"background-color":"var(--ast-global-color-5)","background-image":"","background-repeat":"repeat","background-position":"center center","background-size":"auto","background-attachment":"scroll","background-type":"","background-media":"","overlay-type":"","overlay-color":"","overlay-gradient":""},"tablet":{"background-color":"var(--ast-global-color-5)","background-image":"","background-repeat":"repeat","background-position":"center center","background-size":"auto","background-attachment":"scroll","background-type":"","background-media":"","overlay-type":"","overlay-color":"","overlay-gradient":""},"mobile":{"background-color":"var(--ast-global-color-5)","background-image":"","background-repeat":"repeat","background-position":"center center","background-size":"auto","background-attachment":"scroll","background-type":"","background-media":"","overlay-type":"","overlay-color":"","overlay-gradient":""}},"footnotes":""},"categories":[19166,82,1302],"tags":[8059,39404,7573,180776,37085,6529],"class_list":["post-86010","post","type-post","status-publish","format-standard","hentry","category-alicante","category-ciencias-economicas","category-organizacion-y-gestion-de-empresas","tag-antonio-genaro-leal-millan","tag-emilio-pablo-diez-de-castro","tag-enrique-claver-cortes","tag-juan-jose-tari-guillo","tag-maria-dolores-moreno-luzon","tag-maria-no-nieto-antolin"],"_links":{"self":[{"href":"https:\/\/www.deberes.net\/tesis\/wp-json\/wp\/v2\/posts\/86010","targetHints":{"allow":["GET"]}}],"collection":[{"href":"https:\/\/www.deberes.net\/tesis\/wp-json\/wp\/v2\/posts"}],"about":[{"href":"https:\/\/www.deberes.net\/tesis\/wp-json\/wp\/v2\/types\/post"}],"author":[{"embeddable":true,"href":"https:\/\/www.deberes.net\/tesis\/wp-json\/wp\/v2\/users\/1"}],"replies":[{"embeddable":true,"href":"https:\/\/www.deberes.net\/tesis\/wp-json\/wp\/v2\/comments?post=86010"}],"version-history":[{"count":0,"href":"https:\/\/www.deberes.net\/tesis\/wp-json\/wp\/v2\/posts\/86010\/revisions"}],"wp:attachment":[{"href":"https:\/\/www.deberes.net\/tesis\/wp-json\/wp\/v2\/media?parent=86010"}],"wp:term":[{"taxonomy":"category","embeddable":true,"href":"https:\/\/www.deberes.net\/tesis\/wp-json\/wp\/v2\/categories?post=86010"},{"taxonomy":"post_tag","embeddable":true,"href":"https:\/\/www.deberes.net\/tesis\/wp-json\/wp\/v2\/tags?post=86010"}],"curies":[{"name":"wp","href":"https:\/\/api.w.org\/{rel}","templated":true}]}}