{"id":86011,"date":"2018-03-10T00:10:33","date_gmt":"2018-03-10T00:10:33","guid":{"rendered":"https:\/\/www.deberes.net\/tesis\/sin-categoria\/metodos-iterativos-paralelos-para-la-resolucion-de-sistemas-lineales-hermiticos-y-definidos-positivos\/"},"modified":"2018-03-10T00:10:33","modified_gmt":"2018-03-10T00:10:33","slug":"metodos-iterativos-paralelos-para-la-resolucion-de-sistemas-lineales-hermiticos-y-definidos-positivos","status":"publish","type":"post","link":"https:\/\/www.deberes.net\/tesis\/informatica\/metodos-iterativos-paralelos-para-la-resolucion-de-sistemas-lineales-hermiticos-y-definidos-positivos\/","title":{"rendered":"Metodos iterativos paralelos para la resolucion de sistemas lineales hermiticos y definidos positivos."},"content":{"rendered":"<h2>Tesis doctoral de <strong>  Castel De Haro M. Jes\u00fas <\/strong><\/h2>\n<p>Esta memoria se ha centrado en dos grandes e importantes grupos de m\u00e9todos de resoluci\u00f3n de sistemas de ecuaciones lineales en paralelo: los m\u00e9todos de multipartici\u00f3n no estacionarios y su generalizaci\u00f3n a los m\u00e9todos de multipartici\u00f3n en dos etapas, y el uso de precondicionadores para el m\u00e9todo egp. La convergencia para los m\u00e9todos de multipartici\u00f3n en dos etapas se realiza para matrices enermiticas y definidas positivas, tanto para el modelo s\u00edncrono como as\u00edncrono y sus versiones relajadas. En los m\u00e9todos por blogues en dos etapas nos centramos primero en los m\u00e9todos tipo jacobi\/blogues y luego generalizamos a los m\u00e9todos de multipartici\u00f3n en dos etapas la corvergencia para estos m\u00e9todos se centra en matrices enem\u00edticas y definidas positivas. Construimos dos precondicionados para el m\u00e9todo gcp basados en los m\u00e9todos en dos etapas.<\/p>\n<p>&nbsp;<\/p>\n<h3>Datos acad\u00e9micos de la tesis doctoral \u00ab<strong>Metodos iterativos paralelos para la resolucion de sistemas lineales hermiticos y definidos positivos.<\/strong>\u00ab<\/h3>\n<ul>\n<li><strong>T\u00edtulo de la tesis:<\/strong>\u00a0 Metodos iterativos paralelos para la resolucion de sistemas lineales hermiticos y definidos positivos. <\/li>\n<li><strong>Autor:<\/strong>\u00a0  Castel De Haro M. Jes\u00fas <\/li>\n<li><strong>Universidad:<\/strong>\u00a0 Alicante<\/li>\n<li><strong>Fecha de lectura de la tesis:<\/strong>\u00a0 17\/07\/2000<\/li>\n<\/ul>\n<p>&nbsp;<\/p>\n<h3>Direcci\u00f3n y tribunal<\/h3>\n<ul>\n<li><strong>Director de la tesis<\/strong>\n<ul>\n<li>Violeta Migallon Gomis<\/li>\n<\/ul>\n<\/li>\n<li><strong>Tribunal<\/strong>\n<ul>\n<li>Presidente del tribunal: rafael Bru Garc\u00eda <\/li>\n<li>vicente Emilio Vidal gimeno (vocal)<\/li>\n<li>daniel b. Szyla (vocal)<\/li>\n<li>Jos\u00e9 Mas mar\u00ed (vocal)<\/li>\n<\/ul>\n<\/li>\n<\/ul>\n<p>&nbsp;<\/p>\n","protected":false},"excerpt":{"rendered":"<p>Tesis doctoral de Castel De Haro M. Jes\u00fas Esta memoria se ha centrado en dos grandes e importantes grupos de [&hellip;]<\/p>\n","protected":false},"author":1,"featured_media":0,"comment_status":"open","ping_status":"open","sticky":false,"template":"","format":"standard","meta":{"site-sidebar-layout":"default","site-content-layout":"","ast-site-content-layout":"","site-content-style":"default","site-sidebar-style":"default","ast-global-header-display":"","ast-banner-title-visibility":"","ast-main-header-display":"","ast-hfb-above-header-display":"","ast-hfb-below-header-display":"","ast-hfb-mobile-header-display":"","site-post-title":"","ast-breadcrumbs-content":"","ast-featured-img":"","footer-sml-layout":"","theme-transparent-header-meta":"","adv-header-id-meta":"","stick-header-meta":"","header-above-stick-meta":"","header-main-stick-meta":"","header-below-stick-meta":"","astra-migrate-meta-layouts":"default","ast-page-background-enabled":"default","ast-page-background-meta":{"desktop":{"background-color":"var(--ast-global-color-4)","background-image":"","background-repeat":"repeat","background-position":"center center","background-size":"auto","background-attachment":"scroll","background-type":"","background-media":"","overlay-type":"","overlay-color":"","overlay-gradient":""},"tablet":{"background-color":"","background-image":"","background-repeat":"repeat","background-position":"center center","background-size":"auto","background-attachment":"scroll","background-type":"","background-media":"","overlay-type":"","overlay-color":"","overlay-gradient":""},"mobile":{"background-color":"","background-image":"","background-repeat":"repeat","background-position":"center center","background-size":"auto","background-attachment":"scroll","background-type":"","background-media":"","overlay-type":"","overlay-color":"","overlay-gradient":""}},"ast-content-background-meta":{"desktop":{"background-color":"var(--ast-global-color-5)","background-image":"","background-repeat":"repeat","background-position":"center center","background-size":"auto","background-attachment":"scroll","background-type":"","background-media":"","overlay-type":"","overlay-color":"","overlay-gradient":""},"tablet":{"background-color":"var(--ast-global-color-5)","background-image":"","background-repeat":"repeat","background-position":"center center","background-size":"auto","background-attachment":"scroll","background-type":"","background-media":"","overlay-type":"","overlay-color":"","overlay-gradient":""},"mobile":{"background-color":"var(--ast-global-color-5)","background-image":"","background-repeat":"repeat","background-position":"center center","background-size":"auto","background-attachment":"scroll","background-type":"","background-media":"","overlay-type":"","overlay-color":"","overlay-gradient":""}},"footnotes":""},"categories":[19166,16880,13880,16191,31239],"tags":[180777,180778,31235,15793,46112,41712],"class_list":["post-86011","post","type-post","status-publish","format-standard","hentry","category-alicante","category-construccion-de-algoritmos","category-informatica","category-metodos-iterativos","category-resolucion-de-ecuaciones-lineales","tag-castel-de-haro-m-jesus","tag-daniel-b-szyla","tag-jose-mas-mari","tag-rafael-bru-garcia","tag-vicente-emilio-vidal-gimeno","tag-violeta-migallon-gomis"],"_links":{"self":[{"href":"https:\/\/www.deberes.net\/tesis\/wp-json\/wp\/v2\/posts\/86011","targetHints":{"allow":["GET"]}}],"collection":[{"href":"https:\/\/www.deberes.net\/tesis\/wp-json\/wp\/v2\/posts"}],"about":[{"href":"https:\/\/www.deberes.net\/tesis\/wp-json\/wp\/v2\/types\/post"}],"author":[{"embeddable":true,"href":"https:\/\/www.deberes.net\/tesis\/wp-json\/wp\/v2\/users\/1"}],"replies":[{"embeddable":true,"href":"https:\/\/www.deberes.net\/tesis\/wp-json\/wp\/v2\/comments?post=86011"}],"version-history":[{"count":0,"href":"https:\/\/www.deberes.net\/tesis\/wp-json\/wp\/v2\/posts\/86011\/revisions"}],"wp:attachment":[{"href":"https:\/\/www.deberes.net\/tesis\/wp-json\/wp\/v2\/media?parent=86011"}],"wp:term":[{"taxonomy":"category","embeddable":true,"href":"https:\/\/www.deberes.net\/tesis\/wp-json\/wp\/v2\/categories?post=86011"},{"taxonomy":"post_tag","embeddable":true,"href":"https:\/\/www.deberes.net\/tesis\/wp-json\/wp\/v2\/tags?post=86011"}],"curies":[{"name":"wp","href":"https:\/\/api.w.org\/{rel}","templated":true}]}}