{"id":86029,"date":"2018-03-10T00:10:33","date_gmt":"2018-03-10T00:10:33","guid":{"rendered":"https:\/\/www.deberes.net\/tesis\/sin-categoria\/estudio-morfometrico-semi-informatizado-sobre-imagenes-de-tomografia-computerizada-de-senos-paranasales-humanos-en-condiciones-normales-y-patologicas\/"},"modified":"2018-03-10T00:10:33","modified_gmt":"2018-03-10T00:10:33","slug":"estudio-morfometrico-semi-informatizado-sobre-imagenes-de-tomografia-computerizada-de-senos-paranasales-humanos-en-condiciones-normales-y-patologicas","status":"publish","type":"post","link":"https:\/\/www.deberes.net\/tesis\/ciencias-medicas\/estudio-morfometrico-semi-informatizado-sobre-imagenes-de-tomografia-computerizada-de-senos-paranasales-humanos-en-condiciones-normales-y-patologicas\/","title":{"rendered":"Estudio morfometrico semi-informatizado sobre im\u00e1genes de tomografia computerizada de senos paranasales humanos en condiciones normales y patologicas."},"content":{"rendered":"<h2>Tesis doctoral de <strong>  Anta Escuredo Jos\u00e9 Antonio <\/strong><\/h2>\n<p>Sobre una muestra de 263 sujetos atendidos en el servicio de otorrinolaringolog\u00eda del hospital de basurto(bilbao), con edades comprendidas entre 1 a 88 a\u00f1os (media=45,68), abarcando un periodo cronologico desde febrero de 1988 a julio de 1999, se ha realizado un estudio en parte prospectivo y en parte retrospectivo, trabajando sobre tomografias computerizadas craneofaciales, mediante el uso de un programa informatico de analisis de imagen de alta resolucion y una regla matematica de integraci\u00f3n (formula trapezoidal), a partir de lo que se han obtenido los patrones de normalidad en diametros(transversal, craneocaudal y ventrodorsal) y volumen en senos paranasales humanos infantiles y adultos sanos(n=100), asi como los valores medios normales en diametros(transversal y craneocaudal) y \u00e1reas de las coanas de estos sujetos.  tambien se ha empleado la morfometr\u00eda en la valoraci\u00f3n y cuantificaci\u00f3n de las variantes anat\u00f3micas con repercusi\u00f3n en la pneumatizaci\u00f3n de las cavidades sinusales, estableciendo un criterio volum\u00e9trico para el diagn\u00f3stico objetivo de aplasias e hipoplasias.  asimismo, se han llevado a cabo comparaciones con grupos patol\u00f3gicos: sinusitis cr\u00f3nicas(n=85), poliposis(n=25) y mucocles(n=13), estableciendo relaciones entre cada patolog\u00eda y el tama\u00f1o sinusal en tres dimensiones.  a partir de la aplicaci\u00f3n de la tecnica en tumores benignos (n=20) y malignos(n=20), se ha propuesto una nueva clasificaci\u00f3n volum\u00e9trica de estos procesos(vtnm), complementaria a las existentes hasta la fecha, con aplicaciones pre y posttratamiento(quirurgico y\/o radioterapico y\/o quimioterapico).<\/p>\n<p>&nbsp;<\/p>\n<h3>Datos acad\u00e9micos de la tesis doctoral \u00ab<strong>Estudio morfometrico semi-informatizado sobre im\u00e1genes de tomografia computerizada de senos paranasales humanos en condiciones normales y patologicas.<\/strong>\u00ab<\/h3>\n<ul>\n<li><strong>T\u00edtulo de la tesis:<\/strong>\u00a0 Estudio morfometrico semi-informatizado sobre im\u00e1genes de tomografia computerizada de senos paranasales humanos en condiciones normales y patologicas. <\/li>\n<li><strong>Autor:<\/strong>\u00a0  Anta Escuredo Jos\u00e9 Antonio <\/li>\n<li><strong>Universidad:<\/strong>\u00a0 Pa\u00eds vasco\/euskal herriko unibertsitatea<\/li>\n<li><strong>Fecha de lectura de la tesis:<\/strong>\u00a0 17\/07\/2000<\/li>\n<\/ul>\n<p>&nbsp;<\/p>\n<h3>Direcci\u00f3n y tribunal<\/h3>\n<ul>\n<li><strong>Director de la tesis<\/strong>\n<ul>\n<li> Sanchez Fernandez Jos\u00e9 M.<\/li>\n<\/ul>\n<\/li>\n<li><strong>Tribunal<\/strong>\n<ul>\n<li>Presidente del tribunal: Jos\u00e9 Mar\u00eda Rivera pomar <\/li>\n<li>julio Rama quintela (vocal)<\/li>\n<li>joaqu\u00edn Poch broto (vocal)<\/li>\n<li>adolfo Vergez s\u00e1nchez (vocal)<\/li>\n<\/ul>\n<\/li>\n<\/ul>\n<p>&nbsp;<\/p>\n","protected":false},"excerpt":{"rendered":"<p>Tesis doctoral de Anta Escuredo Jos\u00e9 Antonio Sobre una muestra de 263 sujetos atendidos en el servicio de otorrinolaringolog\u00eda del [&hellip;]<\/p>\n","protected":false},"author":1,"featured_media":0,"comment_status":"open","ping_status":"open","sticky":false,"template":"","format":"standard","meta":{"site-sidebar-layout":"default","site-content-layout":"","ast-site-content-layout":"","site-content-style":"default","site-sidebar-style":"default","ast-global-header-display":"","ast-banner-title-visibility":"","ast-main-header-display":"","ast-hfb-above-header-display":"","ast-hfb-below-header-display":"","ast-hfb-mobile-header-display":"","site-post-title":"","ast-breadcrumbs-content":"","ast-featured-img":"","footer-sml-layout":"","theme-transparent-header-meta":"","adv-header-id-meta":"","stick-header-meta":"","header-above-stick-meta":"","header-main-stick-meta":"","header-below-stick-meta":"","astra-migrate-meta-layouts":"default","ast-page-background-enabled":"default","ast-page-background-meta":{"desktop":{"background-color":"var(--ast-global-color-4)","background-image":"","background-repeat":"repeat","background-position":"center center","background-size":"auto","background-attachment":"scroll","background-type":"","background-media":"","overlay-type":"","overlay-color":"","overlay-gradient":""},"tablet":{"background-color":"","background-image":"","background-repeat":"repeat","background-position":"center center","background-size":"auto","background-attachment":"scroll","background-type":"","background-media":"","overlay-type":"","overlay-color":"","overlay-gradient":""},"mobile":{"background-color":"","background-image":"","background-repeat":"repeat","background-position":"center center","background-size":"auto","background-attachment":"scroll","background-type":"","background-media":"","overlay-type":"","overlay-color":"","overlay-gradient":""}},"ast-content-background-meta":{"desktop":{"background-color":"var(--ast-global-color-5)","background-image":"","background-repeat":"repeat","background-position":"center center","background-size":"auto","background-attachment":"scroll","background-type":"","background-media":"","overlay-type":"","overlay-color":"","overlay-gradient":""},"tablet":{"background-color":"var(--ast-global-color-5)","background-image":"","background-repeat":"repeat","background-position":"center center","background-size":"auto","background-attachment":"scroll","background-type":"","background-media":"","overlay-type":"","overlay-color":"","overlay-gradient":""},"mobile":{"background-color":"var(--ast-global-color-5)","background-image":"","background-repeat":"repeat","background-position":"center center","background-size":"auto","background-attachment":"scroll","background-type":"","background-media":"","overlay-type":"","overlay-color":"","overlay-gradient":""}},"footnotes":""},"categories":[155,9,141,1279,346,1226,12909],"tags":[180813,180812,6732,13350,18081,5561],"class_list":["post-86029","post","type-post","status-publish","format-standard","hentry","category-ciencias-clinicas","category-ciencias-medicas","category-cirugia","category-cirugia-experimental","category-diagnostico-por-imagen","category-otorrinolaringologia","category-pais-vasco-euskal-herriko-unibertsitatea","tag-adolfo-vergez-sanchez","tag-anta-escuredo-jose-antonio","tag-joaquin-poch-broto","tag-jose-maria-rivera-pomar","tag-julio-rama-quintela","tag-sanchez-fernandez-jose-m"],"_links":{"self":[{"href":"https:\/\/www.deberes.net\/tesis\/wp-json\/wp\/v2\/posts\/86029","targetHints":{"allow":["GET"]}}],"collection":[{"href":"https:\/\/www.deberes.net\/tesis\/wp-json\/wp\/v2\/posts"}],"about":[{"href":"https:\/\/www.deberes.net\/tesis\/wp-json\/wp\/v2\/types\/post"}],"author":[{"embeddable":true,"href":"https:\/\/www.deberes.net\/tesis\/wp-json\/wp\/v2\/users\/1"}],"replies":[{"embeddable":true,"href":"https:\/\/www.deberes.net\/tesis\/wp-json\/wp\/v2\/comments?post=86029"}],"version-history":[{"count":0,"href":"https:\/\/www.deberes.net\/tesis\/wp-json\/wp\/v2\/posts\/86029\/revisions"}],"wp:attachment":[{"href":"https:\/\/www.deberes.net\/tesis\/wp-json\/wp\/v2\/media?parent=86029"}],"wp:term":[{"taxonomy":"category","embeddable":true,"href":"https:\/\/www.deberes.net\/tesis\/wp-json\/wp\/v2\/categories?post=86029"},{"taxonomy":"post_tag","embeddable":true,"href":"https:\/\/www.deberes.net\/tesis\/wp-json\/wp\/v2\/tags?post=86029"}],"curies":[{"name":"wp","href":"https:\/\/api.w.org\/{rel}","templated":true}]}}