{"id":86058,"date":"2018-03-10T00:10:33","date_gmt":"2018-03-10T00:10:33","guid":{"rendered":"https:\/\/www.deberes.net\/tesis\/sin-categoria\/depresion-y-procesamiento-de-informacion-el-autoesquema-y-la-codificacion-de-informacion-autorreferente\/"},"modified":"2018-03-10T00:10:33","modified_gmt":"2018-03-10T00:10:33","slug":"depresion-y-procesamiento-de-informacion-el-autoesquema-y-la-codificacion-de-informacion-autorreferente","status":"publish","type":"post","link":"https:\/\/www.deberes.net\/tesis\/ciencias-medicas\/depresion-y-procesamiento-de-informacion-el-autoesquema-y-la-codificacion-de-informacion-autorreferente\/","title":{"rendered":"Depresion y procesamiento de informacion: el autoesquema y la codificacion de informacion autorreferente."},"content":{"rendered":"<h2>Tesis doctoral de <strong> Amparo Gimenez Marti <\/strong><\/h2>\n<p>Dentro del paradigma cognitivo, y desde la perspectiva del procesamiento de la informaci\u00f3n, varios modelos han propuesto al constructo de autoesquema como elemento explicativo fundamental de la psicopatolog\u00eda depresiva (beck, 1967, kuiper. Olinger y mac donald, 1988). Tomando en consideraci\u00f3n los estudios previos que analizan el autoesquema depresivo y sus efectos en el procesamiento de la informaci\u00f3n, esta investigaci\u00f3n tiene como objetivo: a) estudiar el contenido del autoesquema en la depresi\u00f3n, b) su influencia en el procesamiento de informaci\u00f3n autorreferente, c) la gravedad de la depresi\u00f3n como moduladora de los sesgos en el procesamiento, y d) las diferencias rasgo estado en el autoesquema del deprimido.  con este fin, 20 sujetos con depresi\u00f3n mayor, 18 sujetos con distimia y 20 sujetos controles (con ausencia de depresi\u00f3n), cumplimentaron los cuestionarios psicom\u00e9tricos bdi, atq, das y escala de inadaptaci\u00f3n, y realizaron dos tareas experimentales: tarea de generaci\u00f3n espont\u00e1nea de autodescriptores y tarea de codificaci\u00f3n autorreferente.  los resultados muestran que: a) los deprimidos manifiestan un autoesquema con contenido predominantemente negativo: las personas no deprimidas manifiestan un autoesquema con contenido predominantemente positivo. B) los deprimidos no muestran una mayor accesibilidad a informaci\u00f3n negativa sobre el s\u00ed mismo, ni un procesamiento m\u00e1s eficaz de la informaci\u00f3n autorreferente negativa; los no deprimidos muestran un procesamiento m\u00e1s eficaz de la informaci\u00f3n autorreferente positiva. C) a mayor intensidad del estado de \u00e1nimo negativo, mayor negatividad en el contenido del autoesquema. D) los deprimidos se perciben m\u00e1s negativamente en el presente que en su pasado y su futuro, y m\u00e1s negativamente en su futuro que en su pasado; las personas no deprimidas poseen una misma autoimagen en el momento actual que en su pasado y su futuro; se produce un efecto de continuidad en las expectati<\/p>\n<p>&nbsp;<\/p>\n<h3>Datos acad\u00e9micos de la tesis doctoral \u00ab<strong>Depresion y procesamiento de informacion: el autoesquema y la codificacion de informacion autorreferente.<\/strong>\u00ab<\/h3>\n<ul>\n<li><strong>T\u00edtulo de la tesis:<\/strong>\u00a0 Depresion y procesamiento de informacion: el autoesquema y la codificacion de informacion autorreferente. <\/li>\n<li><strong>Autor:<\/strong>\u00a0 Amparo Gimenez Marti <\/li>\n<li><strong>Universidad:<\/strong>\u00a0 Universitat de val\u00e9ncia (estudi general)<\/li>\n<li><strong>Fecha de lectura de la tesis:<\/strong>\u00a0 18\/07\/2000<\/li>\n<\/ul>\n<p>&nbsp;<\/p>\n<h3>Direcci\u00f3n y tribunal<\/h3>\n<ul>\n<li><strong>Director de la tesis<\/strong>\n<ul>\n<li>Amparo Belloch Fuster<\/li>\n<\/ul>\n<\/li>\n<li><strong>Tribunal<\/strong>\n<ul>\n<li>Presidente del tribunal: carmen Leal cerc\u00f3s <\/li>\n<li>bonifacio Sandin ferrero (vocal)<\/li>\n<li>Jos\u00e9 Sanchez canovas (vocal)<\/li>\n<li>enrique Echeburua odriozola (vocal)<\/li>\n<\/ul>\n<\/li>\n<\/ul>\n<p>&nbsp;<\/p>\n","protected":false},"excerpt":{"rendered":"<p>Tesis doctoral de Amparo Gimenez Marti Dentro del paradigma cognitivo, y desde la perspectiva del procesamiento de la informaci\u00f3n, varios [&hellip;]<\/p>\n","protected":false},"author":1,"featured_media":0,"comment_status":"open","ping_status":"open","sticky":false,"template":"","format":"standard","meta":{"site-sidebar-layout":"default","site-content-layout":"","ast-site-content-layout":"","site-content-style":"default","site-sidebar-style":"default","ast-global-header-display":"","ast-banner-title-visibility":"","ast-main-header-display":"","ast-hfb-above-header-display":"","ast-hfb-below-header-display":"","ast-hfb-mobile-header-display":"","site-post-title":"","ast-breadcrumbs-content":"","ast-featured-img":"","footer-sml-layout":"","theme-transparent-header-meta":"","adv-header-id-meta":"","stick-header-meta":"","header-above-stick-meta":"","header-main-stick-meta":"","header-below-stick-meta":"","astra-migrate-meta-layouts":"default","ast-page-background-enabled":"default","ast-page-background-meta":{"desktop":{"background-color":"var(--ast-global-color-4)","background-image":"","background-repeat":"repeat","background-position":"center center","background-size":"auto","background-attachment":"scroll","background-type":"","background-media":"","overlay-type":"","overlay-color":"","overlay-gradient":""},"tablet":{"background-color":"","background-image":"","background-repeat":"repeat","background-position":"center center","background-size":"auto","background-attachment":"scroll","background-type":"","background-media":"","overlay-type":"","overlay-color":"","overlay-gradient":""},"mobile":{"background-color":"","background-image":"","background-repeat":"repeat","background-position":"center center","background-size":"auto","background-attachment":"scroll","background-type":"","background-media":"","overlay-type":"","overlay-color":"","overlay-gradient":""}},"ast-content-background-meta":{"desktop":{"background-color":"var(--ast-global-color-5)","background-image":"","background-repeat":"repeat","background-position":"center center","background-size":"auto","background-attachment":"scroll","background-type":"","background-media":"","overlay-type":"","overlay-color":"","overlay-gradient":""},"tablet":{"background-color":"var(--ast-global-color-5)","background-image":"","background-repeat":"repeat","background-position":"center center","background-size":"auto","background-attachment":"scroll","background-type":"","background-media":"","overlay-type":"","overlay-color":"","overlay-gradient":""},"mobile":{"background-color":"var(--ast-global-color-5)","background-image":"","background-repeat":"repeat","background-position":"center center","background-size":"auto","background-attachment":"scroll","background-type":"","background-media":"","overlay-type":"","overlay-color":"","overlay-gradient":""}},"footnotes":""},"categories":[155,9,324,487,961,325],"tags":[13480,180855,5290,6501,5288,20058],"class_list":["post-86058","post","type-post","status-publish","format-standard","hentry","category-ciencias-clinicas","category-ciencias-medicas","category-psicologia","category-psicologia-clinica","category-psicologia-de-la-anormalidad","category-psicopatologia","tag-amparo-belloch-fuster","tag-amparo-gimenez-marti","tag-bonifacio-sandin-ferrero","tag-carmen-leal-cercos","tag-enrique-echeburua-odriozola","tag-jose-sanchez-canovas"],"_links":{"self":[{"href":"https:\/\/www.deberes.net\/tesis\/wp-json\/wp\/v2\/posts\/86058","targetHints":{"allow":["GET"]}}],"collection":[{"href":"https:\/\/www.deberes.net\/tesis\/wp-json\/wp\/v2\/posts"}],"about":[{"href":"https:\/\/www.deberes.net\/tesis\/wp-json\/wp\/v2\/types\/post"}],"author":[{"embeddable":true,"href":"https:\/\/www.deberes.net\/tesis\/wp-json\/wp\/v2\/users\/1"}],"replies":[{"embeddable":true,"href":"https:\/\/www.deberes.net\/tesis\/wp-json\/wp\/v2\/comments?post=86058"}],"version-history":[{"count":0,"href":"https:\/\/www.deberes.net\/tesis\/wp-json\/wp\/v2\/posts\/86058\/revisions"}],"wp:attachment":[{"href":"https:\/\/www.deberes.net\/tesis\/wp-json\/wp\/v2\/media?parent=86058"}],"wp:term":[{"taxonomy":"category","embeddable":true,"href":"https:\/\/www.deberes.net\/tesis\/wp-json\/wp\/v2\/categories?post=86058"},{"taxonomy":"post_tag","embeddable":true,"href":"https:\/\/www.deberes.net\/tesis\/wp-json\/wp\/v2\/tags?post=86058"}],"curies":[{"name":"wp","href":"https:\/\/api.w.org\/{rel}","templated":true}]}}