{"id":86071,"date":"2018-03-10T00:10:38","date_gmt":"2018-03-10T00:10:38","guid":{"rendered":"https:\/\/www.deberes.net\/tesis\/sin-categoria\/severino-chacon-un-lider-sindical-del-mundo-del-tabaco\/"},"modified":"2018-03-10T00:10:38","modified_gmt":"2018-03-10T00:10:38","slug":"severino-chacon-un-lider-sindical-del-mundo-del-tabaco","status":"publish","type":"post","link":"https:\/\/www.deberes.net\/tesis\/historia\/severino-chacon-un-lider-sindical-del-mundo-del-tabaco\/","title":{"rendered":"Severino chacon, un lider sindical del mundo del tabaco"},"content":{"rendered":"<h2>Tesis doctoral de <strong> Ana Romero Masia <\/strong><\/h2>\n<p>Estudio biografico de severino bergueiro (a estrada, pontevedra 1884-Madrid 1978), el m\u00e1s destacado lider sindical del mundo del tabaco entre 1916 y 1936. Cantero de profesi\u00f3n y militante socialista desde muy joven, emigro a cuba en 1905, siendo uno de los fundadores del partido socialista de la isla y activo dirigente de la agrupaci\u00f3n de la habana; su actividad sindical le costo la expulsi\u00f3n en 1911. Entre 1912 y 1920 destaco como organizador de sindicatos de varios oficios en a coru\u00f1a hasta centrar su actividad con las cigarreras y tabaqueros coru\u00f1eses con los que fund\u00f3, en 1916, el sindicato union tabacalera. Los r\u00e1pidos exitos obtenidos facilitaron la creacion de un sindicato de ambito nacional que se mantuvo autonomo hasta su ingreso en la ugt en 1936, la federaci\u00f3n tabaquera espa\u00f1ola. Trasladado a Madrid en 1920, desarrollo una intensa actividad sindical que culmin\u00f3 en la formacion, en 1931, de la confederacion de industrias del tabaco, con miles de trabajadores afiliados procedentes de todos los sectores relacionados con el tabaco. En 1921 fue uno de los fundadores del partido comunista, tendencia a la que se mantuvo siempre fiel. La guerra civil le oblig\u00f3 a exiliarse,viviendo en varios paises europeos y americanos hasta su regreso a espa\u00f1a en 1967.<\/p>\n<p>&nbsp;<\/p>\n<h3>Datos acad\u00e9micos de la tesis doctoral \u00ab<strong>Severino chacon, un lider sindical del mundo del tabaco<\/strong>\u00ab<\/h3>\n<ul>\n<li><strong>T\u00edtulo de la tesis:<\/strong>\u00a0 Severino chacon, un lider sindical del mundo del tabaco <\/li>\n<li><strong>Autor:<\/strong>\u00a0 Ana Romero Masia <\/li>\n<li><strong>Universidad:<\/strong>\u00a0 A coru\u00f1a<\/li>\n<li><strong>Fecha de lectura de la tesis:<\/strong>\u00a0 18\/07\/2000<\/li>\n<\/ul>\n<p>&nbsp;<\/p>\n<h3>Direcci\u00f3n y tribunal<\/h3>\n<ul>\n<li><strong>Director de la tesis<\/strong>\n<ul>\n<li>Xose Ramon Barreiro  Fernandez<\/li>\n<\/ul>\n<\/li>\n<li><strong>Tribunal<\/strong>\n<ul>\n<li>Presidente del tribunal: ramon Villares paz <\/li>\n<li> Del rey regillo Fernando (vocal)<\/li>\n<li> De Juan a lopez Jes\u00fas (vocal)<\/li>\n<li>paloma Candela soto (vocal)<\/li>\n<\/ul>\n<\/li>\n<\/ul>\n<p>&nbsp;<\/p>\n","protected":false},"excerpt":{"rendered":"<p>Tesis doctoral de Ana Romero Masia Estudio biografico de severino bergueiro (a estrada, pontevedra 1884-Madrid 1978), el m\u00e1s destacado lider [&hellip;]<\/p>\n","protected":false},"author":1,"featured_media":0,"comment_status":"open","ping_status":"open","sticky":false,"template":"","format":"standard","meta":{"site-sidebar-layout":"default","site-content-layout":"","ast-site-content-layout":"","site-content-style":"default","site-sidebar-style":"default","ast-global-header-display":"","ast-banner-title-visibility":"","ast-main-header-display":"","ast-hfb-above-header-display":"","ast-hfb-below-header-display":"","ast-hfb-mobile-header-display":"","site-post-title":"","ast-breadcrumbs-content":"","ast-featured-img":"","footer-sml-layout":"","theme-transparent-header-meta":"","adv-header-id-meta":"","stick-header-meta":"","header-above-stick-meta":"","header-main-stick-meta":"","header-below-stick-meta":"","astra-migrate-meta-layouts":"default","ast-page-background-enabled":"default","ast-page-background-meta":{"desktop":{"background-color":"var(--ast-global-color-4)","background-image":"","background-repeat":"repeat","background-position":"center center","background-size":"auto","background-attachment":"scroll","background-type":"","background-media":"","overlay-type":"","overlay-color":"","overlay-gradient":""},"tablet":{"background-color":"","background-image":"","background-repeat":"repeat","background-position":"center center","background-size":"auto","background-attachment":"scroll","background-type":"","background-media":"","overlay-type":"","overlay-color":"","overlay-gradient":""},"mobile":{"background-color":"","background-image":"","background-repeat":"repeat","background-position":"center center","background-size":"auto","background-attachment":"scroll","background-type":"","background-media":"","overlay-type":"","overlay-color":"","overlay-gradient":""}},"ast-content-background-meta":{"desktop":{"background-color":"var(--ast-global-color-5)","background-image":"","background-repeat":"repeat","background-position":"center center","background-size":"auto","background-attachment":"scroll","background-type":"","background-media":"","overlay-type":"","overlay-color":"","overlay-gradient":""},"tablet":{"background-color":"var(--ast-global-color-5)","background-image":"","background-repeat":"repeat","background-position":"center center","background-size":"auto","background-attachment":"scroll","background-type":"","background-media":"","overlay-type":"","overlay-color":"","overlay-gradient":""},"mobile":{"background-color":"var(--ast-global-color-5)","background-image":"","background-repeat":"repeat","background-position":"center center","background-size":"auto","background-attachment":"scroll","background-type":"","background-media":"","overlay-type":"","overlay-color":"","overlay-gradient":""}},"footnotes":""},"categories":[18576,954,104,3538,222],"tags":[180875,26420,180876,180877,2911,34822],"class_list":["post-86071","post","type-post","status-publish","format-standard","hentry","category-a-coruna","category-biografias","category-historia","category-historia-de-las-ideas-politicas","category-historias-especializadas","tag-ana-romero-masia","tag-de-juan-a-lopez-jesus","tag-del-rey-regillo-fernando","tag-paloma-candela-soto","tag-ramon-villares-paz","tag-xose-ramon-barreiro-fernandez"],"_links":{"self":[{"href":"https:\/\/www.deberes.net\/tesis\/wp-json\/wp\/v2\/posts\/86071","targetHints":{"allow":["GET"]}}],"collection":[{"href":"https:\/\/www.deberes.net\/tesis\/wp-json\/wp\/v2\/posts"}],"about":[{"href":"https:\/\/www.deberes.net\/tesis\/wp-json\/wp\/v2\/types\/post"}],"author":[{"embeddable":true,"href":"https:\/\/www.deberes.net\/tesis\/wp-json\/wp\/v2\/users\/1"}],"replies":[{"embeddable":true,"href":"https:\/\/www.deberes.net\/tesis\/wp-json\/wp\/v2\/comments?post=86071"}],"version-history":[{"count":0,"href":"https:\/\/www.deberes.net\/tesis\/wp-json\/wp\/v2\/posts\/86071\/revisions"}],"wp:attachment":[{"href":"https:\/\/www.deberes.net\/tesis\/wp-json\/wp\/v2\/media?parent=86071"}],"wp:term":[{"taxonomy":"category","embeddable":true,"href":"https:\/\/www.deberes.net\/tesis\/wp-json\/wp\/v2\/categories?post=86071"},{"taxonomy":"post_tag","embeddable":true,"href":"https:\/\/www.deberes.net\/tesis\/wp-json\/wp\/v2\/tags?post=86071"}],"curies":[{"name":"wp","href":"https:\/\/api.w.org\/{rel}","templated":true}]}}