{"id":86151,"date":"2018-03-10T00:10:42","date_gmt":"2018-03-10T00:10:42","guid":{"rendered":"https:\/\/www.deberes.net\/tesis\/sin-categoria\/la-obra-literaria-de-fray-antonio-de-guevara\/"},"modified":"2018-03-10T00:10:42","modified_gmt":"2018-03-10T00:10:42","slug":"la-obra-literaria-de-fray-antonio-de-guevara","status":"publish","type":"post","link":"https:\/\/www.deberes.net\/tesis\/ciencias-de-las-artes-y-las-letras\/la-obra-literaria-de-fray-antonio-de-guevara\/","title":{"rendered":"La obra literaria de fray antonio de guevara"},"content":{"rendered":"<h2>Tesis doctoral de <strong> Eduardo Creus Visiers <\/strong><\/h2>\n<p>La tesis doctoral de eduardo creus visiers aborda el estudio de la obra del escritro renacentista espa\u00f1ol antonio de guevara a partir de los grandes bloques tem\u00e1ticos en que puede dividirse su producci\u00f3n literaria. Se analiza el pensamiento pol\u00edtico del autor expuesto en sus primeros libros, con especial atenci\u00f3n a los aspectos relacionados con la idea imperial y la imagen del pr\u00edncipe que en ellos se propone. En relaci\u00f3n con estos aspectos,se examinan las conotaciones pol\u00edticas del episodio del \u00abvillano del danubio\u00bb y su dudosa vinculaci\u00f3n con el pensamiento ut\u00f3pico renacentistas, as\u00ed como la pol\u00e9mica implicaci\u00f3n del autor en el conflicto comunero. Se estudian, asimismo, los tratados dedicados al tema de la corte a partir de una lectura cr\u00edtica sostenida en la presencia determinante de los autobiogr\u00e1fico frente a la escena relevancia de su aportaci\u00f3n al pensamiento moral. Se valora la intenci\u00f3n literaria del escritor desde la perspectiva del car\u00e1cter precursor de sus obras en el contexto literario en que se insertan. Los tratados religiosos se analizan considerando tanto su valor literario como su vinculaci\u00f3n con el pensamiento religioso de su tiempo. En \u00faltimo lugar, se sopesan los diversos juicios cr\u00edticos relacionados con el estilo literario de fray antonio y se proponen v\u00edas de acceso al estudio de la recepci\u00f3n europea de la obra guevariana.<\/p>\n<p>&nbsp;<\/p>\n<h3>Datos acad\u00e9micos de la tesis doctoral \u00ab<strong>La obra literaria de fray antonio de guevara<\/strong>\u00ab<\/h3>\n<ul>\n<li><strong>T\u00edtulo de la tesis:<\/strong>\u00a0 La obra literaria de fray antonio de guevara <\/li>\n<li><strong>Autor:<\/strong>\u00a0 Eduardo Creus Visiers <\/li>\n<li><strong>Universidad:<\/strong>\u00a0 Barcelona<\/li>\n<li><strong>Fecha de lectura de la tesis:<\/strong>\u00a0 24\/07\/2000<\/li>\n<\/ul>\n<p>&nbsp;<\/p>\n<h3>Direcci\u00f3n y tribunal<\/h3>\n<ul>\n<li><strong>Director de la tesis<\/strong>\n<ul>\n<li>Rosa Navarro Dur\u00e1n<\/li>\n<\/ul>\n<\/li>\n<li><strong>Tribunal<\/strong>\n<ul>\n<li>Presidente del tribunal: albert Blecua perdices <\/li>\n<li>Jaime Siles ruiz (vocal)<\/li>\n<li>Jos\u00e9 Antonio Pascual rodr\u00edguez (vocal)<\/li>\n<li>adolfo Sotelo v\u00e1zquez (vocal)<\/li>\n<\/ul>\n<\/li>\n<\/ul>\n<p>&nbsp;<\/p>\n","protected":false},"excerpt":{"rendered":"<p>Tesis doctoral de Eduardo Creus Visiers La tesis doctoral de eduardo creus visiers aborda el estudio de la obra del [&hellip;]<\/p>\n","protected":false},"author":1,"featured_media":0,"comment_status":"open","ping_status":"open","sticky":false,"template":"","format":"standard","meta":{"site-sidebar-layout":"default","site-content-layout":"","ast-site-content-layout":"","site-content-style":"default","site-sidebar-style":"default","ast-global-header-display":"","ast-banner-title-visibility":"","ast-main-header-display":"","ast-hfb-above-header-display":"","ast-hfb-below-header-display":"","ast-hfb-mobile-header-display":"","site-post-title":"","ast-breadcrumbs-content":"","ast-featured-img":"","footer-sml-layout":"","theme-transparent-header-meta":"","adv-header-id-meta":"","stick-header-meta":"","header-above-stick-meta":"","header-main-stick-meta":"","header-below-stick-meta":"","astra-migrate-meta-layouts":"default","ast-page-background-enabled":"default","ast-page-background-meta":{"desktop":{"background-color":"var(--ast-global-color-4)","background-image":"","background-repeat":"repeat","background-position":"center center","background-size":"auto","background-attachment":"scroll","background-type":"","background-media":"","overlay-type":"","overlay-color":"","overlay-gradient":""},"tablet":{"background-color":"","background-image":"","background-repeat":"repeat","background-position":"center center","background-size":"auto","background-attachment":"scroll","background-type":"","background-media":"","overlay-type":"","overlay-color":"","overlay-gradient":""},"mobile":{"background-color":"","background-image":"","background-repeat":"repeat","background-position":"center center","background-size":"auto","background-attachment":"scroll","background-type":"","background-media":"","overlay-type":"","overlay-color":"","overlay-gradient":""}},"ast-content-background-meta":{"desktop":{"background-color":"var(--ast-global-color-5)","background-image":"","background-repeat":"repeat","background-position":"center center","background-size":"auto","background-attachment":"scroll","background-type":"","background-media":"","overlay-type":"","overlay-color":"","overlay-gradient":""},"tablet":{"background-color":"var(--ast-global-color-5)","background-image":"","background-repeat":"repeat","background-position":"center center","background-size":"auto","background-attachment":"scroll","background-type":"","background-media":"","overlay-type":"","overlay-color":"","overlay-gradient":""},"mobile":{"background-color":"var(--ast-global-color-5)","background-image":"","background-repeat":"repeat","background-position":"center center","background-size":"auto","background-attachment":"scroll","background-type":"","background-media":"","overlay-type":"","overlay-color":"","overlay-gradient":""}},"footnotes":""},"categories":[148,951,147,628],"tags":[1113,1365,181001,25770,4454,1362],"class_list":["post-86151","post","type-post","status-publish","format-standard","hentry","category-analisis-literario","category-barcelona","category-ciencias-de-las-artes-y-las-letras","category-teoria-analisis-y-critica-literarios","tag-adolfo-sotelo-vazquez","tag-albert-blecua-perdices","tag-eduardo-creus-visiers","tag-jaime-siles-ruiz","tag-jose-antonio-pascual-rodriguez","tag-rosa-navarro-duran"],"_links":{"self":[{"href":"https:\/\/www.deberes.net\/tesis\/wp-json\/wp\/v2\/posts\/86151","targetHints":{"allow":["GET"]}}],"collection":[{"href":"https:\/\/www.deberes.net\/tesis\/wp-json\/wp\/v2\/posts"}],"about":[{"href":"https:\/\/www.deberes.net\/tesis\/wp-json\/wp\/v2\/types\/post"}],"author":[{"embeddable":true,"href":"https:\/\/www.deberes.net\/tesis\/wp-json\/wp\/v2\/users\/1"}],"replies":[{"embeddable":true,"href":"https:\/\/www.deberes.net\/tesis\/wp-json\/wp\/v2\/comments?post=86151"}],"version-history":[{"count":0,"href":"https:\/\/www.deberes.net\/tesis\/wp-json\/wp\/v2\/posts\/86151\/revisions"}],"wp:attachment":[{"href":"https:\/\/www.deberes.net\/tesis\/wp-json\/wp\/v2\/media?parent=86151"}],"wp:term":[{"taxonomy":"category","embeddable":true,"href":"https:\/\/www.deberes.net\/tesis\/wp-json\/wp\/v2\/categories?post=86151"},{"taxonomy":"post_tag","embeddable":true,"href":"https:\/\/www.deberes.net\/tesis\/wp-json\/wp\/v2\/tags?post=86151"}],"curies":[{"name":"wp","href":"https:\/\/api.w.org\/{rel}","templated":true}]}}