{"id":86155,"date":"2018-03-10T00:10:42","date_gmt":"2018-03-10T00:10:42","guid":{"rendered":"https:\/\/www.deberes.net\/tesis\/sin-categoria\/adolescentes-em-risco-um-estudo-socio-ecologico-de-um-bairro-degradado-da-cidade-de-lisboa\/"},"modified":"2018-03-10T00:10:42","modified_gmt":"2018-03-10T00:10:42","slug":"adolescentes-em-risco-um-estudo-socio-ecologico-de-um-bairro-degradado-da-cidade-de-lisboa","status":"publish","type":"post","link":"https:\/\/www.deberes.net\/tesis\/sociologia\/adolescentes-em-risco-um-estudo-socio-ecologico-de-um-bairro-degradado-da-cidade-de-lisboa\/","title":{"rendered":"\u00abadolescentes em risco: um estudo socio-ecol\u00f3gico de um bairro degradado da cidade de lisboa\u00bb"},"content":{"rendered":"<h2>Tesis doctoral de <strong> Carlos Eugenio Neves Sim\u00c1\u00b5es <\/strong><\/h2>\n<p>Partiendo del paradigma de la ecolog\u00eda social del desarrollo de brofenbrenner y considerando los factores de riesgo que intervienen en el proceso de los comportamientos antisociales en la adolescencia, proponemos con el presente trabajo conocer el impacto que tienen las condiciones de vida sobre este proceso, as\u00ed como de las percepciones que tienen los adolescentes sobre su relaci\u00f3n con sus padres y con sus amigos. Observamos 149 adolescentes que habitan en un barrio muy degradado de la ciudad de lisboa y utilizamos distintas variables predictoras de riesgo(sexo; tipo de vivienda; dimensi\u00f3n del conjunto familiar; numero de hermanos; vinculaci\u00f3n;pr\u00e1cticas educativas parentales y el rechazo social), as\u00ed como distintas variables criterio(rendimiento escolar; absentismo escolar; problemas disciplinares y medidas de las conductas antisociales en el grupo de iguales y en el adolescente).  los resultados de este trabajo, en consonancia con los planteamientos de partida, proporcionan apoio emp\u00edrico a la conceptualizaci\u00f3n del comportamiento antisocial como un fen\u00f3meno multicausal. En este sentido, este trabajo \u00abasienta\u00bb la importancia que tienen distintos \u00e1mbitos o contextos, tales como el sociodemogr\u00e1fico, el familiar, el grupal, el escolar y el personal, como factores implicados en el comportamiento antisocial. M\u00e1s concretamente, en funci\u00f3n de los resultados expuestos y constatada la naturaleza multicausal de los comportamientos antisociales, veririficamos que las variables predictoras de riesgo del comportamiento antisocial, son sobre todo el absentismo, el rendimiento, la supervisi\u00f3n parental, y el ejercicio de control autoritario del padre. El elevado absentismo y el bajo rendimiento escolar parecen traducir sin duda la inexistencia de vinculaciones saludables con la escuela y consecuentemente la imposibilidad de estos adolescentes de acceder a niveles superiores de formaci\u00f3n personal, social y prelaboral.  al final, discutimo<\/p>\n<p>&nbsp;<\/p>\n<h3>Datos acad\u00e9micos de la tesis doctoral \u00ab<strong>\u00abadolescentes em risco: um estudo socio-ecol\u00f3gico de um bairro degradado da cidade de lisboa\u00bb<\/strong>\u00ab<\/h3>\n<ul>\n<li><strong>T\u00edtulo de la tesis:<\/strong>\u00a0 \u00abadolescentes em risco: um estudo socio-ecol\u00f3gico de um bairro degradado da cidade de lisboa\u00bb <\/li>\n<li><strong>Autor:<\/strong>\u00a0 Carlos Eugenio Neves Sim\u00c1\u00b5es <\/li>\n<li><strong>Universidad:<\/strong>\u00a0 Salamanca<\/li>\n<li><strong>Fecha de lectura de la tesis:<\/strong>\u00a0 24\/07\/2000<\/li>\n<\/ul>\n<p>&nbsp;<\/p>\n<h3>Direcci\u00f3n y tribunal<\/h3>\n<ul>\n<li><strong>Director de la tesis<\/strong>\n<ul>\n<li> Fuentes Martin Jos\u00e9 Antonio<\/li>\n<\/ul>\n<\/li>\n<li><strong>Tribunal<\/strong>\n<ul>\n<li>Presidente del tribunal: emilio Sanchez Miguel <\/li>\n<li> Sales fonseca da rosario pedro Jos\u00e9 (vocal)<\/li>\n<li> Da silva pereira frederico (vocal)<\/li>\n<li>david Lopez palenzuela (vocal)<\/li>\n<\/ul>\n<\/li>\n<\/ul>\n<p>&nbsp;<\/p>\n","protected":false},"excerpt":{"rendered":"<p>Tesis doctoral de Carlos Eugenio Neves Sim\u00c1\u00b5es Partiendo del paradigma de la ecolog\u00eda social del desarrollo de brofenbrenner y considerando [&hellip;]<\/p>\n","protected":false},"author":1,"featured_media":0,"comment_status":"open","ping_status":"open","sticky":false,"template":"","format":"standard","meta":{"site-sidebar-layout":"default","site-content-layout":"","ast-site-content-layout":"","site-content-style":"default","site-sidebar-style":"default","ast-global-header-display":"","ast-banner-title-visibility":"","ast-main-header-display":"","ast-hfb-above-header-display":"","ast-hfb-below-header-display":"","ast-hfb-mobile-header-display":"","site-post-title":"","ast-breadcrumbs-content":"","ast-featured-img":"","footer-sml-layout":"","theme-transparent-header-meta":"","adv-header-id-meta":"","stick-header-meta":"","header-above-stick-meta":"","header-main-stick-meta":"","header-below-stick-meta":"","astra-migrate-meta-layouts":"default","ast-page-background-enabled":"default","ast-page-background-meta":{"desktop":{"background-color":"var(--ast-global-color-4)","background-image":"","background-repeat":"repeat","background-position":"center center","background-size":"auto","background-attachment":"scroll","background-type":"","background-media":"","overlay-type":"","overlay-color":"","overlay-gradient":""},"tablet":{"background-color":"","background-image":"","background-repeat":"repeat","background-position":"center center","background-size":"auto","background-attachment":"scroll","background-type":"","background-media":"","overlay-type":"","overlay-color":"","overlay-gradient":""},"mobile":{"background-color":"","background-image":"","background-repeat":"repeat","background-position":"center center","background-size":"auto","background-attachment":"scroll","background-type":"","background-media":"","overlay-type":"","overlay-color":"","overlay-gradient":""}},"ast-content-background-meta":{"desktop":{"background-color":"var(--ast-global-color-5)","background-image":"","background-repeat":"repeat","background-position":"center center","background-size":"auto","background-attachment":"scroll","background-type":"","background-media":"","overlay-type":"","overlay-color":"","overlay-gradient":""},"tablet":{"background-color":"var(--ast-global-color-5)","background-image":"","background-repeat":"repeat","background-position":"center center","background-size":"auto","background-attachment":"scroll","background-type":"","background-media":"","overlay-type":"","overlay-color":"","overlay-gradient":""},"mobile":{"background-color":"var(--ast-global-color-5)","background-image":"","background-repeat":"repeat","background-position":"center center","background-size":"auto","background-attachment":"scroll","background-type":"","background-media":"","overlay-type":"","overlay-color":"","overlay-gradient":""}},"footnotes":""},"categories":[55023,7302,324,970,5174,9386,269,4651],"tags":[181005,181008,18388,10405,181006,181007],"class_list":["post-86155","post","type-post","status-publish","format-standard","hentry","category-barrios-degradados","category-procesos-cognitivos","category-psicologia","category-psicologia-del-nino-y-del-adolescente","category-psicopedagogia","category-salamanca","category-sociologia","category-sociologia-de-los-asentamientos-humanos","tag-carlos-eugenio-neves-simaes","tag-da-silva-pereira-frederico","tag-david-lopez-palenzuela","tag-emilio-sanchez-miguel","tag-fuentes-martin-jose-antonio","tag-sales-fonseca-da-rosario-pedro-jose"],"_links":{"self":[{"href":"https:\/\/www.deberes.net\/tesis\/wp-json\/wp\/v2\/posts\/86155","targetHints":{"allow":["GET"]}}],"collection":[{"href":"https:\/\/www.deberes.net\/tesis\/wp-json\/wp\/v2\/posts"}],"about":[{"href":"https:\/\/www.deberes.net\/tesis\/wp-json\/wp\/v2\/types\/post"}],"author":[{"embeddable":true,"href":"https:\/\/www.deberes.net\/tesis\/wp-json\/wp\/v2\/users\/1"}],"replies":[{"embeddable":true,"href":"https:\/\/www.deberes.net\/tesis\/wp-json\/wp\/v2\/comments?post=86155"}],"version-history":[{"count":0,"href":"https:\/\/www.deberes.net\/tesis\/wp-json\/wp\/v2\/posts\/86155\/revisions"}],"wp:attachment":[{"href":"https:\/\/www.deberes.net\/tesis\/wp-json\/wp\/v2\/media?parent=86155"}],"wp:term":[{"taxonomy":"category","embeddable":true,"href":"https:\/\/www.deberes.net\/tesis\/wp-json\/wp\/v2\/categories?post=86155"},{"taxonomy":"post_tag","embeddable":true,"href":"https:\/\/www.deberes.net\/tesis\/wp-json\/wp\/v2\/tags?post=86155"}],"curies":[{"name":"wp","href":"https:\/\/api.w.org\/{rel}","templated":true}]}}