{"id":86179,"date":"2018-03-10T00:10:42","date_gmt":"2018-03-10T00:10:42","guid":{"rendered":"https:\/\/www.deberes.net\/tesis\/sin-categoria\/la-formacion-del-lexico-deportivo1790-1909\/"},"modified":"2018-03-10T00:10:42","modified_gmt":"2018-03-10T00:10:42","slug":"la-formacion-del-lexico-deportivo1790-1909","status":"publish","type":"post","link":"https:\/\/www.deberes.net\/tesis\/linguistica\/la-formacion-del-lexico-deportivo1790-1909\/","title":{"rendered":"La formacion del l\u00e9xico deportivo:1790-1909"},"content":{"rendered":"<h2>Tesis doctoral de <strong> Recaredo Agullo Albuixec <\/strong><\/h2>\n<p>Las transformaciones sociales y laborales junto con los avances tecnol\u00f3gicos y cient\u00edficos a lo largo del siglo xix contribuyeron al nacimiento y eclosi\u00f3n de numerosas actividades deportivas. Unas actividades que como el atletismo, el f\u00fatbol, la h\u00edpica, el rugby o el tenis proced\u00edan del reino unido, y otras como la aerostaci\u00f3n, la aviaci\u00f3n, el alpinismo, el automovilismo,el billar o el ciclismo proced\u00edan de francia.  estos deportes sirvieron a una determinada clase social, salida de las filas de la burgues\u00eda,para poder destacarse de los dem\u00e1s y mostrar su modo de vida. De esta manera aparecieron en escenas los sportmen y sportwoman, hombres y mujeres con alto poder adquisitivo que se permit\u00edan el lujo de viajar por europa para escalar las cima alpinas, conducir autom\u00f3viles a gran velocidad, lanzarse a la conquista del espacio o solazarse en los links.  todas estas actividades iban acompa\u00f1adas de decenas de vocablos que penetraron en la lengua castellana, pr\u00e9stamos ling\u00ed\u00bcisticos que en ocasiones provocaron y provocan ciertos problemas. As\u00ed pues analizamos la formaci\u00f3n del lexico deportivo y su dataci\u00f3n para lo que nos hemos servido de un amplio material.<\/p>\n<p>&nbsp;<\/p>\n<h3>Datos acad\u00e9micos de la tesis doctoral \u00ab<strong>La formacion del l\u00e9xico deportivo:1790-1909<\/strong>\u00ab<\/h3>\n<ul>\n<li><strong>T\u00edtulo de la tesis:<\/strong>\u00a0 La formacion del l\u00e9xico deportivo:1790-1909 <\/li>\n<li><strong>Autor:<\/strong>\u00a0 Recaredo Agullo Albuixec <\/li>\n<li><strong>Universidad:<\/strong>\u00a0 Universitat de val\u00e9ncia (estudi general)<\/li>\n<li><strong>Fecha de lectura de la tesis:<\/strong>\u00a0 26\/07\/2000<\/li>\n<\/ul>\n<p>&nbsp;<\/p>\n<h3>Direcci\u00f3n y tribunal<\/h3>\n<ul>\n<li><strong>Director de la tesis<\/strong>\n<ul>\n<li>Elena Real Ramos<\/li>\n<\/ul>\n<\/li>\n<li><strong>Tribunal<\/strong>\n<ul>\n<li>Presidente del tribunal: Jos\u00e9 Antonio Pascual rodr\u00edguez <\/li>\n<li>m. paz Battaner arias (vocal)<\/li>\n<li>antoni Ferrando frances (vocal)<\/li>\n<li>Antonio Briz g\u00f3mez (vocal)<\/li>\n<\/ul>\n<\/li>\n<\/ul>\n<p>&nbsp;<\/p>\n","protected":false},"excerpt":{"rendered":"<p>Tesis doctoral de Recaredo Agullo Albuixec Las transformaciones sociales y laborales junto con los avances tecnol\u00f3gicos y cient\u00edficos a lo [&hellip;]<\/p>\n","protected":false},"author":1,"featured_media":0,"comment_status":"open","ping_status":"open","sticky":false,"template":"","format":"standard","meta":{"site-sidebar-layout":"default","site-content-layout":"","ast-site-content-layout":"","site-content-style":"default","site-sidebar-style":"default","ast-global-header-display":"","ast-banner-title-visibility":"","ast-main-header-display":"","ast-hfb-above-header-display":"","ast-hfb-below-header-display":"","ast-hfb-mobile-header-display":"","site-post-title":"","ast-breadcrumbs-content":"","ast-featured-img":"","footer-sml-layout":"","theme-transparent-header-meta":"","adv-header-id-meta":"","stick-header-meta":"","header-above-stick-meta":"","header-main-stick-meta":"","header-below-stick-meta":"","astra-migrate-meta-layouts":"default","ast-page-background-enabled":"default","ast-page-background-meta":{"desktop":{"background-color":"var(--ast-global-color-4)","background-image":"","background-repeat":"repeat","background-position":"center center","background-size":"auto","background-attachment":"scroll","background-type":"","background-media":"","overlay-type":"","overlay-color":"","overlay-gradient":""},"tablet":{"background-color":"","background-image":"","background-repeat":"repeat","background-position":"center center","background-size":"auto","background-attachment":"scroll","background-type":"","background-media":"","overlay-type":"","overlay-color":"","overlay-gradient":""},"mobile":{"background-color":"","background-image":"","background-repeat":"repeat","background-position":"center center","background-size":"auto","background-attachment":"scroll","background-type":"","background-media":"","overlay-type":"","overlay-color":"","overlay-gradient":""}},"ast-content-background-meta":{"desktop":{"background-color":"var(--ast-global-color-5)","background-image":"","background-repeat":"repeat","background-position":"center center","background-size":"auto","background-attachment":"scroll","background-type":"","background-media":"","overlay-type":"","overlay-color":"","overlay-gradient":""},"tablet":{"background-color":"var(--ast-global-color-5)","background-image":"","background-repeat":"repeat","background-position":"center center","background-size":"auto","background-attachment":"scroll","background-type":"","background-media":"","overlay-type":"","overlay-color":"","overlay-gradient":""},"mobile":{"background-color":"var(--ast-global-color-5)","background-image":"","background-repeat":"repeat","background-position":"center center","background-size":"auto","background-attachment":"scroll","background-type":"","background-media":"","overlay-type":"","overlay-color":"","overlay-gradient":""}},"footnotes":""},"categories":[61,59,62],"tags":[12334,11475,11510,4454,19749,181037],"class_list":["post-86179","post","type-post","status-publish","format-standard","hentry","category-lexicologia","category-linguistica","category-linguistica-sincronica","tag-antoni-ferrando-frances","tag-antonio-briz-gomez","tag-elena-real-ramos","tag-jose-antonio-pascual-rodriguez","tag-m-paz-battaner-arias","tag-recaredo-agullo-albuixec"],"_links":{"self":[{"href":"https:\/\/www.deberes.net\/tesis\/wp-json\/wp\/v2\/posts\/86179","targetHints":{"allow":["GET"]}}],"collection":[{"href":"https:\/\/www.deberes.net\/tesis\/wp-json\/wp\/v2\/posts"}],"about":[{"href":"https:\/\/www.deberes.net\/tesis\/wp-json\/wp\/v2\/types\/post"}],"author":[{"embeddable":true,"href":"https:\/\/www.deberes.net\/tesis\/wp-json\/wp\/v2\/users\/1"}],"replies":[{"embeddable":true,"href":"https:\/\/www.deberes.net\/tesis\/wp-json\/wp\/v2\/comments?post=86179"}],"version-history":[{"count":0,"href":"https:\/\/www.deberes.net\/tesis\/wp-json\/wp\/v2\/posts\/86179\/revisions"}],"wp:attachment":[{"href":"https:\/\/www.deberes.net\/tesis\/wp-json\/wp\/v2\/media?parent=86179"}],"wp:term":[{"taxonomy":"category","embeddable":true,"href":"https:\/\/www.deberes.net\/tesis\/wp-json\/wp\/v2\/categories?post=86179"},{"taxonomy":"post_tag","embeddable":true,"href":"https:\/\/www.deberes.net\/tesis\/wp-json\/wp\/v2\/tags?post=86179"}],"curies":[{"name":"wp","href":"https:\/\/api.w.org\/{rel}","templated":true}]}}