{"id":86267,"date":"2000-08-09T00:00:00","date_gmt":"2000-08-09T00:00:00","guid":{"rendered":"https:\/\/www.deberes.net\/tesis\/sin-categoria\/comme-le-fruit-se-fond-en-jouissance-fruicion-de-lo-frances-en-antonio-carvajal\/"},"modified":"2000-08-09T00:00:00","modified_gmt":"2000-08-09T00:00:00","slug":"comme-le-fruit-se-fond-en-jouissance-fruicion-de-lo-frances-en-antonio-carvajal","status":"publish","type":"post","link":"https:\/\/www.deberes.net\/tesis\/ciencias-de-las-artes-y-las-letras\/comme-le-fruit-se-fond-en-jouissance-fruicion-de-lo-frances-en-antonio-carvajal\/","title":{"rendered":"\u00abcomme le fruit se fond en jouissance\u00bb: fruici\u00f3n de lo franc\u00e9s en antonio carvajal"},"content":{"rendered":"<h2>Tesis doctoral de <strong> Jo\u00c1\u00ablle Guatelli-tedeschi <\/strong><\/h2>\n<p>La tesis aborda la obra del poeta granadino antonio carvajal milena desde un punto de vista comparatista. Se propone ahondar tanto en la personalidad de creador como en la obra creada de uno de los mayores representantes de la llamada generaci\u00f3n del 70, a partir de una evaluaci\u00f3n del saboreo de lo franc\u00e9s (impacto civilizacional y cultural) evidenciado por su poes\u00eda. el trabajo se divide en tres partes constando cada una de tres cap\u00edtulos. la investigaci\u00f3n doctoral se propone en una primera parte adentrarse en los vericuetos de la v\u00eda por las que penetran las influencias extranjeros a saber \u00ablos libros\u00bb (educaci\u00f3n y formaci\u00f3n), \u00ablas amistades\u00bb (c\u00edrculos de \u00edntimos) y \u00ablos viajes\u00bb (desplazamientos a francia y paises franc\u00f3fonos). luego, en una segunda parte se intenta definir y explorar la singularidad de la po\u00e9tica carvajalina (\u00abculturalismo vistalista\u00bb) desde el prisma de su confrontaci\u00f3n con las po\u00e9ticas de sus mayores (po\u00e9ticas comtempor\u00e1neas) y de sus coct\u00e1ncos ante todo (po\u00e9ticas postocomtempor\u00e1neas). La tercera parte se dedica a rastrear en los poemarios de antonio carvajal las huellas perceptibles de la literatura francesa, poniendo de relieve \u00ablas presencias dispersas\u00bb (de los trovadores a aragon), \u00ablas presencias familiares\u00bb (baudelaire y rimbaud) y los fruct\u00edferos contactos con las amistades probadas (albert camus, paul val\u00e9ry), insistiendo en la peculiar relaci\u00f3n del poeta granadino, poeta vitalista y sensorial, con la obra valeryana en la que redescubre y exalta las facetas sensuales y emocionales (\u00abcon mi querido pablo varlcrio\u00bb). la tesis se inscribe en un estudio comparatista que saca provecho tanto de lo que se ha dado en llamar \u00abla escuela francesa\u00bb de comparatismos m\u00e1s factual y positivista, como de las aportaciones d elas escuelas americanas, rusas y centro europeas en una perspectiva estructuralista e intertextual.<\/p>\n<p>&nbsp;<\/p>\n<h3>Datos acad\u00e9micos de la tesis doctoral \u00ab<strong>\u00abcomme le fruit se fond en jouissance\u00bb: fruici\u00f3n de lo franc\u00e9s en antonio carvajal<\/strong>\u00ab<\/h3>\n<ul>\n<li><strong>T\u00edtulo de la tesis:<\/strong>\u00a0 \u00abcomme le fruit se fond en jouissance\u00bb: fruici\u00f3n de lo franc\u00e9s en antonio carvajal <\/li>\n<li><strong>Autor:<\/strong>\u00a0 Jo\u00c1\u00ablle Guatelli-tedeschi <\/li>\n<li><strong>Universidad:<\/strong>\u00a0 Granada<\/li>\n<li><strong>Fecha de lectura de la tesis:<\/strong>\u00a0 08\/09\/2000<\/li>\n<\/ul>\n<p>&nbsp;<\/p>\n<h3>Direcci\u00f3n y tribunal<\/h3>\n<ul>\n<li><strong>Director de la tesis<\/strong>\n<ul>\n<li>Adoraci\u00f3n Elvira Rodr\u00edguez<\/li>\n<\/ul>\n<\/li>\n<li><strong>Tribunal<\/strong>\n<ul>\n<li>Presidente del tribunal: Luis Gast\u00f3n elduayen <\/li>\n<li>Antonio Chicharro chamorro (vocal)<\/li>\n<li>Francisco Jos\u00e9 Diaz de castro (vocal)<\/li>\n<li>jacques Issorel (vocal)<\/li>\n<\/ul>\n<\/li>\n<\/ul>\n<p>&nbsp;<\/p>\n","protected":false},"excerpt":{"rendered":"<p>Tesis doctoral de Jo\u00c1\u00ablle Guatelli-tedeschi La tesis aborda la obra del poeta granadino antonio carvajal milena desde un punto de [&hellip;]<\/p>\n","protected":false},"author":1,"featured_media":0,"comment_status":"open","ping_status":"open","sticky":false,"template":"","format":"standard","meta":{"site-sidebar-layout":"default","site-content-layout":"","ast-site-content-layout":"","site-content-style":"default","site-sidebar-style":"default","ast-global-header-display":"","ast-banner-title-visibility":"","ast-main-header-display":"","ast-hfb-above-header-display":"","ast-hfb-below-header-display":"","ast-hfb-mobile-header-display":"","site-post-title":"","ast-breadcrumbs-content":"","ast-featured-img":"","footer-sml-layout":"","theme-transparent-header-meta":"","adv-header-id-meta":"","stick-header-meta":"","header-above-stick-meta":"","header-main-stick-meta":"","header-below-stick-meta":"","astra-migrate-meta-layouts":"default","ast-page-background-enabled":"default","ast-page-background-meta":{"desktop":{"background-color":"var(--ast-global-color-4)","background-image":"","background-repeat":"repeat","background-position":"center center","background-size":"auto","background-attachment":"scroll","background-type":"","background-media":"","overlay-type":"","overlay-color":"","overlay-gradient":""},"tablet":{"background-color":"","background-image":"","background-repeat":"repeat","background-position":"center center","background-size":"auto","background-attachment":"scroll","background-type":"","background-media":"","overlay-type":"","overlay-color":"","overlay-gradient":""},"mobile":{"background-color":"","background-image":"","background-repeat":"repeat","background-position":"center center","background-size":"auto","background-attachment":"scroll","background-type":"","background-media":"","overlay-type":"","overlay-color":"","overlay-gradient":""}},"ast-content-background-meta":{"desktop":{"background-color":"var(--ast-global-color-5)","background-image":"","background-repeat":"repeat","background-position":"center center","background-size":"auto","background-attachment":"scroll","background-type":"","background-media":"","overlay-type":"","overlay-color":"","overlay-gradient":""},"tablet":{"background-color":"var(--ast-global-color-5)","background-image":"","background-repeat":"repeat","background-position":"center center","background-size":"auto","background-attachment":"scroll","background-type":"","background-media":"","overlay-type":"","overlay-color":"","overlay-gradient":""},"mobile":{"background-color":"var(--ast-global-color-5)","background-image":"","background-repeat":"repeat","background-position":"center center","background-size":"auto","background-attachment":"scroll","background-type":"","background-media":"","overlay-type":"","overlay-color":"","overlay-gradient":""}},"footnotes":""},"categories":[148,147,149,628],"tags":[55102,22156,12630,181180,181179,22889],"class_list":["post-86267","post","type-post","status-publish","format-standard","hentry","category-analisis-literario","category-ciencias-de-las-artes-y-las-letras","category-critica-de-textos","category-teoria-analisis-y-critica-literarios","tag-adoracion-elvira-rodriguez","tag-antonio-chicharro-chamorro","tag-francisco-jose-diaz-de-castro","tag-jacques-issorel","tag-joalle-guatelli-tedeschi","tag-luis-gaston-elduayen"],"_links":{"self":[{"href":"https:\/\/www.deberes.net\/tesis\/wp-json\/wp\/v2\/posts\/86267","targetHints":{"allow":["GET"]}}],"collection":[{"href":"https:\/\/www.deberes.net\/tesis\/wp-json\/wp\/v2\/posts"}],"about":[{"href":"https:\/\/www.deberes.net\/tesis\/wp-json\/wp\/v2\/types\/post"}],"author":[{"embeddable":true,"href":"https:\/\/www.deberes.net\/tesis\/wp-json\/wp\/v2\/users\/1"}],"replies":[{"embeddable":true,"href":"https:\/\/www.deberes.net\/tesis\/wp-json\/wp\/v2\/comments?post=86267"}],"version-history":[{"count":0,"href":"https:\/\/www.deberes.net\/tesis\/wp-json\/wp\/v2\/posts\/86267\/revisions"}],"wp:attachment":[{"href":"https:\/\/www.deberes.net\/tesis\/wp-json\/wp\/v2\/media?parent=86267"}],"wp:term":[{"taxonomy":"category","embeddable":true,"href":"https:\/\/www.deberes.net\/tesis\/wp-json\/wp\/v2\/categories?post=86267"},{"taxonomy":"post_tag","embeddable":true,"href":"https:\/\/www.deberes.net\/tesis\/wp-json\/wp\/v2\/tags?post=86267"}],"curies":[{"name":"wp","href":"https:\/\/api.w.org\/{rel}","templated":true}]}}