{"id":86288,"date":"2000-09-09T00:00:00","date_gmt":"2000-09-09T00:00:00","guid":{"rendered":"https:\/\/www.deberes.net\/tesis\/sin-categoria\/adjectifs-qualificatifs-et-adjectifs-relationnels-etude-semantique-et-approche-pragmatique\/"},"modified":"2000-09-09T00:00:00","modified_gmt":"2000-09-09T00:00:00","slug":"adjectifs-qualificatifs-et-adjectifs-relationnels-etude-semantique-et-approche-pragmatique","status":"publish","type":"post","link":"https:\/\/www.deberes.net\/tesis\/linguistica\/adjectifs-qualificatifs-et-adjectifs-relationnels-etude-semantique-et-approche-pragmatique\/","title":{"rendered":"Adjectifs qualificatifs et adjectifs relationnels: \u00e9tude s\u00e9mantique et approche pragmatique."},"content":{"rendered":"<h2>Tesis doctoral de <strong> Nuria Rodriguez Pedreira <\/strong><\/h2>\n<p>Este estudio aborda las equiValencias y divergencias sem\u00e1ntico-pragm\u00e1ticas entre adjetivos calificativos y adjetivos relacionales en la lengua francesa. as\u00ed pues, trata de la cl\u00e1sica divisi\u00f3n de los adjetivos en dos categor\u00edas, lo calificativos y lore relacionales. Nuestro prop\u00f3sito es demostrar que esta distribuci\u00f3n no es exacta y que conviene introducir una tercera clase de adjetivos llamados \u00abreferenciales\u00bb. Los tres primeros cap\u00edtulos ofrecen un amplio panorama sobre la oposici\u00f3n tradicional calificativos\/relacionales, tomando en cuenta a los autores de deviersas corrientes ling\u00ed\u00bcisticas. Los tres \u00faltimos cap\u00edtulos establecen una l\u00ednea de actuaci\u00f3n progresiva. Partiendo de una descripci\u00f3n del corpus (en el cap\u00edtulo 4\u00c2\u00ba) y de las semejanzas constatadas entre los adjetivos calificativos y relacionales (en el cap\u00edtulo 5\u00c2\u00ba), se llega a una situaci\u00f3n de triple clasificaci\u00f3n de los adjetivos: adjetivos calificativos, adjetivos relacionales y adjetivos referenciales (en el cap\u00edtulo 6\u00c2\u00ba). Los adjetivos calificativos describen mediante una \u00abidentificaci\u00f3n\u00bb o una \u00abapreciaci\u00f3n descriptiva\u00bb, los relacionales asumen una funci\u00f3n relacional (valor argumental u otros valores sem\u00e1nticos) y los adjetivos referenciales subcategorizan., As\u00ed, nuestra hip\u00f3tesis va m\u00e1s all\u00e1 de la oposici\u00f3n cl\u00e1sica calificativos-relacionales al proponer dos tipos de factores de delimitaci\u00f3n: el factor morfo-sem\u00e1ntico y el criterio pragm\u00e1tico. El \u00e1mbito morfo-sem\u00e1ntico demuestra que la equiValencia morfol\u00f3gica  entre adjetivo simple y adjetivo calificativo por un lado y adejtivo derivado y adejtivo relacional por el otra ya no se justifica. El segundo criterio resulta especialmente innovador en la manera de tratar el problema de los ajetivos calificativos y relacionales, ya que nos pemite postular la clase de los adjetivos referenciales.<\/p>\n<p>&nbsp;<\/p>\n<h3>Datos acad\u00e9micos de la tesis doctoral \u00ab<strong>Adjectifs qualificatifs et adjectifs relationnels: \u00e9tude s\u00e9mantique et approche pragmatique.<\/strong>\u00ab<\/h3>\n<ul>\n<li><strong>T\u00edtulo de la tesis:<\/strong>\u00a0 Adjectifs qualificatifs et adjectifs relationnels: \u00e9tude s\u00e9mantique et approche pragmatique. <\/li>\n<li><strong>Autor:<\/strong>\u00a0 Nuria Rodriguez Pedreira <\/li>\n<li><strong>Universidad:<\/strong>\u00a0 Santiago de compostela<\/li>\n<li><strong>Fecha de lectura de la tesis:<\/strong>\u00a0 09\/09\/2000<\/li>\n<\/ul>\n<p>&nbsp;<\/p>\n<h3>Direcci\u00f3n y tribunal<\/h3>\n<ul>\n<li><strong>Director de la tesis<\/strong>\n<ul>\n<li>Jes\u00fas Lago Garabatos<\/li>\n<\/ul>\n<\/li>\n<li><strong>Tribunal<\/strong>\n<ul>\n<li>Presidente del tribunal: manuel Marin Jorge <\/li>\n<li> Donaire fernandez Mar\u00eda  Luisa (vocal)<\/li>\n<li>geroges Kleiber (vocal)<\/li>\n<li>Manuel Bru\u00f1a cuevas (vocal)<\/li>\n<\/ul>\n<\/li>\n<\/ul>\n<p>&nbsp;<\/p>\n","protected":false},"excerpt":{"rendered":"<p>Tesis doctoral de Nuria Rodriguez Pedreira Este estudio aborda las equiValencias y divergencias sem\u00e1ntico-pragm\u00e1ticas entre adjetivos calificativos y adjetivos relacionales [&hellip;]<\/p>\n","protected":false},"author":1,"featured_media":0,"comment_status":"open","ping_status":"open","sticky":false,"template":"","format":"standard","meta":{"site-sidebar-layout":"default","site-content-layout":"","ast-site-content-layout":"","site-content-style":"default","site-sidebar-style":"default","ast-global-header-display":"","ast-banner-title-visibility":"","ast-main-header-display":"","ast-hfb-above-header-display":"","ast-hfb-below-header-display":"","ast-hfb-mobile-header-display":"","site-post-title":"","ast-breadcrumbs-content":"","ast-featured-img":"","footer-sml-layout":"","theme-transparent-header-meta":"","adv-header-id-meta":"","stick-header-meta":"","header-above-stick-meta":"","header-main-stick-meta":"","header-below-stick-meta":"","astra-migrate-meta-layouts":"default","ast-page-background-enabled":"default","ast-page-background-meta":{"desktop":{"background-color":"var(--ast-global-color-4)","background-image":"","background-repeat":"repeat","background-position":"center center","background-size":"auto","background-attachment":"scroll","background-type":"","background-media":"","overlay-type":"","overlay-color":"","overlay-gradient":""},"tablet":{"background-color":"","background-image":"","background-repeat":"repeat","background-position":"center center","background-size":"auto","background-attachment":"scroll","background-type":"","background-media":"","overlay-type":"","overlay-color":"","overlay-gradient":""},"mobile":{"background-color":"","background-image":"","background-repeat":"repeat","background-position":"center center","background-size":"auto","background-attachment":"scroll","background-type":"","background-media":"","overlay-type":"","overlay-color":"","overlay-gradient":""}},"ast-content-background-meta":{"desktop":{"background-color":"var(--ast-global-color-5)","background-image":"","background-repeat":"repeat","background-position":"center center","background-size":"auto","background-attachment":"scroll","background-type":"","background-media":"","overlay-type":"","overlay-color":"","overlay-gradient":""},"tablet":{"background-color":"var(--ast-global-color-5)","background-image":"","background-repeat":"repeat","background-position":"center center","background-size":"auto","background-attachment":"scroll","background-type":"","background-media":"","overlay-type":"","overlay-color":"","overlay-gradient":""},"mobile":{"background-color":"var(--ast-global-color-5)","background-image":"","background-repeat":"repeat","background-position":"center center","background-size":"auto","background-attachment":"scroll","background-type":"","background-media":"","overlay-type":"","overlay-color":"","overlay-gradient":""}},"footnotes":""},"categories":[59,423,62,977,886],"tags":[42079,181215,91729,28809,1783,181214],"class_list":["post-86288","post","type-post","status-publish","format-standard","hentry","category-linguistica","category-linguistica-diacronica","category-linguistica-sincronica","category-santiago-de-compostela","category-semantica","tag-donaire-fernandez-maria-luisa","tag-geroges-kleiber","tag-jesus-lago-garabatos","tag-manuel-bruna-cuevas","tag-manuel-marin-jorge","tag-nuria-rodriguez-pedreira"],"_links":{"self":[{"href":"https:\/\/www.deberes.net\/tesis\/wp-json\/wp\/v2\/posts\/86288","targetHints":{"allow":["GET"]}}],"collection":[{"href":"https:\/\/www.deberes.net\/tesis\/wp-json\/wp\/v2\/posts"}],"about":[{"href":"https:\/\/www.deberes.net\/tesis\/wp-json\/wp\/v2\/types\/post"}],"author":[{"embeddable":true,"href":"https:\/\/www.deberes.net\/tesis\/wp-json\/wp\/v2\/users\/1"}],"replies":[{"embeddable":true,"href":"https:\/\/www.deberes.net\/tesis\/wp-json\/wp\/v2\/comments?post=86288"}],"version-history":[{"count":0,"href":"https:\/\/www.deberes.net\/tesis\/wp-json\/wp\/v2\/posts\/86288\/revisions"}],"wp:attachment":[{"href":"https:\/\/www.deberes.net\/tesis\/wp-json\/wp\/v2\/media?parent=86288"}],"wp:term":[{"taxonomy":"category","embeddable":true,"href":"https:\/\/www.deberes.net\/tesis\/wp-json\/wp\/v2\/categories?post=86288"},{"taxonomy":"post_tag","embeddable":true,"href":"https:\/\/www.deberes.net\/tesis\/wp-json\/wp\/v2\/tags?post=86288"}],"curies":[{"name":"wp","href":"https:\/\/api.w.org\/{rel}","templated":true}]}}