{"id":86305,"date":"2000-12-09T00:00:00","date_gmt":"2000-12-09T00:00:00","guid":{"rendered":"https:\/\/www.deberes.net\/tesis\/sin-categoria\/la-propiedad-del-suelo-urbano-y-sus-restricciones-las-alteraciones-del-planeamiento-urbanistico\/"},"modified":"2000-12-09T00:00:00","modified_gmt":"2000-12-09T00:00:00","slug":"la-propiedad-del-suelo-urbano-y-sus-restricciones-las-alteraciones-del-planeamiento-urbanistico","status":"publish","type":"post","link":"https:\/\/www.deberes.net\/tesis\/ciencias-juridicas-y-derecho\/la-propiedad-del-suelo-urbano-y-sus-restricciones-las-alteraciones-del-planeamiento-urbanistico\/","title":{"rendered":"\u00abla propiedad del suelo urbano y sus restricciones. las alteraciones del planeamiento urbanistico\u00bb"},"content":{"rendered":"<h2>Tesis doctoral de <strong> Fernando Mora Bongera <\/strong><\/h2>\n<p>Esta tesis doctoral se ocupa del estudio del r\u00e9gimen jur\u00eddico de la propiedad del suelo desde un triple nivel. En primer lugar analiza la posici\u00f3n constitucional de la propiedad privada, atendiendo al contenido de dicho derecho, a su naturaleza, a la necesidad de configuraci\u00f3n normativa de las situaciones jur\u00eddicas que engloba la propiedad y al valor que da el constituyente a la funci\u00f3n social de la misma.  en segundo lugar se estudia la configuraci\u00f3n legal de la propiedad del suelo y el derecho a edificar como parte de las facultades del propietario del suelo, atendiendo principalmente al estatuto jur\u00eddico de la propiedad del suelo y a la adquisici\u00f3n de facultades urban\u00edsticas. Tambi\u00e9n en esta parte se estudia el sistema de valoraci\u00f3n del suelo en la normativa vigente.  finalmente, este trabajo se ocupa de las restricciones del derecho de propiedad del suelo y el regimen de responsabilidad de la administraci\u00f3n por alteraciones del planeamiento en las distintas leyes del suelo publicadas hasta la fecha.<\/p>\n<p>&nbsp;<\/p>\n<h3>Datos acad\u00e9micos de la tesis doctoral \u00ab<strong>\u00abla propiedad del suelo urbano y sus restricciones. las alteraciones del planeamiento urbanistico\u00bb<\/strong>\u00ab<\/h3>\n<ul>\n<li><strong>T\u00edtulo de la tesis:<\/strong>\u00a0 \u00abla propiedad del suelo urbano y sus restricciones. las alteraciones del planeamiento urbanistico\u00bb <\/li>\n<li><strong>Autor:<\/strong>\u00a0 Fernando Mora Bongera <\/li>\n<li><strong>Universidad:<\/strong>\u00a0 Oviedo<\/li>\n<li><strong>Fecha de lectura de la tesis:<\/strong>\u00a0 12\/09\/2000<\/li>\n<\/ul>\n<p>&nbsp;<\/p>\n<h3>Direcci\u00f3n y tribunal<\/h3>\n<ul>\n<li><strong>Director de la tesis<\/strong>\n<ul>\n<li>Leopoldo Tolivar Alas<\/li>\n<\/ul>\n<\/li>\n<li><strong>Tribunal<\/strong>\n<ul>\n<li>Presidente del tribunal:  Gomez ferrer morant rafael <\/li>\n<li>tomas Quintana lopez (vocal)<\/li>\n<li>Francisco Sosa wagner (vocal)<\/li>\n<li>Rafael G\u00f3mez-ferrer morant (vocal)<\/li>\n<\/ul>\n<\/li>\n<\/ul>\n<p>&nbsp;<\/p>\n","protected":false},"excerpt":{"rendered":"<p>Tesis doctoral de Fernando Mora Bongera Esta tesis doctoral se ocupa del estudio del r\u00e9gimen jur\u00eddico de la propiedad del [&hellip;]<\/p>\n","protected":false},"author":1,"featured_media":0,"comment_status":"open","ping_status":"open","sticky":false,"template":"","format":"standard","meta":{"site-sidebar-layout":"default","site-content-layout":"","ast-site-content-layout":"","site-content-style":"default","site-sidebar-style":"default","ast-global-header-display":"","ast-banner-title-visibility":"","ast-main-header-display":"","ast-hfb-above-header-display":"","ast-hfb-below-header-display":"","ast-hfb-mobile-header-display":"","site-post-title":"","ast-breadcrumbs-content":"","ast-featured-img":"","footer-sml-layout":"","theme-transparent-header-meta":"","adv-header-id-meta":"","stick-header-meta":"","header-above-stick-meta":"","header-main-stick-meta":"","header-below-stick-meta":"","astra-migrate-meta-layouts":"default","ast-page-background-enabled":"default","ast-page-background-meta":{"desktop":{"background-color":"var(--ast-global-color-4)","background-image":"","background-repeat":"repeat","background-position":"center center","background-size":"auto","background-attachment":"scroll","background-type":"","background-media":"","overlay-type":"","overlay-color":"","overlay-gradient":""},"tablet":{"background-color":"","background-image":"","background-repeat":"repeat","background-position":"center center","background-size":"auto","background-attachment":"scroll","background-type":"","background-media":"","overlay-type":"","overlay-color":"","overlay-gradient":""},"mobile":{"background-color":"","background-image":"","background-repeat":"repeat","background-position":"center center","background-size":"auto","background-attachment":"scroll","background-type":"","background-media":"","overlay-type":"","overlay-color":"","overlay-gradient":""}},"ast-content-background-meta":{"desktop":{"background-color":"var(--ast-global-color-5)","background-image":"","background-repeat":"repeat","background-position":"center center","background-size":"auto","background-attachment":"scroll","background-type":"","background-media":"","overlay-type":"","overlay-color":"","overlay-gradient":""},"tablet":{"background-color":"var(--ast-global-color-5)","background-image":"","background-repeat":"repeat","background-position":"center center","background-size":"auto","background-attachment":"scroll","background-type":"","background-media":"","overlay-type":"","overlay-color":"","overlay-gradient":""},"mobile":{"background-color":"var(--ast-global-color-5)","background-image":"","background-repeat":"repeat","background-position":"center center","background-size":"auto","background-attachment":"scroll","background-type":"","background-media":"","overlay-type":"","overlay-color":"","overlay-gradient":""}},"footnotes":""},"categories":[612,1442,1251,979,8846],"tags":[181240,33449,29940,37576,3455,61158],"class_list":["post-86305","post","type-post","status-publish","format-standard","hentry","category-ciencias-juridicas-y-derecho","category-derecho-administrativo","category-derecho-civil","category-derecho-y-legislacion-nacionales","category-oviedo","tag-fernando-mora-bongera","tag-francisco-sosa-wagner","tag-gomez-ferrer-morant-rafael","tag-leopoldo-tolivar-alas","tag-rafael-gomez-ferrer-morant","tag-tomas-quintana-lopez"],"_links":{"self":[{"href":"https:\/\/www.deberes.net\/tesis\/wp-json\/wp\/v2\/posts\/86305","targetHints":{"allow":["GET"]}}],"collection":[{"href":"https:\/\/www.deberes.net\/tesis\/wp-json\/wp\/v2\/posts"}],"about":[{"href":"https:\/\/www.deberes.net\/tesis\/wp-json\/wp\/v2\/types\/post"}],"author":[{"embeddable":true,"href":"https:\/\/www.deberes.net\/tesis\/wp-json\/wp\/v2\/users\/1"}],"replies":[{"embeddable":true,"href":"https:\/\/www.deberes.net\/tesis\/wp-json\/wp\/v2\/comments?post=86305"}],"version-history":[{"count":0,"href":"https:\/\/www.deberes.net\/tesis\/wp-json\/wp\/v2\/posts\/86305\/revisions"}],"wp:attachment":[{"href":"https:\/\/www.deberes.net\/tesis\/wp-json\/wp\/v2\/media?parent=86305"}],"wp:term":[{"taxonomy":"category","embeddable":true,"href":"https:\/\/www.deberes.net\/tesis\/wp-json\/wp\/v2\/categories?post=86305"},{"taxonomy":"post_tag","embeddable":true,"href":"https:\/\/www.deberes.net\/tesis\/wp-json\/wp\/v2\/tags?post=86305"}],"curies":[{"name":"wp","href":"https:\/\/api.w.org\/{rel}","templated":true}]}}