{"id":86316,"date":"2000-12-09T00:00:00","date_gmt":"2000-12-09T00:00:00","guid":{"rendered":"https:\/\/www.deberes.net\/tesis\/sin-categoria\/el-colonialismo-espanol-en-el-sahara-occidental-y-en-la-zona-sur-del-protectorado-espanol-en-marruecos-1885-1945\/"},"modified":"2000-12-09T00:00:00","modified_gmt":"2000-12-09T00:00:00","slug":"el-colonialismo-espanol-en-el-sahara-occidental-y-en-la-zona-sur-del-protectorado-espanol-en-marruecos-1885-1945","status":"publish","type":"post","link":"https:\/\/www.deberes.net\/tesis\/historia\/el-colonialismo-espanol-en-el-sahara-occidental-y-en-la-zona-sur-del-protectorado-espanol-en-marruecos-1885-1945\/","title":{"rendered":"\u00abel colonialismo espa\u00f1ol en el sahara occidental y en la zona sur del protectorado espa\u00f1ol en marruecos, 1885-1945\u00bb"},"content":{"rendered":"<h2>Tesis doctoral de <strong> Jes\u00fas Martinez Milan <\/strong><\/h2>\n<p>Aborda el estudio del colonialismo espa\u00f1ol en la antigua zona sur del protectorado espa\u00f1ol en marruecos y en el sahara occidental, en un periodo de fechas que se corresponde con una etapa bien diferenciada de la presencia hispana en dichas tierras: la que transcurre entre 1885, ocupaci\u00f3n de los primeros puntos en la costa comprendida entre cabo bojador y cabo blanco, y 1945, puesta en marcha de la colonizaci\u00f3n de ambos territorio.  estructurada en diez cap\u00edtulos, adem\u00e1s de la introduci\u00f3n y las conclusiones, la tesis comienza con el estudio del espacio geogr\u00e1fico y econ\u00f3mico de la region tarfaya-sahara y de la sociedad que lo ocupa, para continuar con la explicacion de la acci\u00f3n espa\u00f1ola en la zona y terminar con el analisis del contencioso territoial que mantuvieron francia y espa\u00f1a en la regi\u00f3n.<\/p>\n<p>&nbsp;<\/p>\n<h3>Datos acad\u00e9micos de la tesis doctoral \u00ab<strong>\u00abel colonialismo espa\u00f1ol en el sahara occidental y en la zona sur del protectorado espa\u00f1ol en marruecos, 1885-1945\u00bb<\/strong>\u00ab<\/h3>\n<ul>\n<li><strong>T\u00edtulo de la tesis:<\/strong>\u00a0 \u00abel colonialismo espa\u00f1ol en el sahara occidental y en la zona sur del protectorado espa\u00f1ol en marruecos, 1885-1945\u00bb <\/li>\n<li><strong>Autor:<\/strong>\u00a0 Jes\u00fas Martinez Milan <\/li>\n<li><strong>Universidad:<\/strong>\u00a0 Nacional de educaci\u00f3n a distancia<\/li>\n<li><strong>Fecha de lectura de la tesis:<\/strong>\u00a0 12\/09\/2000<\/li>\n<\/ul>\n<p>&nbsp;<\/p>\n<h3>Direcci\u00f3n y tribunal<\/h3>\n<ul>\n<li><strong>Director de la tesis<\/strong>\n<ul>\n<li>Victor Morales Lezcano<\/li>\n<\/ul>\n<\/li>\n<li><strong>Tribunal<\/strong>\n<ul>\n<li>Presidente del tribunal: javier Tusell g\u00f3mez <\/li>\n<li>Juan Bautista vilar (vocal)<\/li>\n<li>bernabe Lopez (vocal)<\/li>\n<li>  (vocal)<\/li>\n<\/ul>\n<\/li>\n<\/ul>\n<p>&nbsp;<\/p>\n","protected":false},"excerpt":{"rendered":"<p>Tesis doctoral de Jes\u00fas Martinez Milan Aborda el estudio del colonialismo espa\u00f1ol en la antigua zona sur del protectorado espa\u00f1ol [&hellip;]<\/p>\n","protected":false},"author":1,"featured_media":0,"comment_status":"open","ping_status":"open","sticky":false,"template":"","format":"standard","meta":{"site-sidebar-layout":"default","site-content-layout":"","ast-site-content-layout":"","site-content-style":"default","site-sidebar-style":"default","ast-global-header-display":"","ast-banner-title-visibility":"","ast-main-header-display":"","ast-hfb-above-header-display":"","ast-hfb-below-header-display":"","ast-hfb-mobile-header-display":"","site-post-title":"","ast-breadcrumbs-content":"","ast-featured-img":"","footer-sml-layout":"","theme-transparent-header-meta":"","adv-header-id-meta":"","stick-header-meta":"","header-above-stick-meta":"","header-main-stick-meta":"","header-below-stick-meta":"","astra-migrate-meta-layouts":"default","ast-page-background-enabled":"default","ast-page-background-meta":{"desktop":{"background-color":"var(--ast-global-color-4)","background-image":"","background-repeat":"repeat","background-position":"center center","background-size":"auto","background-attachment":"scroll","background-type":"","background-media":"","overlay-type":"","overlay-color":"","overlay-gradient":""},"tablet":{"background-color":"","background-image":"","background-repeat":"repeat","background-position":"center center","background-size":"auto","background-attachment":"scroll","background-type":"","background-media":"","overlay-type":"","overlay-color":"","overlay-gradient":""},"mobile":{"background-color":"","background-image":"","background-repeat":"repeat","background-position":"center center","background-size":"auto","background-attachment":"scroll","background-type":"","background-media":"","overlay-type":"","overlay-color":"","overlay-gradient":""}},"ast-content-background-meta":{"desktop":{"background-color":"var(--ast-global-color-5)","background-image":"","background-repeat":"repeat","background-position":"center center","background-size":"auto","background-attachment":"scroll","background-type":"","background-media":"","overlay-type":"","overlay-color":"","overlay-gradient":""},"tablet":{"background-color":"var(--ast-global-color-5)","background-image":"","background-repeat":"repeat","background-position":"center center","background-size":"auto","background-attachment":"scroll","background-type":"","background-media":"","overlay-type":"","overlay-color":"","overlay-gradient":""},"mobile":{"background-color":"var(--ast-global-color-5)","background-image":"","background-repeat":"repeat","background-position":"center center","background-size":"auto","background-attachment":"scroll","background-type":"","background-media":"","overlay-type":"","overlay-color":"","overlay-gradient":""}},"footnotes":""},"categories":[104,1816,220,17070],"tags":[87517,15559,181260,8660,15027],"class_list":["post-86316","post","type-post","status-publish","format-standard","hentry","category-historia","category-historia-contemporanea","category-historia-por-epocas","category-nacional-de-educacion-a-distancia","tag-bernabe-lopez","tag-javier-tusell-gomez","tag-jesus-Martinez-milan","tag-juan-bautista-vilar","tag-victor-morales-lezcano"],"_links":{"self":[{"href":"https:\/\/www.deberes.net\/tesis\/wp-json\/wp\/v2\/posts\/86316","targetHints":{"allow":["GET"]}}],"collection":[{"href":"https:\/\/www.deberes.net\/tesis\/wp-json\/wp\/v2\/posts"}],"about":[{"href":"https:\/\/www.deberes.net\/tesis\/wp-json\/wp\/v2\/types\/post"}],"author":[{"embeddable":true,"href":"https:\/\/www.deberes.net\/tesis\/wp-json\/wp\/v2\/users\/1"}],"replies":[{"embeddable":true,"href":"https:\/\/www.deberes.net\/tesis\/wp-json\/wp\/v2\/comments?post=86316"}],"version-history":[{"count":0,"href":"https:\/\/www.deberes.net\/tesis\/wp-json\/wp\/v2\/posts\/86316\/revisions"}],"wp:attachment":[{"href":"https:\/\/www.deberes.net\/tesis\/wp-json\/wp\/v2\/media?parent=86316"}],"wp:term":[{"taxonomy":"category","embeddable":true,"href":"https:\/\/www.deberes.net\/tesis\/wp-json\/wp\/v2\/categories?post=86316"},{"taxonomy":"post_tag","embeddable":true,"href":"https:\/\/www.deberes.net\/tesis\/wp-json\/wp\/v2\/tags?post=86316"}],"curies":[{"name":"wp","href":"https:\/\/api.w.org\/{rel}","templated":true}]}}