{"id":86342,"date":"2018-03-10T00:10:54","date_gmt":"2018-03-10T00:10:54","guid":{"rendered":"https:\/\/www.deberes.net\/tesis\/sin-categoria\/evaluacion-de-un-programa-de-intervencion-para-el-desarrollo-de-habilidades-metacognitivas-en-alumnos-de-formacion-profesional\/"},"modified":"2018-03-10T00:10:54","modified_gmt":"2018-03-10T00:10:54","slug":"evaluacion-de-un-programa-de-intervencion-para-el-desarrollo-de-habilidades-metacognitivas-en-alumnos-de-formacion-profesional","status":"publish","type":"post","link":"https:\/\/www.deberes.net\/tesis\/psicologia\/evaluacion-de-un-programa-de-intervencion-para-el-desarrollo-de-habilidades-metacognitivas-en-alumnos-de-formacion-profesional\/","title":{"rendered":"Evaluaci\u00f3n de un programa de intervenci\u00f3n para el desarrollo de habilidades metacognitivas en alumnos de formaci\u00f3n profesional."},"content":{"rendered":"<h2>Tesis doctoral de <strong> Pedro Allueva Torres <\/strong><\/h2>\n<p>La tesis parte de que \u00abla falta de habilidades metacognitivas en alumnos de formaci\u00f3n profesional lleva consigo un menor desarrollo y aprovechamiento de sus capacidades\u00bb y plantea el objetivo general de \u00abdise\u00f1ar, aplicar y evaluar un programa de intervenci\u00f3n para el desarrollo de habilidades metacognitivas en alumnos de formaci\u00f3n profesional\u00bb, para as\u00ed llegar a \u00abtrazar una posible l\u00ednea de realizaci\u00f3n de programas para el desarrollo de habilidades metacognitivas\u00bb.  las principales condiciones que debe reunir el programa son: que se desarrolle en el \u00e1rea tecnol\u00f3gica de un grupo de formaci\u00f3n profesional; que se desarrolle en el ambiente natural del aula, siempre que sea posible, dentro de la actividad que realizan en las distintas materias del \u00e1rea tecnol\u00f3gica; que al profesor\/es de las asignaturas en que se aplica el programa se le\/s forme en el desarrollo de habilidades metacognitivas, ya que forman parte integrante del mismo.  el programa consta de diez ejercicios. Con anterioridad y posterioridad al mismo se realizan las pruebas inicial y final para conocer el desarrollo metacognitivo del alumno.  de los resultados obtenidos se puede deducir, que si dise\u00f1amos y aplicamos un programa para la intervenci\u00f3n en el desarrollo de habilidades metacognitivas, aprovechando las condiciones naturales del aula en las que se incluyen el profesor, las materias de estudio, el lugar f\u00edsico, la hora de clase, etec., Obtendremos resultados satisfactorios. Adem\u00e1s de aprovechar las condiciones naturales, se debe realizar una observaci\u00f3n sistem\u00e1tica con un tratamiento adecuado de los datos.  de gran importancia son las implicaciones educativas que pueden tener estos programas, ya que puden ayudar a los alumnos a realizar un mayor aprovechamiento de sus capacidades autorregulando sus cogniciones con la utilizaci\u00f3n de estrategias metacognitivas. A sus vez, puede influir positivamente en el aumento de la motivaci\u00f3n, la autoestima, mayor<\/p>\n<p>&nbsp;<\/p>\n<h3>Datos acad\u00e9micos de la tesis doctoral \u00ab<strong>Evaluaci\u00f3n de un programa de intervenci\u00f3n para el desarrollo de habilidades metacognitivas en alumnos de formaci\u00f3n profesional.<\/strong>\u00ab<\/h3>\n<ul>\n<li><strong>T\u00edtulo de la tesis:<\/strong>\u00a0 Evaluaci\u00f3n de un programa de intervenci\u00f3n para el desarrollo de habilidades metacognitivas en alumnos de formaci\u00f3n profesional. <\/li>\n<li><strong>Autor:<\/strong>\u00a0 Pedro Allueva Torres <\/li>\n<li><strong>Universidad:<\/strong>\u00a0 Zaragoza<\/li>\n<li><strong>Fecha de lectura de la tesis:<\/strong>\u00a0 14\/09\/2000<\/li>\n<\/ul>\n<p>&nbsp;<\/p>\n<h3>Direcci\u00f3n y tribunal<\/h3>\n<ul>\n<li><strong>Director de la tesis<\/strong>\n<ul>\n<li>Mar\u00eda  Luisa Herrero Nivela<\/li>\n<\/ul>\n<\/li>\n<li><strong>Tribunal<\/strong>\n<ul>\n<li>Presidente del tribunal: Mar\u00eda teresa Anguera argilaga <\/li>\n<li>Juan  ramon Soler santaliestra (vocal)<\/li>\n<li>angel Blanco villase\u00f1or (vocal)<\/li>\n<li>salvador Chacon moscoso (vocal)<\/li>\n<\/ul>\n<\/li>\n<\/ul>\n<p>&nbsp;<\/p>\n","protected":false},"excerpt":{"rendered":"<p>Tesis doctoral de Pedro Allueva Torres La tesis parte de que \u00abla falta de habilidades metacognitivas en alumnos de formaci\u00f3n [&hellip;]<\/p>\n","protected":false},"author":1,"featured_media":0,"comment_status":"open","ping_status":"open","sticky":false,"template":"","format":"standard","meta":{"site-sidebar-layout":"default","site-content-layout":"","ast-site-content-layout":"","site-content-style":"default","site-sidebar-style":"default","ast-global-header-display":"","ast-banner-title-visibility":"","ast-main-header-display":"","ast-hfb-above-header-display":"","ast-hfb-below-header-display":"","ast-hfb-mobile-header-display":"","site-post-title":"","ast-breadcrumbs-content":"","ast-featured-img":"","footer-sml-layout":"","theme-transparent-header-meta":"","adv-header-id-meta":"","stick-header-meta":"","header-above-stick-meta":"","header-main-stick-meta":"","header-below-stick-meta":"","astra-migrate-meta-layouts":"default","ast-page-background-enabled":"default","ast-page-background-meta":{"desktop":{"background-color":"var(--ast-global-color-4)","background-image":"","background-repeat":"repeat","background-position":"center center","background-size":"auto","background-attachment":"scroll","background-type":"","background-media":"","overlay-type":"","overlay-color":"","overlay-gradient":""},"tablet":{"background-color":"","background-image":"","background-repeat":"repeat","background-position":"center center","background-size":"auto","background-attachment":"scroll","background-type":"","background-media":"","overlay-type":"","overlay-color":"","overlay-gradient":""},"mobile":{"background-color":"","background-image":"","background-repeat":"repeat","background-position":"center center","background-size":"auto","background-attachment":"scroll","background-type":"","background-media":"","overlay-type":"","overlay-color":"","overlay-gradient":""}},"ast-content-background-meta":{"desktop":{"background-color":"var(--ast-global-color-5)","background-image":"","background-repeat":"repeat","background-position":"center center","background-size":"auto","background-attachment":"scroll","background-type":"","background-media":"","overlay-type":"","overlay-color":"","overlay-gradient":""},"tablet":{"background-color":"var(--ast-global-color-5)","background-image":"","background-repeat":"repeat","background-position":"center center","background-size":"auto","background-attachment":"scroll","background-type":"","background-media":"","overlay-type":"","overlay-color":"","overlay-gradient":""},"mobile":{"background-color":"var(--ast-global-color-5)","background-image":"","background-repeat":"repeat","background-position":"center center","background-size":"auto","background-attachment":"scroll","background-type":"","background-media":"","overlay-type":"","overlay-color":"","overlay-gradient":""}},"footnotes":""},"categories":[6020,1175,1141,7302,324,970,460,5174,1341,13610],"tags":[25986,104856,19709,1179,143050,51665],"class_list":["post-86342","post","type-post","status-publish","format-standard","hentry","category-evaluacion-de-alumnos","category-evaluacion-y-diagnostico-en-psicologia","category-pedagogia","category-procesos-cognitivos","category-psicologia","category-psicologia-del-nino-y-del-adolescente","category-psicologia-escolar","category-psicopedagogia","category-teoria-y-metodos-educativos","category-zaragoza","tag-angel-blanco-villasenor","tag-juan-ramon-soler-santaliestra","tag-maria-luisa-herrero-nivela","tag-maria-teresa-anguera-argilaga","tag-pedro-allueva-torres","tag-salvador-chacon-moscoso"],"_links":{"self":[{"href":"https:\/\/www.deberes.net\/tesis\/wp-json\/wp\/v2\/posts\/86342","targetHints":{"allow":["GET"]}}],"collection":[{"href":"https:\/\/www.deberes.net\/tesis\/wp-json\/wp\/v2\/posts"}],"about":[{"href":"https:\/\/www.deberes.net\/tesis\/wp-json\/wp\/v2\/types\/post"}],"author":[{"embeddable":true,"href":"https:\/\/www.deberes.net\/tesis\/wp-json\/wp\/v2\/users\/1"}],"replies":[{"embeddable":true,"href":"https:\/\/www.deberes.net\/tesis\/wp-json\/wp\/v2\/comments?post=86342"}],"version-history":[{"count":0,"href":"https:\/\/www.deberes.net\/tesis\/wp-json\/wp\/v2\/posts\/86342\/revisions"}],"wp:attachment":[{"href":"https:\/\/www.deberes.net\/tesis\/wp-json\/wp\/v2\/media?parent=86342"}],"wp:term":[{"taxonomy":"category","embeddable":true,"href":"https:\/\/www.deberes.net\/tesis\/wp-json\/wp\/v2\/categories?post=86342"},{"taxonomy":"post_tag","embeddable":true,"href":"https:\/\/www.deberes.net\/tesis\/wp-json\/wp\/v2\/tags?post=86342"}],"curies":[{"name":"wp","href":"https:\/\/api.w.org\/{rel}","templated":true}]}}