{"id":86400,"date":"2018-03-10T00:10:58","date_gmt":"2018-03-10T00:10:58","guid":{"rendered":"https:\/\/www.deberes.net\/tesis\/sin-categoria\/el-lugar-de-la-alteridad-en-la-fenomenologa%c2%ada-trascendental-escepticismo-solipsismo-nonadologia\/"},"modified":"2018-03-10T00:10:58","modified_gmt":"2018-03-10T00:10:58","slug":"el-lugar-de-la-alteridad-en-la-fenomenologa%c2%ada-trascendental-escepticismo-solipsismo-nonadologia","status":"publish","type":"post","link":"https:\/\/www.deberes.net\/tesis\/filosofia\/el-lugar-de-la-alteridad-en-la-fenomenologa%c2%ada-trascendental-escepticismo-solipsismo-nonadologia\/","title":{"rendered":"El lugar de la alteridad en la fenomenolog\u00eda trascendental. escepticismo, solipsismo, nonadolog\u00eda."},"content":{"rendered":"<h2>Tesis doctoral de <strong> Andr\u00e9s Sim\u00f3n Lorda <\/strong><\/h2>\n<p>El imperativo \u00abcon\u00f3cete a ti mismo\u00bb, que el di\u00e1logo ap\u00f3crifo alcib\u00edades i, presenta con la m\u00e1xima que orientaba la vida de s\u00f3crates se ha considerado cl\u00e1sicamente como la mejor f\u00f3rmula para expresar la b\u00fasqueda de la ver dad, y por tanto para expresar la esencia de la filosof\u00eda. Una lectura precipitada de esta divisa puede conducir a la idea de que no hay unlugar importante para la alteridad en la construcci\u00f3n de la filosof\u00eda.  la fenomenolog\u00eda trascendental desarrollada por edmund hussed en el primer tercio del siglo xx es el marco filos\u00f3fico ideal  para una investigaci\u00f3n sobre el lugar de la alteridad en la filosof\u00eda, pues la finomenolog\u00eda trascendental ha sabido renovar como nunca hasta entonces el impulso socr\u00e1tico de b\u00fasqueda de la verdad. Con tal fin ha elaborado un nuevo m\u00e9todo de estudio del s\u00ed mismo: la reducci\u00f3n trascendental, que ha permitido por vez primera descubrir y estudiar la subjetividad trascendental.  la primera parte del trabajo estudia en una reflexi\u00f3n de car\u00e1cter sistem\u00e1tico c\u00f3mo se ejecuta la reducci\u00f3n y qu\u00e9 papel le corresponde a la experiencia del otro en la realizaci\u00f3n de la reducci\u00f3n. El resultado es que la reducci\u00f3n fenomenol\u00f3gica, lejos de encerrarme en mi sujetividad trascendental y convertir la filosof\u00eda en egolog\u00eda trascendental, s\u00f3lo se lleva a cabo plenamente cuando, gracias a la experiencia del otro que me encuentro como un factum en mi subjetividad, alcanzo a descubrir el \u00e1mbito trascendental como uno intersubjetivo.  la segunda parte estudia le experiencia trascendental del otro en s\u00ed misma. La exposici\u00f3ndesarrollada toma un hilo conductor de car\u00e1cter hist\u00f3rico que lleva a dividir las investigaciones de husserl en dos grandes bloques que tienen el a\u00f1o 1929 como punto de divisi\u00f3n.  el grupo de estudios elabroados hasta 1929 descubre que es imposible intentar dar cuenta de la alteridad desde la sola subjetividad trascendental, puesto que \u00e9sta es esencialmen<\/p>\n<p>&nbsp;<\/p>\n<h3>Datos acad\u00e9micos de la tesis doctoral \u00ab<strong>El lugar de la alteridad en la fenomenolog\u00eda trascendental. escepticismo, solipsismo, nonadolog\u00eda.<\/strong>\u00ab<\/h3>\n<ul>\n<li><strong>T\u00edtulo de la tesis:<\/strong>\u00a0 El lugar de la alteridad en la fenomenolog\u00eda trascendental. escepticismo, solipsismo, nonadolog\u00eda. <\/li>\n<li><strong>Autor:<\/strong>\u00a0 Andr\u00e9s Sim\u00f3n Lorda <\/li>\n<li><strong>Universidad:<\/strong>\u00a0 Complutense de Madrid<\/li>\n<li><strong>Fecha de lectura de la tesis:<\/strong>\u00a0 18\/09\/2000<\/li>\n<\/ul>\n<p>&nbsp;<\/p>\n<h3>Direcci\u00f3n y tribunal<\/h3>\n<ul>\n<li><strong>Director de la tesis<\/strong>\n<ul>\n<li>bar\u00f3 Lopez Garcia<\/li>\n<\/ul>\n<\/li>\n<li><strong>Tribunal<\/strong>\n<ul>\n<li>Presidente del tribunal: ram\u00f3n Rodr\u00edguez garcia <\/li>\n<li>agustin Serrano de haro Martinez (vocal)<\/li>\n<li> Palacios Garc\u00eda Juan  Miguel (vocal)<\/li>\n<li>c\u00e9sar Moreno m\u00e1rquez (vocal)<\/li>\n<\/ul>\n<\/li>\n<\/ul>\n<p>&nbsp;<\/p>\n","protected":false},"excerpt":{"rendered":"<p>Tesis doctoral de Andr\u00e9s Sim\u00f3n Lorda El imperativo \u00abcon\u00f3cete a ti mismo\u00bb, que el di\u00e1logo ap\u00f3crifo alcib\u00edades i, presenta con [&hellip;]<\/p>\n","protected":false},"author":1,"featured_media":0,"comment_status":"open","ping_status":"open","sticky":false,"template":"","format":"standard","meta":{"site-sidebar-layout":"default","site-content-layout":"","ast-site-content-layout":"","site-content-style":"default","site-sidebar-style":"default","ast-global-header-display":"","ast-banner-title-visibility":"","ast-main-header-display":"","ast-hfb-above-header-display":"","ast-hfb-below-header-display":"","ast-hfb-mobile-header-display":"","site-post-title":"","ast-breadcrumbs-content":"","ast-featured-img":"","footer-sml-layout":"","theme-transparent-header-meta":"","adv-header-id-meta":"","stick-header-meta":"","header-above-stick-meta":"","header-main-stick-meta":"","header-below-stick-meta":"","astra-migrate-meta-layouts":"default","ast-page-background-enabled":"default","ast-page-background-meta":{"desktop":{"background-color":"var(--ast-global-color-4)","background-image":"","background-repeat":"repeat","background-position":"center center","background-size":"auto","background-attachment":"scroll","background-type":"","background-media":"","overlay-type":"","overlay-color":"","overlay-gradient":""},"tablet":{"background-color":"","background-image":"","background-repeat":"repeat","background-position":"center center","background-size":"auto","background-attachment":"scroll","background-type":"","background-media":"","overlay-type":"","overlay-color":"","overlay-gradient":""},"mobile":{"background-color":"","background-image":"","background-repeat":"repeat","background-position":"center center","background-size":"auto","background-attachment":"scroll","background-type":"","background-media":"","overlay-type":"","overlay-color":"","overlay-gradient":""}},"ast-content-background-meta":{"desktop":{"background-color":"var(--ast-global-color-5)","background-image":"","background-repeat":"repeat","background-position":"center center","background-size":"auto","background-attachment":"scroll","background-type":"","background-media":"","overlay-type":"","overlay-color":"","overlay-gradient":""},"tablet":{"background-color":"var(--ast-global-color-5)","background-image":"","background-repeat":"repeat","background-position":"center center","background-size":"auto","background-attachment":"scroll","background-type":"","background-media":"","overlay-type":"","overlay-color":"","overlay-gradient":""},"mobile":{"background-color":"var(--ast-global-color-5)","background-image":"","background-repeat":"repeat","background-position":"center center","background-size":"auto","background-attachment":"scroll","background-type":"","background-media":"","overlay-type":"","overlay-color":"","overlay-gradient":""}},"footnotes":""},"categories":[165,956],"tags":[51043,181398,51041,61685,1063,6319],"class_list":["post-86400","post","type-post","status-publish","format-standard","hentry","category-filosofia","category-filosofia-del-conocimiento","tag-agustin-serrano-de-haro-Martinez","tag-andres-simon-lorda","tag-baro-lopez-garcia","tag-cesar-moreno-marquez","tag-palacios-garcia-juan-miguel","tag-ramon-rodriguez-garcia"],"_links":{"self":[{"href":"https:\/\/www.deberes.net\/tesis\/wp-json\/wp\/v2\/posts\/86400","targetHints":{"allow":["GET"]}}],"collection":[{"href":"https:\/\/www.deberes.net\/tesis\/wp-json\/wp\/v2\/posts"}],"about":[{"href":"https:\/\/www.deberes.net\/tesis\/wp-json\/wp\/v2\/types\/post"}],"author":[{"embeddable":true,"href":"https:\/\/www.deberes.net\/tesis\/wp-json\/wp\/v2\/users\/1"}],"replies":[{"embeddable":true,"href":"https:\/\/www.deberes.net\/tesis\/wp-json\/wp\/v2\/comments?post=86400"}],"version-history":[{"count":0,"href":"https:\/\/www.deberes.net\/tesis\/wp-json\/wp\/v2\/posts\/86400\/revisions"}],"wp:attachment":[{"href":"https:\/\/www.deberes.net\/tesis\/wp-json\/wp\/v2\/media?parent=86400"}],"wp:term":[{"taxonomy":"category","embeddable":true,"href":"https:\/\/www.deberes.net\/tesis\/wp-json\/wp\/v2\/categories?post=86400"},{"taxonomy":"post_tag","embeddable":true,"href":"https:\/\/www.deberes.net\/tesis\/wp-json\/wp\/v2\/tags?post=86400"}],"curies":[{"name":"wp","href":"https:\/\/api.w.org\/{rel}","templated":true}]}}