{"id":86433,"date":"2018-03-10T00:11:03","date_gmt":"2018-03-10T00:11:03","guid":{"rendered":"https:\/\/www.deberes.net\/tesis\/sin-categoria\/la-edad-media-y-su-presencia-en-la-literatura-el-arte-y-el-pensamiento-espanoles-entre-1860-y-1890\/"},"modified":"2018-03-10T00:11:03","modified_gmt":"2018-03-10T00:11:03","slug":"la-edad-media-y-su-presencia-en-la-literatura-el-arte-y-el-pensamiento-espanoles-entre-1860-y-1890","status":"publish","type":"post","link":"https:\/\/www.deberes.net\/tesis\/historia\/la-edad-media-y-su-presencia-en-la-literatura-el-arte-y-el-pensamiento-espanoles-entre-1860-y-1890\/","title":{"rendered":"La edad media y su presencia en la literatura, el arte y el pensamiento espa\u00f1oles entre 1860 y 1890."},"content":{"rendered":"<h2>Tesis doctoral de <strong> Rebeca Sanmartin Bastida <\/strong><\/h2>\n<p>El romanticismo no supuso el fin del inter\u00e9s por la edad media. En el arte, la historia, la m\u00fasica y el mundo de las letras, la corriente medieval sigui\u00f3 vigente hasta finales del siglo xix dentro del \u00e1mbito europeo.  este aprecio por lo medieval es f\u00e1cil de comprobar en los estudios fundamentales que sobre la literatura espa\u00f1ola del medievo se hcieron el el \u00faltimo tercio del siglo xix, como la historia cr\u00edtica de la literatura espa\u00f1ola de j. amador de los r\u00edos, la antolog\u00eda de poetas l\u00edricos castellanos de men\u00e9ndez pelayo, los tomos que la biblioteca de aurtores espa\u00f1oles dedica a autores medievales y los primeros trabajos de ram\u00f3n men\u00e9ndez pidal.  a trav\u00e9s de romances, dramas, novelas hist\u00f3ricas o folletinescas, art\u00edculos period\u00edsticos , impresiones paleogr\u00e1ficas y ensayos filol\u00f3gicos, es posible reastrear las huellas del medievo en estos a\u00f1os.  particularmente interesante es contrastar las diferencias en el tratamiento de la edad media en la \u00e9poca rom\u00e1ntica, realista o modernista. Tras una larga explotaci\u00f3n ram\u00e1ntica, el medievalismo evoluciona hacia la representaci\u00f3n psicologista y arquol\u00f3gica, descarnada y cr\u00edtica del realismo\/naturalismo,para m\u00e1s tarde, hacia finales del siglo y con el advenimiento del modernismo, derivar hacia la m\u00e1s pura recreaci\u00f3ngestual: el argumento deja de tener una significaci\u00f3n funcional y se convierte en escusa para la presentaci\u00f3n de unos valores est\u00e9ticos o simbolistas.  la visi\u00f3n cintificista y desmitificadora del medievo del realismo desembocar\u00e1 en la correinte modernista, sin que en su camino falten ni el humor ni el didactismo de moraleja, refejados sobre todo en las composiciones poem\u00e1ticas. durante esta evoluci\u00f3m, el medievalismo ir\u00e1 perdiendo fuerza idol\u00f3gica para trasnformase en tema est\u00e9tico, y como consecuencia de ello se produce una cierta teatralizaci\u00f3n, hacia un medievo manierista de gestos e im\u00e1genes descontextualizados donde no importa la verac<\/p>\n<p>&nbsp;<\/p>\n<h3>Datos acad\u00e9micos de la tesis doctoral \u00ab<strong>La edad media y su presencia en la literatura, el arte y el pensamiento espa\u00f1oles entre 1860 y 1890.<\/strong>\u00ab<\/h3>\n<ul>\n<li><strong>T\u00edtulo de la tesis:<\/strong>\u00a0 La edad media y su presencia en la literatura, el arte y el pensamiento espa\u00f1oles entre 1860 y 1890. <\/li>\n<li><strong>Autor:<\/strong>\u00a0 Rebeca Sanmartin Bastida <\/li>\n<li><strong>Universidad:<\/strong>\u00a0 Complutense de Madrid<\/li>\n<li><strong>Fecha de lectura de la tesis:<\/strong>\u00a0 19\/09\/2000<\/li>\n<\/ul>\n<p>&nbsp;<\/p>\n<h3>Direcci\u00f3n y tribunal<\/h3>\n<ul>\n<li><strong>Director de la tesis<\/strong>\n<ul>\n<li>Angel Gomez Moreno<\/li>\n<\/ul>\n<\/li>\n<li><strong>Tribunal<\/strong>\n<ul>\n<li>Presidente del tribunal: Francisco L\u00f3pez estrada <\/li>\n<li>joaquin Alvarez barrientos (vocal)<\/li>\n<li>leonardo Romero tobar (vocal)<\/li>\n<li>Fernando Gomez redondeo (vocal)<\/li>\n<\/ul>\n<\/li>\n<\/ul>\n<p>&nbsp;<\/p>\n","protected":false},"excerpt":{"rendered":"<p>Tesis doctoral de Rebeca Sanmartin Bastida El romanticismo no supuso el fin del inter\u00e9s por la edad media. En el [&hellip;]<\/p>\n","protected":false},"author":1,"featured_media":0,"comment_status":"open","ping_status":"open","sticky":false,"template":"","format":"standard","meta":{"site-sidebar-layout":"default","site-content-layout":"","ast-site-content-layout":"","site-content-style":"default","site-sidebar-style":"default","ast-global-header-display":"","ast-banner-title-visibility":"","ast-main-header-display":"","ast-hfb-above-header-display":"","ast-hfb-below-header-display":"","ast-hfb-mobile-header-display":"","site-post-title":"","ast-breadcrumbs-content":"","ast-featured-img":"","footer-sml-layout":"","theme-transparent-header-meta":"","adv-header-id-meta":"","stick-header-meta":"","header-above-stick-meta":"","header-main-stick-meta":"","header-below-stick-meta":"","astra-migrate-meta-layouts":"default","ast-page-background-enabled":"default","ast-page-background-meta":{"desktop":{"background-color":"var(--ast-global-color-4)","background-image":"","background-repeat":"repeat","background-position":"center center","background-size":"auto","background-attachment":"scroll","background-type":"","background-media":"","overlay-type":"","overlay-color":"","overlay-gradient":""},"tablet":{"background-color":"","background-image":"","background-repeat":"repeat","background-position":"center center","background-size":"auto","background-attachment":"scroll","background-type":"","background-media":"","overlay-type":"","overlay-color":"","overlay-gradient":""},"mobile":{"background-color":"","background-image":"","background-repeat":"repeat","background-position":"center center","background-size":"auto","background-attachment":"scroll","background-type":"","background-media":"","overlay-type":"","overlay-color":"","overlay-gradient":""}},"ast-content-background-meta":{"desktop":{"background-color":"var(--ast-global-color-5)","background-image":"","background-repeat":"repeat","background-position":"center center","background-size":"auto","background-attachment":"scroll","background-type":"","background-media":"","overlay-type":"","overlay-color":"","overlay-gradient":""},"tablet":{"background-color":"var(--ast-global-color-5)","background-image":"","background-repeat":"repeat","background-position":"center center","background-size":"auto","background-attachment":"scroll","background-type":"","background-media":"","overlay-type":"","overlay-color":"","overlay-gradient":""},"mobile":{"background-color":"var(--ast-global-color-5)","background-image":"","background-repeat":"repeat","background-position":"center center","background-size":"auto","background-attachment":"scroll","background-type":"","background-media":"","overlay-type":"","overlay-color":"","overlay-gradient":""}},"footnotes":""},"categories":[148,147,104,713,1867,222,628],"tags":[6018,181447,719,7811,6017,181446],"class_list":["post-86433","post","type-post","status-publish","format-standard","hentry","category-analisis-literario","category-ciencias-de-las-artes-y-las-letras","category-historia","category-historia-de-la-literatura","category-historia-de-la-literatura-espanola","category-historias-especializadas","category-teoria-analisis-y-critica-literarios","tag-angel-gomez-moreno","tag-fernando-gomez-redondeo","tag-francisco-lopez-estrada","tag-joaquin-alvarez-barrientos","tag-leonardo-romero-tobar","tag-rebeca-sanmartin-bastida"],"_links":{"self":[{"href":"https:\/\/www.deberes.net\/tesis\/wp-json\/wp\/v2\/posts\/86433","targetHints":{"allow":["GET"]}}],"collection":[{"href":"https:\/\/www.deberes.net\/tesis\/wp-json\/wp\/v2\/posts"}],"about":[{"href":"https:\/\/www.deberes.net\/tesis\/wp-json\/wp\/v2\/types\/post"}],"author":[{"embeddable":true,"href":"https:\/\/www.deberes.net\/tesis\/wp-json\/wp\/v2\/users\/1"}],"replies":[{"embeddable":true,"href":"https:\/\/www.deberes.net\/tesis\/wp-json\/wp\/v2\/comments?post=86433"}],"version-history":[{"count":0,"href":"https:\/\/www.deberes.net\/tesis\/wp-json\/wp\/v2\/posts\/86433\/revisions"}],"wp:attachment":[{"href":"https:\/\/www.deberes.net\/tesis\/wp-json\/wp\/v2\/media?parent=86433"}],"wp:term":[{"taxonomy":"category","embeddable":true,"href":"https:\/\/www.deberes.net\/tesis\/wp-json\/wp\/v2\/categories?post=86433"},{"taxonomy":"post_tag","embeddable":true,"href":"https:\/\/www.deberes.net\/tesis\/wp-json\/wp\/v2\/tags?post=86433"}],"curies":[{"name":"wp","href":"https:\/\/api.w.org\/{rel}","templated":true}]}}