{"id":86444,"date":"2018-03-10T00:11:03","date_gmt":"2018-03-10T00:11:03","guid":{"rendered":"https:\/\/www.deberes.net\/tesis\/sin-categoria\/el-graffiti-evolucion-proceso-y-concepto-plastico\/"},"modified":"2018-03-10T00:11:03","modified_gmt":"2018-03-10T00:11:03","slug":"el-graffiti-evolucion-proceso-y-concepto-plastico","status":"publish","type":"post","link":"https:\/\/www.deberes.net\/tesis\/ciencias-de-las-artes-y-las-letras\/el-graffiti-evolucion-proceso-y-concepto-plastico\/","title":{"rendered":"El graffiti: evolucion, proceso y concepto plastico"},"content":{"rendered":"<h2>Tesis doctoral de <strong>  Vallejo Delgado Luis Emilio <\/strong><\/h2>\n<p>La investigaci\u00f3n plantea una l\u00ednea de objetivos coherentes y afines, al tema que es objeto de estudio. En ellos encontramos el inter\u00e9s de desentra\u00f1ar los entresijosj del graffiti en la ciudad de granada. Con este prop\u00f3sito traza una serie de planteamientos que analizan, desde un punto de vista pl\u00e1stico, los fen\u00f3menos gr\u00e1ficos, entendidos estos desde dos \u00e1ngulos:  &#8211; proceso  &#8211; concepto  el inter\u00e9s de los resultados tiene asimismo dos vertientes:  &#8211; el an\u00e1lisis desde una reflexi\u00f3n perceptiva, deparando hallazgos novedosos  &#8211; sacar a la luz, formas representacionales en un contexto sin tradici\u00f3n<\/p>\n<p>&nbsp;<\/p>\n<h3>Datos acad\u00e9micos de la tesis doctoral \u00ab<strong>El graffiti: evolucion, proceso y concepto plastico<\/strong>\u00ab<\/h3>\n<ul>\n<li><strong>T\u00edtulo de la tesis:<\/strong>\u00a0 El graffiti: evolucion, proceso y concepto plastico <\/li>\n<li><strong>Autor:<\/strong>\u00a0  Vallejo Delgado Luis Emilio <\/li>\n<li><strong>Universidad:<\/strong>\u00a0 Granada<\/li>\n<li><strong>Fecha de lectura de la tesis:<\/strong>\u00a0 20\/09\/2000<\/li>\n<\/ul>\n<p>&nbsp;<\/p>\n<h3>Direcci\u00f3n y tribunal<\/h3>\n<ul>\n<li><strong>Director de la tesis<\/strong>\n<ul>\n<li>Manuel Gomez Rivero<\/li>\n<\/ul>\n<\/li>\n<li><strong>Tribunal<\/strong>\n<ul>\n<li>Presidente del tribunal: Antonio P\u00e9rez pineda <\/li>\n<li> Carceles pascual Juan  Francisco (vocal)<\/li>\n<li> Sanchez carralero lopez Jos\u00e9 (vocal)<\/li>\n<li>Jes\u00fas Conde ayala (vocal)<\/li>\n<\/ul>\n<\/li>\n<\/ul>\n<p>&nbsp;<\/p>\n","protected":false},"excerpt":{"rendered":"<p>Tesis doctoral de Vallejo Delgado Luis Emilio La investigaci\u00f3n plantea una l\u00ednea de objetivos coherentes y afines, al tema que [&hellip;]<\/p>\n","protected":false},"author":1,"featured_media":0,"comment_status":"open","ping_status":"open","sticky":false,"template":"","format":"standard","meta":{"site-sidebar-layout":"default","site-content-layout":"","ast-site-content-layout":"","site-content-style":"default","site-sidebar-style":"default","ast-global-header-display":"","ast-banner-title-visibility":"","ast-main-header-display":"","ast-hfb-above-header-display":"","ast-hfb-below-header-display":"","ast-hfb-mobile-header-display":"","site-post-title":"","ast-breadcrumbs-content":"","ast-featured-img":"","footer-sml-layout":"","theme-transparent-header-meta":"","adv-header-id-meta":"","stick-header-meta":"","header-above-stick-meta":"","header-main-stick-meta":"","header-below-stick-meta":"","astra-migrate-meta-layouts":"default","ast-page-background-enabled":"default","ast-page-background-meta":{"desktop":{"background-color":"var(--ast-global-color-4)","background-image":"","background-repeat":"repeat","background-position":"center center","background-size":"auto","background-attachment":"scroll","background-type":"","background-media":"","overlay-type":"","overlay-color":"","overlay-gradient":""},"tablet":{"background-color":"","background-image":"","background-repeat":"repeat","background-position":"center center","background-size":"auto","background-attachment":"scroll","background-type":"","background-media":"","overlay-type":"","overlay-color":"","overlay-gradient":""},"mobile":{"background-color":"","background-image":"","background-repeat":"repeat","background-position":"center center","background-size":"auto","background-attachment":"scroll","background-type":"","background-media":"","overlay-type":"","overlay-color":"","overlay-gradient":""}},"ast-content-background-meta":{"desktop":{"background-color":"var(--ast-global-color-5)","background-image":"","background-repeat":"repeat","background-position":"center center","background-size":"auto","background-attachment":"scroll","background-type":"","background-media":"","overlay-type":"","overlay-color":"","overlay-gradient":""},"tablet":{"background-color":"var(--ast-global-color-5)","background-image":"","background-repeat":"repeat","background-position":"center center","background-size":"auto","background-attachment":"scroll","background-type":"","background-media":"","overlay-type":"","overlay-color":"","overlay-gradient":""},"mobile":{"background-color":"var(--ast-global-color-5)","background-image":"","background-repeat":"repeat","background-position":"center center","background-size":"auto","background-attachment":"scroll","background-type":"","background-media":"","overlay-type":"","overlay-color":"","overlay-gradient":""}},"footnotes":""},"categories":[147,3806,1111],"tags":[3808,66341,4370,35892,7550,181457],"class_list":["post-86444","post","type-post","status-publish","format-standard","hentry","category-ciencias-de-las-artes-y-las-letras","category-pintura","category-teoria-analisis-y-critica-de-las-bellas-artes","tag-antonio-perez-pineda","tag-carceles-pascual-juan-francisco","tag-jesus-conde-ayala","tag-manuel-gomez-rivero","tag-sanchez-carralero-lopez-jose","tag-vallejo-delgado-luis-emilio"],"_links":{"self":[{"href":"https:\/\/www.deberes.net\/tesis\/wp-json\/wp\/v2\/posts\/86444","targetHints":{"allow":["GET"]}}],"collection":[{"href":"https:\/\/www.deberes.net\/tesis\/wp-json\/wp\/v2\/posts"}],"about":[{"href":"https:\/\/www.deberes.net\/tesis\/wp-json\/wp\/v2\/types\/post"}],"author":[{"embeddable":true,"href":"https:\/\/www.deberes.net\/tesis\/wp-json\/wp\/v2\/users\/1"}],"replies":[{"embeddable":true,"href":"https:\/\/www.deberes.net\/tesis\/wp-json\/wp\/v2\/comments?post=86444"}],"version-history":[{"count":0,"href":"https:\/\/www.deberes.net\/tesis\/wp-json\/wp\/v2\/posts\/86444\/revisions"}],"wp:attachment":[{"href":"https:\/\/www.deberes.net\/tesis\/wp-json\/wp\/v2\/media?parent=86444"}],"wp:term":[{"taxonomy":"category","embeddable":true,"href":"https:\/\/www.deberes.net\/tesis\/wp-json\/wp\/v2\/categories?post=86444"},{"taxonomy":"post_tag","embeddable":true,"href":"https:\/\/www.deberes.net\/tesis\/wp-json\/wp\/v2\/tags?post=86444"}],"curies":[{"name":"wp","href":"https:\/\/api.w.org\/{rel}","templated":true}]}}