{"id":86492,"date":"2018-03-10T00:11:07","date_gmt":"2018-03-10T00:11:07","guid":{"rendered":"https:\/\/www.deberes.net\/tesis\/sin-categoria\/la-imagen-de-tartesos-en-la-histografia-espanolasiglos-xvi-xx\/"},"modified":"2018-03-10T00:11:07","modified_gmt":"2018-03-10T00:11:07","slug":"la-imagen-de-tartesos-en-la-histografia-espanolasiglos-xvi-xx","status":"publish","type":"post","link":"https:\/\/www.deberes.net\/tesis\/historia\/la-imagen-de-tartesos-en-la-histografia-espanolasiglos-xvi-xx\/","title":{"rendered":"La imagen de tartesos en la histografia espa\u00f1ola(siglos xvi-xx)"},"content":{"rendered":"<h2>Tesis doctoral de <strong> Manuel Alvaraz Marti-aguilar <\/strong><\/h2>\n<p>En este estudio se realiza un an\u00e1lisis del tratamiento de tartesos en la tradici\u00f3n historiogr\u00e1fica espa\u00f1ola, a trav\u00e9s de una contextualizaci\u00f3n del producto historiogr\u00e1fico con el paisaje sociohist\u00f3rico en el que se genera. partiendo del modelo oficial de historia de espa\u00f1a forjado en \u00e9poca de los primeros austrias se estudian los diferentes roles que tartesos, como elemento historiogr\u00e1fico, va a desempe\u00f1ando a lo largo de la historia de la cultura en espa\u00f1a. Los cap\u00edtulos finales, dedicados al tratamiento de tartesos en el siglo xx, hasta los a\u00f1os ochenta, identifican y analizan diferentes fases de la investigaci\u00f3n desde los trabajos de schulten, pasando por el desarrollo del \u00aborientalizante\u00bb los momentos de auge de la arqueolog\u00eda de campo y el normativismo y hasta la fase de renovaci\u00f3n te\u00f3rica-metodol\u00f3gica a comienzos de los ochenta.  en el apartado de conclusiones se reflexiona sobre la pervivencia de determinados t\u00f3piocs historicistas en la aproximaci\u00f3n actual al estudio de tartesos y se reivindica una nueva aproximaci\u00f3n hermen\u00e9utica a las fuentes literarias antiguas, desde criterios que integren m\u00e1s directamente el fen\u00f3meno de la presencia semita en la protohistoria peninsular como clave de interpretaci\u00f3n de los textos antiguos.<\/p>\n<p>&nbsp;<\/p>\n<h3>Datos acad\u00e9micos de la tesis doctoral \u00ab<strong>La imagen de tartesos en la histografia espa\u00f1ola(siglos xvi-xx)<\/strong>\u00ab<\/h3>\n<ul>\n<li><strong>T\u00edtulo de la tesis:<\/strong>\u00a0 La imagen de tartesos en la histografia espa\u00f1ola(siglos xvi-xx) <\/li>\n<li><strong>Autor:<\/strong>\u00a0 Manuel Alvaraz Marti-aguilar <\/li>\n<li><strong>Universidad:<\/strong>\u00a0 M\u00e1laga<\/li>\n<li><strong>Fecha de lectura de la tesis:<\/strong>\u00a0 22\/09\/2000<\/li>\n<\/ul>\n<p>&nbsp;<\/p>\n<h3>Direcci\u00f3n y tribunal<\/h3>\n<ul>\n<li><strong>Director de la tesis<\/strong>\n<ul>\n<li>Fernando Wulff Alonso<\/li>\n<\/ul>\n<\/li>\n<li><strong>Tribunal<\/strong>\n<ul>\n<li>Presidente del tribunal: Jos\u00e9 manuel Roldan hervas <\/li>\n<li>Alberto Prieto arciniega (vocal)<\/li>\n<li> Sayas abengoechea Juan  Jos\u00e9 (vocal)<\/li>\n<li>Carlos Gonzalez wagner (vocal)<\/li>\n<\/ul>\n<\/li>\n<\/ul>\n<p>&nbsp;<\/p>\n","protected":false},"excerpt":{"rendered":"<p>Tesis doctoral de Manuel Alvaraz Marti-aguilar En este estudio se realiza un an\u00e1lisis del tratamiento de tartesos en la tradici\u00f3n [&hellip;]<\/p>\n","protected":false},"author":1,"featured_media":0,"comment_status":"open","ping_status":"open","sticky":false,"template":"","format":"standard","meta":{"site-sidebar-layout":"default","site-content-layout":"","ast-site-content-layout":"","site-content-style":"default","site-sidebar-style":"default","ast-global-header-display":"","ast-banner-title-visibility":"","ast-main-header-display":"","ast-hfb-above-header-display":"","ast-hfb-below-header-display":"","ast-hfb-mobile-header-display":"","site-post-title":"","ast-breadcrumbs-content":"","ast-featured-img":"","footer-sml-layout":"","theme-transparent-header-meta":"","adv-header-id-meta":"","stick-header-meta":"","header-above-stick-meta":"","header-main-stick-meta":"","header-below-stick-meta":"","astra-migrate-meta-layouts":"default","ast-page-background-enabled":"default","ast-page-background-meta":{"desktop":{"background-color":"var(--ast-global-color-4)","background-image":"","background-repeat":"repeat","background-position":"center center","background-size":"auto","background-attachment":"scroll","background-type":"","background-media":"","overlay-type":"","overlay-color":"","overlay-gradient":""},"tablet":{"background-color":"","background-image":"","background-repeat":"repeat","background-position":"center center","background-size":"auto","background-attachment":"scroll","background-type":"","background-media":"","overlay-type":"","overlay-color":"","overlay-gradient":""},"mobile":{"background-color":"","background-image":"","background-repeat":"repeat","background-position":"center center","background-size":"auto","background-attachment":"scroll","background-type":"","background-media":"","overlay-type":"","overlay-color":"","overlay-gradient":""}},"ast-content-background-meta":{"desktop":{"background-color":"var(--ast-global-color-5)","background-image":"","background-repeat":"repeat","background-position":"center center","background-size":"auto","background-attachment":"scroll","background-type":"","background-media":"","overlay-type":"","overlay-color":"","overlay-gradient":""},"tablet":{"background-color":"var(--ast-global-color-5)","background-image":"","background-repeat":"repeat","background-position":"center center","background-size":"auto","background-attachment":"scroll","background-type":"","background-media":"","overlay-type":"","overlay-color":"","overlay-gradient":""},"mobile":{"background-color":"var(--ast-global-color-5)","background-image":"","background-repeat":"repeat","background-position":"center center","background-size":"auto","background-attachment":"scroll","background-type":"","background-media":"","overlay-type":"","overlay-color":"","overlay-gradient":""}},"footnotes":""},"categories":[1623,1624,104,569,106,220,5914,7834],"tags":[10790,90139,35233,12996,181529,97728],"class_list":["post-86492","post","type-post","status-publish","format-standard","hentry","category-arqueologia","category-ciencias-auxiliares-de-la-historia","category-historia","category-historia-antigua","category-historia-general","category-historia-por-epocas","category-historiografia","category-malaga","tag-alberto-prieto-arciniega","tag-carlos-gonzalez-wagner","tag-fernando-wulff-alonso","tag-jose-manuel-roldan-hervas","tag-manuel-alvaraz-marti-aguilar","tag-sayas-abengoechea-juan-jose"],"_links":{"self":[{"href":"https:\/\/www.deberes.net\/tesis\/wp-json\/wp\/v2\/posts\/86492","targetHints":{"allow":["GET"]}}],"collection":[{"href":"https:\/\/www.deberes.net\/tesis\/wp-json\/wp\/v2\/posts"}],"about":[{"href":"https:\/\/www.deberes.net\/tesis\/wp-json\/wp\/v2\/types\/post"}],"author":[{"embeddable":true,"href":"https:\/\/www.deberes.net\/tesis\/wp-json\/wp\/v2\/users\/1"}],"replies":[{"embeddable":true,"href":"https:\/\/www.deberes.net\/tesis\/wp-json\/wp\/v2\/comments?post=86492"}],"version-history":[{"count":0,"href":"https:\/\/www.deberes.net\/tesis\/wp-json\/wp\/v2\/posts\/86492\/revisions"}],"wp:attachment":[{"href":"https:\/\/www.deberes.net\/tesis\/wp-json\/wp\/v2\/media?parent=86492"}],"wp:term":[{"taxonomy":"category","embeddable":true,"href":"https:\/\/www.deberes.net\/tesis\/wp-json\/wp\/v2\/categories?post=86492"},{"taxonomy":"post_tag","embeddable":true,"href":"https:\/\/www.deberes.net\/tesis\/wp-json\/wp\/v2\/tags?post=86492"}],"curies":[{"name":"wp","href":"https:\/\/api.w.org\/{rel}","templated":true}]}}