{"id":86593,"date":"2018-03-10T00:11:12","date_gmt":"2018-03-10T00:11:12","guid":{"rendered":"https:\/\/www.deberes.net\/tesis\/sin-categoria\/la-relacion-laboral-especial-de-los-artistas-en-espectaculos-publicos-2\/"},"modified":"2018-03-10T00:11:12","modified_gmt":"2018-03-10T00:11:12","slug":"la-relacion-laboral-especial-de-los-artistas-en-espectaculos-publicos-2","status":"publish","type":"post","link":"https:\/\/www.deberes.net\/tesis\/ciencias-juridicas-y-derecho\/la-relacion-laboral-especial-de-los-artistas-en-espectaculos-publicos-2\/","title":{"rendered":"La relacion laboral especial de los artistas en espect\u00e1culos p\u00fablicos"},"content":{"rendered":"<h2>Tesis doctoral de <strong> Ic\u00edar Alzaga Ruiz <\/strong><\/h2>\n<p>La problem\u00e1tica de la relaci\u00f3n laboral de los artistas en espect\u00e1culos p\u00fablicos se aborda desde dos niveles b\u00e1sicos: el primero de car\u00e1cter esencialmente te\u00f3rico, trata de fijar los contornos y el fundamento de la relaci\u00f3nlaboral especial objeto de estudio.  el segundo, de car\u00e1cter esencialmente exeg\u00e9tico, consiste en el an\u00e1lisis de la normativa reglamentaria. Los apsectos diferentes que conforman la base sobre la que se ha elaborado el an\u00e1lisis exeg\u00e9tico han sido los siguientes:  1- su conceptuaci\u00f3n como relaci\u00f3n laboral de car\u00e1cter especial  2- la determinaci\u00f3n de la materia social que regula  3- an\u00e1lisis de la t\u00e9cnica jur\u00eddica empleada para su regulaci\u00f3n  4- los criterios a seguirse en el an\u00e1lisis exeg\u00e9tico de la normativa reglamentaria.  as\u00ed, una vez superadas las dificulatades iniciales para delimitar el contrato de trabajo especial de los artistas que intervienen en espect\u00e1culos p\u00fablicos, cobra sentido abordar las distintas cuestiones que integran el r\u00e9gimen jur\u00eddico de este contrato especial y particularmente temas tales como el ingreso en el trabajo art\u00edstico, las modalidades de contrataci\u00f3n, los derechos y deberes de las partes, la jornada de trabajo, las vacaciones, los permisos, las diversas formas de retribuci\u00f3n, etc.<\/p>\n<p>&nbsp;<\/p>\n<h3>Datos acad\u00e9micos de la tesis doctoral \u00ab<strong>La relacion laboral especial de los artistas en espect\u00e1culos p\u00fablicos<\/strong>\u00ab<\/h3>\n<ul>\n<li><strong>T\u00edtulo de la tesis:<\/strong>\u00a0 La relacion laboral especial de los artistas en espect\u00e1culos p\u00fablicos <\/li>\n<li><strong>Autor:<\/strong>\u00a0 Ic\u00edar Alzaga Ruiz <\/li>\n<li><strong>Universidad:<\/strong>\u00a0 Complutense de Madrid<\/li>\n<li><strong>Fecha de lectura de la tesis:<\/strong>\u00a0 27\/09\/2000<\/li>\n<\/ul>\n<p>&nbsp;<\/p>\n<h3>Direcci\u00f3n y tribunal<\/h3>\n<ul>\n<li><strong>Director de la tesis<\/strong>\n<ul>\n<li>Alfredo Montoya Melgar<\/li>\n<\/ul>\n<\/li>\n<li><strong>Tribunal<\/strong>\n<ul>\n<li>Presidente del tribunal: manuel Alonso olea <\/li>\n<li>Jaime Montalvo correa (vocal)<\/li>\n<li>Fernando Su\u00e1rez gonz\u00e1lez (vocal)<\/li>\n<li>germ\u00e1n Jos\u00e9 Barreiro gonz\u00e1lez (vocal)<\/li>\n<\/ul>\n<\/li>\n<\/ul>\n<p>&nbsp;<\/p>\n","protected":false},"excerpt":{"rendered":"<p>Tesis doctoral de Ic\u00edar Alzaga Ruiz La problem\u00e1tica de la relaci\u00f3n laboral de los artistas en espect\u00e1culos p\u00fablicos se aborda [&hellip;]<\/p>\n","protected":false},"author":1,"featured_media":0,"comment_status":"open","ping_status":"open","sticky":false,"template":"","format":"standard","meta":{"site-sidebar-layout":"default","site-content-layout":"","ast-site-content-layout":"","site-content-style":"default","site-sidebar-style":"default","ast-global-header-display":"","ast-banner-title-visibility":"","ast-main-header-display":"","ast-hfb-above-header-display":"","ast-hfb-below-header-display":"","ast-hfb-mobile-header-display":"","site-post-title":"","ast-breadcrumbs-content":"","ast-featured-img":"","footer-sml-layout":"","theme-transparent-header-meta":"","adv-header-id-meta":"","stick-header-meta":"","header-above-stick-meta":"","header-main-stick-meta":"","header-below-stick-meta":"","astra-migrate-meta-layouts":"default","ast-page-background-enabled":"default","ast-page-background-meta":{"desktop":{"background-color":"var(--ast-global-color-4)","background-image":"","background-repeat":"repeat","background-position":"center center","background-size":"auto","background-attachment":"scroll","background-type":"","background-media":"","overlay-type":"","overlay-color":"","overlay-gradient":""},"tablet":{"background-color":"","background-image":"","background-repeat":"repeat","background-position":"center center","background-size":"auto","background-attachment":"scroll","background-type":"","background-media":"","overlay-type":"","overlay-color":"","overlay-gradient":""},"mobile":{"background-color":"","background-image":"","background-repeat":"repeat","background-position":"center center","background-size":"auto","background-attachment":"scroll","background-type":"","background-media":"","overlay-type":"","overlay-color":"","overlay-gradient":""}},"ast-content-background-meta":{"desktop":{"background-color":"var(--ast-global-color-5)","background-image":"","background-repeat":"repeat","background-position":"center center","background-size":"auto","background-attachment":"scroll","background-type":"","background-media":"","overlay-type":"","overlay-color":"","overlay-gradient":""},"tablet":{"background-color":"var(--ast-global-color-5)","background-image":"","background-repeat":"repeat","background-position":"center center","background-size":"auto","background-attachment":"scroll","background-type":"","background-media":"","overlay-type":"","overlay-color":"","overlay-gradient":""},"mobile":{"background-color":"var(--ast-global-color-5)","background-image":"","background-repeat":"repeat","background-position":"center center","background-size":"auto","background-attachment":"scroll","background-type":"","background-media":"","overlay-type":"","overlay-color":"","overlay-gradient":""}},"footnotes":""},"categories":[612,2170,979,3619,3621],"tags":[5169,36066,31978,130102,17336,4929],"class_list":["post-86593","post","type-post","status-publish","format-standard","hentry","category-ciencias-juridicas-y-derecho","category-derecho-del-trabajo-y-de-la-seguridad-social","category-derecho-y-legislacion-nacionales","category-magistratura","category-organizacion-juridica","tag-alfredo-montoya-melgar","tag-fernando-suarez-gonzalez","tag-german-jose-barreiro-gonzalez","tag-iciar-alzaga-ruiz","tag-jaime-montalvo-correa","tag-manuel-alonso-olea"],"_links":{"self":[{"href":"https:\/\/www.deberes.net\/tesis\/wp-json\/wp\/v2\/posts\/86593","targetHints":{"allow":["GET"]}}],"collection":[{"href":"https:\/\/www.deberes.net\/tesis\/wp-json\/wp\/v2\/posts"}],"about":[{"href":"https:\/\/www.deberes.net\/tesis\/wp-json\/wp\/v2\/types\/post"}],"author":[{"embeddable":true,"href":"https:\/\/www.deberes.net\/tesis\/wp-json\/wp\/v2\/users\/1"}],"replies":[{"embeddable":true,"href":"https:\/\/www.deberes.net\/tesis\/wp-json\/wp\/v2\/comments?post=86593"}],"version-history":[{"count":0,"href":"https:\/\/www.deberes.net\/tesis\/wp-json\/wp\/v2\/posts\/86593\/revisions"}],"wp:attachment":[{"href":"https:\/\/www.deberes.net\/tesis\/wp-json\/wp\/v2\/media?parent=86593"}],"wp:term":[{"taxonomy":"category","embeddable":true,"href":"https:\/\/www.deberes.net\/tesis\/wp-json\/wp\/v2\/categories?post=86593"},{"taxonomy":"post_tag","embeddable":true,"href":"https:\/\/www.deberes.net\/tesis\/wp-json\/wp\/v2\/tags?post=86593"}],"curies":[{"name":"wp","href":"https:\/\/api.w.org\/{rel}","templated":true}]}}