{"id":86617,"date":"2018-03-10T00:11:16","date_gmt":"2018-03-10T00:11:16","guid":{"rendered":"https:\/\/www.deberes.net\/tesis\/sin-categoria\/causas-fa%c2%adsicas-de-la-variabilidad-espacio-temporal-del-clima-de-la-peninsula-iberica-en-escalas-interanual-a-decadal-nao-y-enso\/"},"modified":"2018-03-10T00:11:16","modified_gmt":"2018-03-10T00:11:16","slug":"causas-fa%c2%adsicas-de-la-variabilidad-espacio-temporal-del-clima-de-la-peninsula-iberica-en-escalas-interanual-a-decadal-nao-y-enso","status":"publish","type":"post","link":"https:\/\/www.deberes.net\/tesis\/ciencias-de-la-tierra-y-del-espacio\/causas-fa%c2%adsicas-de-la-variabilidad-espacio-temporal-del-clima-de-la-peninsula-iberica-en-escalas-interanual-a-decadal-nao-y-enso\/","title":{"rendered":"Causas f\u00edsicas de la variabilidad espacio-temporal del clima de la peninsula ib\u00e9rica en escalas interanual a decadal: nao y enso."},"content":{"rendered":"<h2>Tesis doctoral de <strong> Antonio  David Pozo Vazquez <\/strong><\/h2>\n<p>La tesis intenta explicar la variabilidad de la temperatura y precipitaci\u00f3n en la pen\u00ednsula ib\u00e9rica, fundamentalmente a la luz de c\u00f3mo importantes mecanismos din\u00e1micos como la oscilaci\u00f3n del atl\u00e1ntico norte(nao) y el fen\u00f3meno del ni\u00f1o(enso) afectan las condiciones atmosf\u00e9ricas sobre la regi\u00f3n. Las caracter\u00edsticas espaciales de la temperatura permiten presentar un trabajo con mayor cobertura espacial, as\u00ed se analizan los mecanismos que producen la variabilidad t\u00e9rmica de toda europa, lo cual permite a su vez comprender las especiales y variadas condiciones en la circulaci\u00f3n atmosf\u00e9rica que afectan a la peninsula ib\u00e9rica. La hip\u00f3tesis b\u00e1sica de que se parte en es que la variabilidad de las temperaturas en una regi\u00f3n en escalas interanual a decadal puede considerarse debida a dos contribuciones, una din\u00e1mica, inducida s\u00f3lo por cambios en los patrones de circulaci\u00f3n,y otra radiativa, como la producida por el efecto invernadero antropog\u00e9nico. Respecto a la precipitaci\u00f3n, \u00e9sta se ve muy influida por los cambios en los patrones de circulaci\u00f3n,mientras que los cambios por el efecto invernadero son a\u00fan controvertidos.  la tesis estudia la nao y el enso. Se optimiza un \u00edndice proxy de la nao y se estudian sus modos de variabilidad mediante el espectro wavelet y su predictabilidad usando modelos estoc\u00e1sticos. Respecto al enso, se establece un criterio para caracterizar los sucesos. El ni\u00f1o que influyen sobre el \u00e1rea del atl\u00e1ntico norte, as\u00ed como las anomal\u00edas de circulaci\u00f3n que provocan, mostr\u00e1ndose como los sucesos extremos la ni\u00f1a dan lugar a patrones parecidos a la fase extrema positiva de la nao. Destaca la capacidad predictiva de la circulaci\u00f3n el el atl\u00e1ntico norte en invierno y primavera encontrada en estas situaciones la ni\u00f1a extrema en la estaci\u00f3n anterior.  se analiza la relaci\u00f3n de las temperaturas en la pen\u00ednsula ib\u00e9rica con la nao y el enso:se muestra la compleja e inestable influencia de la<\/p>\n<p>&nbsp;<\/p>\n<h3>Datos acad\u00e9micos de la tesis doctoral \u00ab<strong>Causas f\u00edsicas de la variabilidad espacio-temporal del clima de la peninsula ib\u00e9rica en escalas interanual a decadal: nao y enso.<\/strong>\u00ab<\/h3>\n<ul>\n<li><strong>T\u00edtulo de la tesis:<\/strong>\u00a0 Causas f\u00edsicas de la variabilidad espacio-temporal del clima de la peninsula ib\u00e9rica en escalas interanual a decadal: nao y enso. <\/li>\n<li><strong>Autor:<\/strong>\u00a0 Antonio  David Pozo Vazquez <\/li>\n<li><strong>Universidad:<\/strong>\u00a0 Granada<\/li>\n<li><strong>Fecha de lectura de la tesis:<\/strong>\u00a0 28\/09\/2000<\/li>\n<\/ul>\n<p>&nbsp;<\/p>\n<h3>Direcci\u00f3n y tribunal<\/h3>\n<ul>\n<li><strong>Director de la tesis<\/strong>\n<ul>\n<li>Yolanda Castro Diez<\/li>\n<\/ul>\n<\/li>\n<li><strong>Tribunal<\/strong>\n<ul>\n<li>Presidente del tribunal: Antonio Molina cuevas <\/li>\n<li>joaquin Tovar pescador (vocal)<\/li>\n<li>Antonio Labajo salazar (vocal)<\/li>\n<li>Fernando S\u00e1nchez rodrigo (vocal)<\/li>\n<\/ul>\n<\/li>\n<\/ul>\n<p>&nbsp;<\/p>\n","protected":false},"excerpt":{"rendered":"<p>Tesis doctoral de Antonio David Pozo Vazquez La tesis intenta explicar la variabilidad de la temperatura y precipitaci\u00f3n en la [&hellip;]<\/p>\n","protected":false},"author":1,"featured_media":0,"comment_status":"open","ping_status":"open","sticky":false,"template":"","format":"standard","meta":{"site-sidebar-layout":"default","site-content-layout":"","ast-site-content-layout":"","site-content-style":"default","site-sidebar-style":"default","ast-global-header-display":"","ast-banner-title-visibility":"","ast-main-header-display":"","ast-hfb-above-header-display":"","ast-hfb-below-header-display":"","ast-hfb-mobile-header-display":"","site-post-title":"","ast-breadcrumbs-content":"","ast-featured-img":"","footer-sml-layout":"","theme-transparent-header-meta":"","adv-header-id-meta":"","stick-header-meta":"","header-above-stick-meta":"","header-main-stick-meta":"","header-below-stick-meta":"","astra-migrate-meta-layouts":"default","ast-page-background-enabled":"default","ast-page-background-meta":{"desktop":{"background-color":"var(--ast-global-color-4)","background-image":"","background-repeat":"repeat","background-position":"center center","background-size":"auto","background-attachment":"scroll","background-type":"","background-media":"","overlay-type":"","overlay-color":"","overlay-gradient":""},"tablet":{"background-color":"","background-image":"","background-repeat":"repeat","background-position":"center center","background-size":"auto","background-attachment":"scroll","background-type":"","background-media":"","overlay-type":"","overlay-color":"","overlay-gradient":""},"mobile":{"background-color":"","background-image":"","background-repeat":"repeat","background-position":"center center","background-size":"auto","background-attachment":"scroll","background-type":"","background-media":"","overlay-type":"","overlay-color":"","overlay-gradient":""}},"ast-content-background-meta":{"desktop":{"background-color":"var(--ast-global-color-5)","background-image":"","background-repeat":"repeat","background-position":"center center","background-size":"auto","background-attachment":"scroll","background-type":"","background-media":"","overlay-type":"","overlay-color":"","overlay-gradient":""},"tablet":{"background-color":"var(--ast-global-color-5)","background-image":"","background-repeat":"repeat","background-position":"center center","background-size":"auto","background-attachment":"scroll","background-type":"","background-media":"","overlay-type":"","overlay-color":"","overlay-gradient":""},"mobile":{"background-color":"var(--ast-global-color-5)","background-image":"","background-repeat":"repeat","background-position":"center center","background-size":"auto","background-attachment":"scroll","background-type":"","background-media":"","overlay-type":"","overlay-color":"","overlay-gradient":""}},"footnotes":""},"categories":[950,27,4329,12364,23950,22619,429,7200],"tags":[84653,21895,22273,4330,58900,3886],"class_list":["post-86617","post","type-post","status-publish","format-standard","hentry","category-ciencias-de-la-atmosfera","category-ciencias-de-la-tierra-y-del-espacio","category-climatologia","category-climatologia-aplicada","category-climatologia-fisica","category-dinamica-atmosferica","category-meteorologia","category-meteorologia-sinoptica","tag-antonio-david-pozo-vazquez","tag-antonio-labajo-salazar","tag-antonio-molina-cuevas","tag-fernando-sanchez-rodrigo","tag-joaquin-tovar-pescador","tag-yolanda-castro-diez"],"_links":{"self":[{"href":"https:\/\/www.deberes.net\/tesis\/wp-json\/wp\/v2\/posts\/86617","targetHints":{"allow":["GET"]}}],"collection":[{"href":"https:\/\/www.deberes.net\/tesis\/wp-json\/wp\/v2\/posts"}],"about":[{"href":"https:\/\/www.deberes.net\/tesis\/wp-json\/wp\/v2\/types\/post"}],"author":[{"embeddable":true,"href":"https:\/\/www.deberes.net\/tesis\/wp-json\/wp\/v2\/users\/1"}],"replies":[{"embeddable":true,"href":"https:\/\/www.deberes.net\/tesis\/wp-json\/wp\/v2\/comments?post=86617"}],"version-history":[{"count":0,"href":"https:\/\/www.deberes.net\/tesis\/wp-json\/wp\/v2\/posts\/86617\/revisions"}],"wp:attachment":[{"href":"https:\/\/www.deberes.net\/tesis\/wp-json\/wp\/v2\/media?parent=86617"}],"wp:term":[{"taxonomy":"category","embeddable":true,"href":"https:\/\/www.deberes.net\/tesis\/wp-json\/wp\/v2\/categories?post=86617"},{"taxonomy":"post_tag","embeddable":true,"href":"https:\/\/www.deberes.net\/tesis\/wp-json\/wp\/v2\/tags?post=86617"}],"curies":[{"name":"wp","href":"https:\/\/api.w.org\/{rel}","templated":true}]}}